
{"id":999,"date":"2019-04-07T00:00:40","date_gmt":"2019-04-06T22:00:40","guid":{"rendered":"http:\/\/www.paludzka.fara.sk\/?p=999"},"modified":"2019-04-07T00:18:25","modified_gmt":"2019-04-06T22:18:25","slug":"farske-oznamy-7-4-14-4-2019","status":"publish","type":"post","link":"http:\/\/www.paludzka.fara.sk\/?p=999","title":{"rendered":"Farsk\u00e9 oznamy 7.4.-14.4.2019"},"content":{"rendered":"<h3 style=\"text-align: center;\">Liturgick\u00fd preh\u013ead a program bohoslu\u017eieb na t\u00fd\u017ede\u0148 7.4. &#8211; 14.4.2019<\/h3>\n<p><strong>Oznamy pre farsk\u00fd kostol:<\/strong><\/p>\n<div class=\"table-responsive\">\n<table class=\"table table-bordered\" style=\"height: 216px;\">\n<thead>\n<tr>\n<th style=\"text-align: center;\">d\u00e1tum<\/th>\n<th style=\"text-align: center;\">sv. om\u0161a<\/th>\n<th style=\"text-align: center;\">liturgick\u00fd de\u0148<\/th>\n<th style=\"text-align: center;\">\u00famysel<\/th>\n<\/tr>\n<\/thead>\n<tbody>\n<tr>\n<td style=\"text-align: center;\"><strong>Nede\u013ea 7.4.<\/strong><\/td>\n<td style=\"text-align: center;\"><strong>9:30<\/strong><\/td>\n<td style=\"text-align: center;\"><b>5. p\u00f4stna nede\u013ea<\/b><\/td>\n<td style=\"text-align: center;\"><strong>za farnos\u0165<\/strong><\/td>\n<\/tr>\n<tr>\n<td style=\"text-align: center;\">Pondelok 8.4.<\/td>\n<td style=\"text-align: center;\">18:00<\/td>\n<td style=\"text-align: center;\">Pondelok po 5. p\u00f4stnej nedeli<\/td>\n<td style=\"text-align: center;\">+ Peter<\/td>\n<\/tr>\n<tr>\n<td style=\"text-align: center;\">Utorok 9.4.<\/td>\n<td style=\"text-align: center;\">18:00<\/td>\n<td style=\"text-align: center;\">Utorok po 5. p\u00f4stnej nedeli<\/td>\n<td style=\"text-align: center;\">+ Jozef<\/td>\n<\/tr>\n<tr>\n<td style=\"text-align: center;\">Streda 10.4.<\/td>\n<td style=\"text-align: center;\">18:00<\/td>\n<td style=\"text-align: center;\">Streda po 5. p\u00f4stnej nedeli<\/td>\n<td style=\"text-align: center;\">+ Mari\u00e1n a rodi\u010dia<\/td>\n<\/tr>\n<tr>\n<td style=\"text-align: center;\">\u0160tvrtok 11.4.<\/td>\n<td style=\"text-align: center;\">7:00<\/td>\n<td style=\"text-align: center;\">\u0160tvrtok po 5. p\u00f4stnej nedeli<\/td>\n<td style=\"text-align: center;\">+ Anton, Jozef, J\u00e1n, Viera<\/td>\n<\/tr>\n<tr>\n<td style=\"text-align: center;\">Piatok 12.4.<\/td>\n<td style=\"text-align: center;\">18:00<\/td>\n<td style=\"text-align: center;\">Piatok po 5. p\u00f4stnej nedeli<\/td>\n<td style=\"text-align: center;\">+ Al\u017ebeta<\/td>\n<\/tr>\n<tr>\n<td style=\"text-align: center;\">Sobota 13.4.<\/td>\n<td style=\"text-align: center;\">8:00<\/td>\n<td style=\"text-align: center;\">Sobota po 5. p\u00f4stnej nedeli<\/td>\n<td style=\"text-align: center;\">+ Ernest, M\u00e1ria a rodi\u010dia<\/td>\n<\/tr>\n<tr>\n<td style=\"text-align: center;\"><strong>Nede\u013ea 14.4.<\/strong><\/td>\n<td style=\"text-align: center;\"><strong>9:30<\/strong><\/td>\n<td style=\"text-align: center;\"><strong>Kvetn\u00e1 nede\u013ea<\/strong><\/p>\n<p>Nede\u013ea utrpenia P\u00e1na<\/td>\n<td style=\"text-align: center;\"><b>za farnos\u0165<\/b><\/td>\n<\/tr>\n<\/tbody>\n<\/table>\n<\/div>\n<p><strong>Oznamy pre fili\u00e1lku Bodice:<\/strong><\/p>\n<div class=\"table-responsive\">\n<table class=\"table table-bordered\">\n<thead>\n<tr>\n<th style=\"text-align: center;\">d\u00e1tum<\/th>\n<th style=\"text-align: center;\">sv. om\u0161a<\/th>\n<th style=\"text-align: center;\">liturgick\u00fd de\u0148<\/th>\n<\/tr>\n<\/thead>\n<tbody>\n<tr>\n<td style=\"text-align: center;\"><strong>Nede\u013ea 7.4.<\/strong><\/td>\n<td style=\"text-align: center;\"><b>8:00<\/b><\/td>\n<td style=\"text-align: center;\"><b>5. p\u00f4stna nede\u013ea<\/b><\/td>\n<\/tr>\n<tr>\n<td style=\"text-align: center;\"><strong>Nede\u013ea 14.4.<\/strong><\/td>\n<td style=\"text-align: center;\"><strong style=\"font-family: inherit; font-size: inherit;\">8:00<\/strong><\/td>\n<td style=\"text-align: center;\"><strong>Kvetn\u00e1 nede\u013ea<\/strong><\/p>\n<p>Nede\u013ea utrpenia P\u00e1na<\/td>\n<\/tr>\n<\/tbody>\n<\/table>\n<\/div>\n<ul>\n<li>upratovanie kostola v tomto t\u00fd\u017edni: pod\u013ea <a href=\"http:\/\/www.paludzka.fara.sk\/?p=481\">rozpisu<\/a><\/li>\n<li>dnes (7.4.) bude v kostole v Pal\u00fadzke kr\u00ed\u017eov\u00e1 cesta det\u00ed o 15:00.<\/li>\n<li>v p\u00f4stnom obdob\u00ed sa budeme stret\u00e1va\u0165 pri pobo\u017enosti Kr\u00ed\u017eovej cesty v piatok o 17:30<\/li>\n<li>ve\u013ekono\u010dn\u00e1 sv\u00e4t\u00e1 spove\u010f v Pal\u00fadzke bude v piatok 15:30-17:00<\/li>\n<li>ve\u013ekono\u010dn\u00e1 sv\u00e4t\u00e1 spove\u010f v Bodiciach bude v piatok 15:30-16:30<\/li>\n<li>po\u010das piatkovej sv\u00e4tej om\u0161e v Pal\u00fadzke bude udelen\u00e9 pomazanie chor\u00fdch<\/li>\n<li>spevokol dospel\u00fdch m\u00e1 n\u00e1cvik v utorok po skon\u010den\u00ed ve\u010dernej sv\u00e4tej om\u0161e.<\/li>\n<li>zmie\u0161an\u00fd zbor m\u00e1 n\u00e1cvik v piatok po skon\u010den\u00ed ve\u010dernej sv\u00e4tej om\u0161e.<\/li>\n<li>po\u010das sv\u00e4tej om\u0161e na Kvetn\u00fa nede\u013eu bud\u00fa po\u017eehnan\u00e9 bahniatka, ratolesti, spievaj\u00fa sa pa\u0161ie.<\/li>\n<\/ul>\n","protected":false},"excerpt":{"rendered":"<p>Liturgick\u00fd preh\u013ead a program bohoslu\u017eieb na t\u00fd\u017ede\u0148 7.4. &#8211; 14.4.2019 Oznamy pre farsk\u00fd kostol: d\u00e1tum sv. om\u0161a liturgick\u00fd de\u0148 \u00famysel Nede\u013ea 7.4. 9:30 5. p\u00f4stna nede\u013ea za farnos\u0165 Pondelok 8.4. 18:00 Pondelok po 5. p\u00f4stnej nedeli + Peter Utorok 9.4. 18:00 Utorok po 5. p\u00f4stnej nedeli + Jozef Streda 10.4. 18:00 Streda po 5. p\u00f4stnej [&hellip;]<\/p>\n","protected":false},"author":1,"featured_media":0,"comment_status":"closed","ping_status":"closed","sticky":false,"template":"","format":"standard","meta":{"_links_to":"","_links_to_target":""},"categories":[4,19],"tags":[],"_links":{"self":[{"href":"http:\/\/www.paludzka.fara.sk\/index.php?rest_route=\/wp\/v2\/posts\/999"}],"collection":[{"href":"http:\/\/www.paludzka.fara.sk\/index.php?rest_route=\/wp\/v2\/posts"}],"about":[{"href":"http:\/\/www.paludzka.fara.sk\/index.php?rest_route=\/wp\/v2\/types\/post"}],"author":[{"embeddable":true,"href":"http:\/\/www.paludzka.fara.sk\/index.php?rest_route=\/wp\/v2\/users\/1"}],"replies":[{"embeddable":true,"href":"http:\/\/www.paludzka.fara.sk\/index.php?rest_route=%2Fwp%2Fv2%2Fcomments&post=999"}],"version-history":[{"count":1,"href":"http:\/\/www.paludzka.fara.sk\/index.php?rest_route=\/wp\/v2\/posts\/999\/revisions"}],"predecessor-version":[{"id":1000,"href":"http:\/\/www.paludzka.fara.sk\/index.php?rest_route=\/wp\/v2\/posts\/999\/revisions\/1000"}],"wp:attachment":[{"href":"http:\/\/www.paludzka.fara.sk\/index.php?rest_route=%2Fwp%2Fv2%2Fmedia&parent=999"}],"wp:term":[{"taxonomy":"category","embeddable":true,"href":"http:\/\/www.paludzka.fara.sk\/index.php?rest_route=%2Fwp%2Fv2%2Fcategories&post=999"},{"taxonomy":"post_tag","embeddable":true,"href":"http:\/\/www.paludzka.fara.sk\/index.php?rest_route=%2Fwp%2Fv2%2Ftags&post=999"}],"curies":[{"name":"wp","href":"https:\/\/api.w.org\/{rel}","templated":true}]}}