
{"id":987,"date":"2019-03-10T00:00:48","date_gmt":"2019-03-09T23:00:48","guid":{"rendered":"http:\/\/www.paludzka.fara.sk\/?p=987"},"modified":"2019-03-10T13:22:32","modified_gmt":"2019-03-10T12:22:32","slug":"farske-oznamy-10-3-17-3-2019","status":"publish","type":"post","link":"http:\/\/www.paludzka.fara.sk\/?p=987","title":{"rendered":"Farsk\u00e9 oznamy 10.3.-17.3.2019"},"content":{"rendered":"<h3 style=\"text-align: center;\">Liturgick\u00fd preh\u013ead a program bohoslu\u017eieb na t\u00fd\u017ede\u0148 10.3. &#8211; 17.3.2019<\/h3>\n<p><strong>Oznamy pre farsk\u00fd kostol:<\/strong><\/p>\n<div class=\"table-responsive\">\n<table class=\"table table-bordered\" style=\"height: 216px;\">\n<thead>\n<tr>\n<th>d\u00e1tum<\/th>\n<th>sv. om\u0161a<\/th>\n<th>liturgick\u00fd de\u0148<\/th>\n<th>\u00famysel<\/th>\n<\/tr>\n<\/thead>\n<tbody>\n<tr>\n<td style=\"text-align: center;\"><strong>Nede\u013ea 10.3.<\/strong><\/td>\n<td style=\"text-align: center;\"><strong>9:30<\/strong><\/td>\n<td style=\"text-align: center;\"><b>1. p\u00f4stna nede\u013ea<\/b><\/td>\n<td style=\"text-align: center;\"><strong>za farnos\u0165<\/strong><\/td>\n<\/tr>\n<tr>\n<td style=\"text-align: center;\">Pondelok 11.3.<\/td>\n<td style=\"text-align: center;\">18:00<\/td>\n<td style=\"text-align: center;\">Pondelok po 1. p\u00f4stnej nedeli<\/td>\n<td style=\"text-align: center;\">+ Jozef\u00edna<\/td>\n<\/tr>\n<tr>\n<td style=\"text-align: center;\">Utorok 12.3.<\/td>\n<td style=\"text-align: center;\">18:00<\/td>\n<td style=\"text-align: center;\">Utorok po 1. p\u00f4stnej nedeli<\/td>\n<td style=\"text-align: center;\">+ J\u00e1n, \u017dofia a rodi\u010dia<\/td>\n<\/tr>\n<tr>\n<td style=\"text-align: center;\">Streda 13.3.<\/td>\n<td style=\"text-align: center;\">18:00<\/td>\n<td style=\"text-align: center;\">Streda po 1. p\u00f4stnej nedeli<\/td>\n<td style=\"text-align: center;\">na \u00famysel<\/td>\n<\/tr>\n<tr>\n<td style=\"text-align: center;\">\u0160tvrtok 14.3.<\/td>\n<td style=\"text-align: center;\">7:00<\/td>\n<td style=\"text-align: center;\">\u0160tvrtok po 1. p\u00f4stnej nedeli<\/td>\n<td style=\"text-align: center;\">+ Karol, Marta<\/td>\n<\/tr>\n<tr>\n<td style=\"text-align: center;\">Piatok 15.3.<\/td>\n<td style=\"text-align: center;\">18:00<\/td>\n<td style=\"text-align: center;\">Piatok po 1. p\u00f4stnej nedeli<\/td>\n<td style=\"text-align: center;\">+ Pavel<\/td>\n<\/tr>\n<tr>\n<td style=\"text-align: center;\">Sobota 16.3.<\/td>\n<td style=\"text-align: center;\">8:00<\/td>\n<td style=\"text-align: center;\">Sobota po 1. p\u00f4stnej nedeli<\/td>\n<td style=\"text-align: center;\">+ Jozef, Irma, \u013dudov\u00edt<\/td>\n<\/tr>\n<tr>\n<td style=\"text-align: center;\"><strong>Nede\u013ea 17.3.<\/strong><\/td>\n<td style=\"text-align: center;\"><strong>9:30<\/strong><\/td>\n<td style=\"text-align: center;\"><strong>2. p\u00f4stna nede\u013ea<\/strong><\/td>\n<td style=\"text-align: center;\"><b>za farnos\u0165<\/b><\/td>\n<\/tr>\n<\/tbody>\n<\/table>\n<\/div>\n<p><strong>Oznamy pre fili\u00e1lku Bodice:<\/strong><\/p>\n<div class=\"table-responsive\">\n<table class=\"table table-bordered\">\n<thead>\n<tr>\n<th style=\"text-align: center;\">d\u00e1tum<\/th>\n<th style=\"text-align: center;\">sv. om\u0161a<\/th>\n<th style=\"text-align: center;\">liturgick\u00fd de\u0148<\/th>\n<\/tr>\n<\/thead>\n<tbody>\n<tr>\n<td style=\"text-align: center;\"><strong>Nede\u013ea 10.3.<\/strong><\/td>\n<td style=\"text-align: center;\"><b>8:00<\/b><\/td>\n<td style=\"text-align: center;\"><b>1. p\u00f4stna nede\u013ea<\/b><\/td>\n<\/tr>\n<tr>\n<td style=\"text-align: center;\"><strong>Nede\u013ea 17.3.<\/strong><\/td>\n<td style=\"text-align: center;\"><strong style=\"font-family: inherit; font-size: inherit;\">8:00<\/strong><\/td>\n<td style=\"text-align: center;\"><strong>2. p\u00f4stna nede\u013ea<\/strong><\/td>\n<\/tr>\n<\/tbody>\n<\/table>\n<\/div>\n<ul>\n<li>upratovanie kostola v tomto t\u00fd\u017edni: pod\u013ea <a href=\"http:\/\/www.paludzka.fara.sk\/?p=481\">rozpisu<\/a><\/li>\n<li>v p\u00f4stnom obdob\u00ed sa budeme stret\u00e1va\u0165 pri pobo\u017enosti Kr\u00ed\u017eovej cesty v piatok o 17:30<\/li>\n<li>dnes (10.3.) je jarn\u00e1 zbierka na charitu. V\u0161etk\u00fdm darcom P\u00e1n Boh zapla\u0165!<\/li>\n<li>zmie\u0161an\u00fd zbor m\u00e1 n\u00e1cvik v piatok, po skon\u010den\u00ed ve\u010dernej sv\u00e4tej om\u0161e.<\/li>\n<\/ul>\n","protected":false},"excerpt":{"rendered":"<p>Liturgick\u00fd preh\u013ead a program bohoslu\u017eieb na t\u00fd\u017ede\u0148 10.3. &#8211; 17.3.2019 Oznamy pre farsk\u00fd kostol: d\u00e1tum sv. om\u0161a liturgick\u00fd de\u0148 \u00famysel Nede\u013ea 10.3. 9:30 1. p\u00f4stna nede\u013ea za farnos\u0165 Pondelok 11.3. 18:00 Pondelok po 1. p\u00f4stnej nedeli + Jozef\u00edna Utorok 12.3. 18:00 Utorok po 1. p\u00f4stnej nedeli + J\u00e1n, \u017dofia a rodi\u010dia Streda 13.3. 18:00 Streda [&hellip;]<\/p>\n","protected":false},"author":1,"featured_media":0,"comment_status":"closed","ping_status":"closed","sticky":false,"template":"","format":"standard","meta":{"_links_to":"","_links_to_target":""},"categories":[4,19],"tags":[],"_links":{"self":[{"href":"http:\/\/www.paludzka.fara.sk\/index.php?rest_route=\/wp\/v2\/posts\/987"}],"collection":[{"href":"http:\/\/www.paludzka.fara.sk\/index.php?rest_route=\/wp\/v2\/posts"}],"about":[{"href":"http:\/\/www.paludzka.fara.sk\/index.php?rest_route=\/wp\/v2\/types\/post"}],"author":[{"embeddable":true,"href":"http:\/\/www.paludzka.fara.sk\/index.php?rest_route=\/wp\/v2\/users\/1"}],"replies":[{"embeddable":true,"href":"http:\/\/www.paludzka.fara.sk\/index.php?rest_route=%2Fwp%2Fv2%2Fcomments&post=987"}],"version-history":[{"count":1,"href":"http:\/\/www.paludzka.fara.sk\/index.php?rest_route=\/wp\/v2\/posts\/987\/revisions"}],"predecessor-version":[{"id":988,"href":"http:\/\/www.paludzka.fara.sk\/index.php?rest_route=\/wp\/v2\/posts\/987\/revisions\/988"}],"wp:attachment":[{"href":"http:\/\/www.paludzka.fara.sk\/index.php?rest_route=%2Fwp%2Fv2%2Fmedia&parent=987"}],"wp:term":[{"taxonomy":"category","embeddable":true,"href":"http:\/\/www.paludzka.fara.sk\/index.php?rest_route=%2Fwp%2Fv2%2Fcategories&post=987"},{"taxonomy":"post_tag","embeddable":true,"href":"http:\/\/www.paludzka.fara.sk\/index.php?rest_route=%2Fwp%2Fv2%2Ftags&post=987"}],"curies":[{"name":"wp","href":"https:\/\/api.w.org\/{rel}","templated":true}]}}