
{"id":9056,"date":"2026-04-12T00:00:29","date_gmt":"2026-04-11T22:00:29","guid":{"rendered":"http:\/\/www.paludzka.fara.sk\/?p=9056"},"modified":"2026-04-12T13:40:15","modified_gmt":"2026-04-12T11:40:15","slug":"farske-oznamy-12-4-19-4-2026","status":"publish","type":"post","link":"http:\/\/www.paludzka.fara.sk\/?p=9056","title":{"rendered":"Farsk\u00e9 oznamy 12.4.-19.4.2026"},"content":{"rendered":"<div class=\"table-responsive\">\n<table class=\"table table-bordered\">\n<thead>\n<tr>\n<th style=\"text-align: center; vertical-align: middle;\">De\u0148<\/th>\n<th style=\"text-align: center; vertical-align: middle;\">\u010cas<\/th>\n<th style=\"text-align: center; vertical-align: middle;\">Liturgick\u00fd kalend\u00e1r<\/th>\n<th style=\"text-align: center; vertical-align: middle;\">\u00damysel<\/th>\n<th style=\"text-align: center; vertical-align: middle;\">O\u010dak\u00e1vame<\/th>\n<\/tr>\n<\/thead>\n<tbody>\n<tr>\n<td style=\"text-align: center; vertical-align: middle;\"><strong>Nede\u013ea 12.4.<\/strong><\/td>\n<td style=\"text-align: center; vertical-align: middle;\">7:00<\/p>\n<p><strong>8:15<\/strong><\/p>\n<p>9:45<\/td>\n<td style=\"text-align: center; vertical-align: middle;\"><span style=\"color: #808000;\"><strong>2. Ve\u013ekono\u010dn\u00e1 nede\u013ea<\/strong><\/span><\/p>\n<p><span style=\"color: #808000;\">Nede\u013ea Bo\u017eieho milosrdenstva<\/span><\/td>\n<td style=\"text-align: center; vertical-align: middle;\">za veriacich<\/p>\n<p><strong>Bodice:<\/strong> na \u00famysel<\/p>\n<p>na \u00famysel ordin\u00e1ra<\/td>\n<td style=\"text-align: center; vertical-align: middle;\">pobo\u017enos\u0165 k Bo\u017eiemu milosrdenstvu o\u00a015:00<\/td>\n<\/tr>\n<tr>\n<td style=\"text-align: center; vertical-align: middle;\">Pondelok 13.4.<\/td>\n<td style=\"text-align: center; vertical-align: middle;\">18:00<\/td>\n<td style=\"text-align: center; vertical-align: middle;\"><span style=\"color: #808000;\">Pondelok po 2. ve\u013ekono\u010dnej nedeli<\/span><\/td>\n<td style=\"text-align: center; vertical-align: middle;\">za Bo\u017eie po\u017eehnanie pre rodinu Kapinayov\u00fa<\/td>\n<td style=\"text-align: center; vertical-align: middle;\"><\/td>\n<\/tr>\n<tr>\n<td style=\"text-align: center; vertical-align: middle;\">Utorok 14.4.<\/td>\n<td style=\"text-align: center; vertical-align: middle;\">18:00<\/td>\n<td style=\"text-align: center; vertical-align: middle;\"><span style=\"color: #808000;\">Utorok po 2. ve\u013ekono\u010dnej nedeli<\/span><\/td>\n<td style=\"text-align: center; vertical-align: middle;\">+ J\u00e1n a \u0160tef\u00e1nia<\/td>\n<td style=\"text-align: center; vertical-align: middle;\"><\/td>\n<\/tr>\n<tr>\n<td style=\"text-align: center; vertical-align: middle;\">Streda 15.4.<\/td>\n<td style=\"text-align: center; vertical-align: middle;\">7:00<\/td>\n<td style=\"text-align: center; vertical-align: middle;\"><span style=\"color: #808000;\">Streda po 2. ve\u013ekono\u010dnej nedeli<\/span><\/td>\n<td style=\"text-align: center; vertical-align: middle;\">za zdravie a Bo\u017eiu pomoc pre deti,<br \/>\nvn\u00fa\u010dat\u00e1 a pravn\u00fa\u010dat\u00e1<\/td>\n<td style=\"text-align: center; vertical-align: middle;\"><\/td>\n<\/tr>\n<tr>\n<td style=\"text-align: center; vertical-align: middle;\">\u0160tvrtok 16.4.<\/td>\n<td style=\"text-align: center; vertical-align: middle;\">18:00<\/td>\n<td style=\"text-align: center; vertical-align: middle;\"><span style=\"color: #808000;\">\u0160tvrtok po 2. ve\u013ekono\u010dnej nedeli<\/span><\/td>\n<td style=\"text-align: center; vertical-align: middle;\">+ Rudolf a rodi\u010dia<\/td>\n<td style=\"text-align: center; vertical-align: middle;\">ador\u00e1cia od 17:30<\/td>\n<\/tr>\n<tr>\n<td style=\"text-align: center; vertical-align: middle;\">Piatok 17.4.<\/td>\n<td style=\"text-align: center; vertical-align: middle;\">18:00<\/td>\n<td style=\"text-align: center; vertical-align: middle;\"><span style=\"color: #808000;\">Piatok po 2. ve\u013ekono\u010dnej nedeli<\/span><\/td>\n<td style=\"text-align: center; vertical-align: middle;\">za Bo\u017eie po\u017eehnanie pre rodinu darcu<\/td>\n<td style=\"text-align: center; vertical-align: middle;\">sv. om\u0161a za \u00fa\u010dasti det\u00ed<\/p>\n<p>n\u00e1cvik na 1. sv. prij\u00edmanie po sv. om\u0161i<\/td>\n<\/tr>\n<tr>\n<td style=\"text-align: center; vertical-align: middle;\">Sobota 18.4.<\/td>\n<td style=\"text-align: center; vertical-align: middle;\">8:00<\/td>\n<td style=\"text-align: center; vertical-align: middle;\"><span style=\"color: #808000;\">Sobota po 2. ve\u013ekono\u010dnej nedeli<\/span><\/td>\n<td style=\"text-align: center; vertical-align: middle;\">+ J\u00falius<\/td>\n<td style=\"text-align: center; vertical-align: middle;\"><\/td>\n<\/tr>\n<tr>\n<td style=\"text-align: center; vertical-align: middle;\"><strong>Nede\u013ea 19.4.<\/strong><\/td>\n<td style=\"text-align: center; vertical-align: middle;\">7:00<\/p>\n<p><strong>8:15<\/strong><\/p>\n<p>9:45<\/td>\n<td style=\"text-align: center; vertical-align: middle;\"><span style=\"color: #808000;\"><strong>3. ve\u013ekono\u010dn\u00e1 nede\u013ea<\/strong><\/span><\/td>\n<td style=\"text-align: center; vertical-align: middle;\">na \u00famysel ordin\u00e1ra<\/p>\n<p><strong>Bodice:<\/strong> na \u00famysel<\/p>\n<p>za veriacich<\/td>\n<td style=\"text-align: center; vertical-align: middle;\">za\u010d\u00edna sa T\u00dd\u017dDE\u0147 MODLITIEB ZA<br \/>\nDUCHOVN\u00c9 POVOLANIA<\/td>\n<\/tr>\n<\/tbody>\n<\/table>\n<\/div>\n<ul>\n<li>veriaci, ktor\u00ed sa na Druh\u00fa ve\u013ekono\u010dn\u00fa nede\u013eu, \u010di\u017ee Nede\u013eu Bo\u017eieho milosrdenstva, s du\u0161ou \u00faplne odvr\u00e1tenou od ak\u00e9hoko\u013evek hriechu, aj v\u0161edn\u00e9ho, v ktoromko\u013evek kostole, alebo kaplnke z\u00fa\u010dastnia na pobo\u017enosti ku cti Bo\u017eieho milosrdenstva, alebo aspo\u0148 pred verejne vystavenou alebo vo sv\u00e4tost\u00e1nku ulo\u017eenou Najsv\u00e4tej\u0161ou sviatos\u0165ou pomodlia Modlitbu P\u00e1na (Ot\u010de n\u00e1\u0161), vyznaj\u00fa vieru (Ver\u00edm v Boha) a pripoja n\u00e1bo\u017en\u00fa invok\u00e1ciu k milosrdn\u00e9mu Je\u017ei\u0161ovi (napr. Je\u017ei\u0161u, d\u00f4verujem Ti), m\u00f4\u017eu za obvykl\u00fdch podmienok z\u00edska\u0165 \u00fapln\u00e9 odpustky.<\/li>\n<li>bud\u00faci piatok, <strong>17.4.2026<\/strong>, bude v jubilejnom chr\u00e1me sv. Mikul\u00e1\u0161a v Liptovskom Mikul\u00e1\u0161i <strong>prv\u00fd Ve\u010der v\u010fa\u010dnosti<\/strong>. Sv. om\u0161a za\u010dne o 18:15, kazate\u013eom bude jubilejn\u00fd kazate\u013e &#8211; R\u00f3bert Slotka, far\u00e1r z Oravskej Polhory. Pri sv. om\u0161i sa m\u00f4\u017eu z\u00edska\u0165 \u00fapln\u00e9 odpustky. Po sv. om\u0161i bude e\u0161te ador\u00e1cia. Po\u010das programu si m\u00f4\u017eete zak\u00fapi\u0165 aj suven\u00edry.<\/li>\n<li>Bohuzn\u00e1mi obetovali na opravu organu 100 a 50 \u20ac. P\u00e1n Boh zapla\u0165.<\/li>\n<li>zbierka na Bo\u017e\u00ed hrob vyniesla 460,25 \u20ac. \u00daprimn\u00e9 P\u00e1n Boh zapla\u0165 v\u0161etk\u00fdm darcom. T\u00e1to zbierka sl\u00fa\u017ei na podporu kres\u0165ansk\u00fdch sv\u00e4t\u00fd\u0148 vo Sv\u00e4tej zemi.<\/li>\n<li>o upratovanie kostola pros\u00edm Vdovcov\u00fa, Bebkov\u00fa, Rybovi\u010dov\u00fa a \u0160e\u010fov\u00fa . Upratovanie bude v sobotu. P\u00e1n Boh zapla\u0165 za slu\u017ebu.<\/li>\n<\/ul>\n<p>&nbsp;<\/p>\n<p><strong>De\u0148 otvoren\u00fdch dver\u00ed v semin\u00e1ri<\/strong><\/p>\n<p>Mil\u00ed veriaci,<br \/>\npredstaven\u00ed a bohoslovci K\u0148azsk\u00e9ho semin\u00e1ra biskupa J\u00e1na Vojta\u0161\u0161\u00e1ka v\u00e1s poz\u00fdvaj\u00fa na De\u0148 otvoren\u00fdch dver\u00ed na Spi\u0161sk\u00fa Kapitulu, d\u0148a 26. apr\u00edla, v nede\u013eu Dobr\u00e9ho Pastiera. Program sa za\u010dne sv\u00e4tou om\u0161ou v Katedr\u00e1le sv\u00e4t\u00e9ho Martina o 9:00 hod. Po nej si seminaristi pre n\u00e1v\u0161tevn\u00edkov pripravili program v priestoroch semin\u00e1ra. Pre v\u0161etk\u00fdch je pripraven\u00fd obed. Srde\u010dne v\u00e1s poz\u00fdvame na miesto, kde dozrievaj\u00fa k\u0148azsk\u00e9 povolania pre cel\u00fa diec\u00e9zu.<\/p>\n<p><strong>Duchovn\u00e1 obnova pre chlapcov stredo\u0161kol\u00e1kov a vysoko\u0161kol\u00e1kov &#8211; pripomenutie podujatia<\/strong><\/p>\n<p>Poz\u00fdvame chlapcov stredo\u0161kol\u00e1kov a vysoko\u0161kol\u00e1kov na duchovn\u00fa obnovu v term\u00edne 24. &#8211; 26. apr\u00edl 2026 v K\u0148azskom semin\u00e1ri biskupa J\u00e1na Vojta\u0161\u0161\u00e1ka na Spi\u0161skej Kapitule. Ak niektor\u00fdch pozn\u00e1te, ktor\u00fdm by tak\u00e1 duchovn\u00e1 obnova mohla by\u0165 u\u017eito\u010dn\u00e1, pros\u00edme v\u00e1s, aby ste ich osobne povzbudili a povedali im o tejto mo\u017enosti.<br \/>\nPrihl\u00e1si\u0165 sa je mo\u017en\u00e9 do 19.4.2026 vyplnen\u00edm elektronickej prihl\u00e1\u0161ky: <a href=\"https:\/\/forms.gle\/waT2kCne42Sp77vY8\">https:\/\/forms.gle\/waT2kCne42Sp77vY8<\/a>. Viac info: <a href=\"https:\/\/ks.kapitula.sk\">https:\/\/ks.kapitula.sk<\/a>.<\/p>\n","protected":false},"excerpt":{"rendered":"<p>De\u0148 \u010cas Liturgick\u00fd kalend\u00e1r \u00damysel O\u010dak\u00e1vame Nede\u013ea 12.4. 7:00 8:15 9:45 2. Ve\u013ekono\u010dn\u00e1 nede\u013ea Nede\u013ea Bo\u017eieho milosrdenstva za veriacich Bodice: na \u00famysel na \u00famysel ordin\u00e1ra pobo\u017enos\u0165 k Bo\u017eiemu milosrdenstvu o\u00a015:00 Pondelok 13.4. 18:00 Pondelok po 2. ve\u013ekono\u010dnej nedeli za Bo\u017eie po\u017eehnanie pre rodinu Kapinayov\u00fa Utorok 14.4. 18:00 Utorok po 2. ve\u013ekono\u010dnej nedeli + J\u00e1n a [&hellip;]<\/p>\n","protected":false},"author":1,"featured_media":0,"comment_status":"closed","ping_status":"closed","sticky":false,"template":"","format":"standard","meta":{"_links_to":"","_links_to_target":""},"categories":[4,19],"tags":[],"_links":{"self":[{"href":"http:\/\/www.paludzka.fara.sk\/index.php?rest_route=\/wp\/v2\/posts\/9056"}],"collection":[{"href":"http:\/\/www.paludzka.fara.sk\/index.php?rest_route=\/wp\/v2\/posts"}],"about":[{"href":"http:\/\/www.paludzka.fara.sk\/index.php?rest_route=\/wp\/v2\/types\/post"}],"author":[{"embeddable":true,"href":"http:\/\/www.paludzka.fara.sk\/index.php?rest_route=\/wp\/v2\/users\/1"}],"replies":[{"embeddable":true,"href":"http:\/\/www.paludzka.fara.sk\/index.php?rest_route=%2Fwp%2Fv2%2Fcomments&post=9056"}],"version-history":[{"count":4,"href":"http:\/\/www.paludzka.fara.sk\/index.php?rest_route=\/wp\/v2\/posts\/9056\/revisions"}],"predecessor-version":[{"id":9204,"href":"http:\/\/www.paludzka.fara.sk\/index.php?rest_route=\/wp\/v2\/posts\/9056\/revisions\/9204"}],"wp:attachment":[{"href":"http:\/\/www.paludzka.fara.sk\/index.php?rest_route=%2Fwp%2Fv2%2Fmedia&parent=9056"}],"wp:term":[{"taxonomy":"category","embeddable":true,"href":"http:\/\/www.paludzka.fara.sk\/index.php?rest_route=%2Fwp%2Fv2%2Fcategories&post=9056"},{"taxonomy":"post_tag","embeddable":true,"href":"http:\/\/www.paludzka.fara.sk\/index.php?rest_route=%2Fwp%2Fv2%2Ftags&post=9056"}],"curies":[{"name":"wp","href":"https:\/\/api.w.org\/{rel}","templated":true}]}}