
{"id":9054,"date":"2026-04-05T00:00:27","date_gmt":"2026-04-04T22:00:27","guid":{"rendered":"http:\/\/www.paludzka.fara.sk\/?p=9054"},"modified":"2026-04-04T23:16:35","modified_gmt":"2026-04-04T21:16:35","slug":"farske-oznamy-5-4-12-4-2026","status":"publish","type":"post","link":"http:\/\/www.paludzka.fara.sk\/?p=9054","title":{"rendered":"Farsk\u00e9 oznamy 5.4.-12.4.2026"},"content":{"rendered":"<div class=\"table-responsive\">\n<table class=\"table table-bordered\">\n<thead>\n<tr>\n<th style=\"text-align: center; vertical-align: middle;\">De\u0148<\/th>\n<th style=\"text-align: center; vertical-align: middle;\">\u010cas<\/th>\n<th style=\"text-align: center; vertical-align: middle;\">Liturgick\u00fd kalend\u00e1r<\/th>\n<th style=\"text-align: center; vertical-align: middle;\">\u00damysel<\/th>\n<th style=\"text-align: center; vertical-align: middle;\">O\u010dak\u00e1vame<\/th>\n<\/tr>\n<\/thead>\n<tbody>\n<tr>\n<td style=\"text-align: center; vertical-align: middle;\"><strong>Nede\u013ea 5.4.<\/strong><\/td>\n<td style=\"text-align: center; vertical-align: middle;\">7:00<\/p>\n<p><strong>8:15<\/strong><\/p>\n<p>9:45<\/td>\n<td style=\"text-align: center; vertical-align: middle;\"><span style=\"color: #808000;\"><strong>Ve\u013ekono\u010dn\u00e1 nede\u013ea P\u00e1novho zm\u0155tvychvstania<\/strong><\/span><\/p>\n<p><span style=\"color: #808000;\">sl\u00e1vnos\u0165 s okt\u00e1vou<\/span><\/td>\n<td style=\"text-align: center; vertical-align: middle;\">po\u010fakovanie za misie<\/p>\n<p><strong>Bodice:<\/strong> na \u00famysel<\/p>\n<p>za veriacich<\/td>\n<td style=\"text-align: center; vertical-align: middle;\"><\/td>\n<\/tr>\n<tr>\n<td style=\"text-align: center; vertical-align: middle;\">Pondelok 6.4.<\/td>\n<td style=\"text-align: center; vertical-align: middle;\"><strong>8:15<\/strong><\/p>\n<p>9:45<\/td>\n<td style=\"text-align: center; vertical-align: middle;\"><span style=\"color: #808000;\">Pondelok vo Ve\u013ekono\u010dnej okt\u00e1ve<\/span><\/td>\n<td style=\"text-align: center; vertical-align: middle;\"><strong>Bodice:<\/strong> na \u00famysel<\/p>\n<p>za man\u017eela, dc\u00e9ru a vnu\u010dku<\/td>\n<td style=\"text-align: center; vertical-align: middle;\"><\/td>\n<\/tr>\n<tr>\n<td style=\"text-align: center; vertical-align: middle;\">Utorok 7.4.<\/td>\n<td style=\"text-align: center; vertical-align: middle;\">18:00<\/td>\n<td style=\"text-align: center; vertical-align: middle;\"><span style=\"color: #808000;\">Utorok vo Ve\u013ekono\u010dnej okt\u00e1ve<\/span><\/td>\n<td style=\"text-align: center; vertical-align: middle;\">+ Celest\u00edn, Silvia a rodi\u010dia<\/td>\n<td style=\"text-align: center; vertical-align: middle;\"><\/td>\n<\/tr>\n<tr>\n<td style=\"text-align: center; vertical-align: middle;\">Streda 8.4.<\/td>\n<td style=\"text-align: center; vertical-align: middle;\">7:00<\/td>\n<td style=\"text-align: center; vertical-align: middle;\"><span style=\"color: #808000;\">Streda vo Ve\u013ekono\u010dnej okt\u00e1ve<\/span><\/td>\n<td style=\"text-align: center; vertical-align: middle;\">za Bo\u017eie po\u017eehnanie pre rodinu Jan\u010dov\u00fa<\/td>\n<td style=\"text-align: center; vertical-align: middle;\"><\/td>\n<\/tr>\n<tr>\n<td style=\"text-align: center; vertical-align: middle;\">\u0160tvrtok 9.4.<\/td>\n<td style=\"text-align: center; vertical-align: middle;\">18:00<\/td>\n<td style=\"text-align: center; vertical-align: middle;\"><span style=\"color: #808000;\">\u0160tvrtok vo Ve\u013ekono\u010dnej okt\u00e1ve<\/span><\/td>\n<td style=\"text-align: center; vertical-align: middle;\">za zdravie, pokoj<br \/>\na Bo\u017eiu pomoc pre rodinu<\/td>\n<td style=\"text-align: center; vertical-align: middle;\">Ador\u00e1cia od 17:30<\/td>\n<\/tr>\n<tr>\n<td style=\"text-align: center; vertical-align: middle;\">Piatok 10.4.<\/td>\n<td style=\"text-align: center; vertical-align: middle;\">18:00<\/td>\n<td style=\"text-align: center; vertical-align: middle;\"><span style=\"color: #808000;\">Piatok vo Ve\u013ekono\u010dnej okt\u00e1ve<\/span><\/td>\n<td style=\"text-align: center; vertical-align: middle;\">za Bo\u017eie po\u017eehnanie<br \/>\npre Jarmilu, Jaroslava a rodinu<\/td>\n<td style=\"text-align: center; vertical-align: middle;\">Presk\u00fa\u0161anie birmovancov od 15:00<\/p>\n<p>N\u00e1cvik spevu o 17:30 na fare<\/p>\n<p>Sv. om\u0161a za \u00fa\u010dasti det\u00ed a birmovancov<\/p>\n<p>Po sv. om\u0161i stretko birmovancov na fare<\/td>\n<\/tr>\n<tr>\n<td style=\"text-align: center; vertical-align: middle;\">Sobota 11.4.<\/td>\n<td style=\"text-align: center; vertical-align: middle;\">8:00<\/td>\n<td style=\"text-align: center; vertical-align: middle;\"><span style=\"color: #808000;\">Sobota vo Ve\u013ekono\u010dnej okt\u00e1ve<\/span><\/td>\n<td style=\"text-align: center; vertical-align: middle;\">za Bo\u017eie po\u017eehnanie<br \/>\npre Annu, Daniela a rodiny<\/td>\n<td style=\"text-align: center; vertical-align: middle;\"><\/td>\n<\/tr>\n<tr>\n<td style=\"text-align: center; vertical-align: middle;\"><strong>Nede\u013ea 12.4.<\/strong><\/td>\n<td style=\"text-align: center; vertical-align: middle;\">7:00<\/p>\n<p><strong>8:15<\/strong><\/p>\n<p>9:45<\/td>\n<td style=\"text-align: center; vertical-align: middle;\"><span style=\"color: #808000;\"><strong>2. Ve\u013ekono\u010dn\u00e1 nede\u013ea<\/strong><\/span><\/p>\n<p><span style=\"color: #808000;\">Nede\u013ea Bo\u017eieho milosrdenstva<\/span><\/td>\n<td style=\"text-align: center; vertical-align: middle;\">za veriacich<\/p>\n<p><strong>Bodice:<\/strong> na \u00famysel<\/p>\n<p>na \u00famysel ordin\u00e1ra<\/td>\n<td style=\"text-align: center; vertical-align: middle;\">pobo\u017enos\u0165 k Bo\u017eiemu milosrdenstvu o\u00a015:00<\/td>\n<\/tr>\n<\/tbody>\n<\/table>\n<\/div>\n<ul>\n<li>namiesto modlitby Anjel P\u00e1na sa po\u010das cel\u00e9ho Ve\u013ekono\u010dn\u00e9ho obdobia modl\u00edme Raduj sa, nebies Kr\u00e1\u013eovn\u00e1.<\/li>\n<li>P\u00e1n Boh zapla\u0165 v\u0161etk\u00fdm, ktor\u00ed ste ak\u00fdmko\u013evek sp\u00f4sobom pomohli pri sl\u00e1ven\u00ed Ve\u013ekono\u010dn\u00fdch sviatkov &#8211; spev\u00e1kom, mini\u0161trantom, lektorom, v\u0161etk\u00fdm, \u010do zdobili a upratovali kostol, v\u0161etk\u00fdm, \u010do ste ak\u00fdmko\u013evek sp\u00f4sobom prispeli k d\u00f4stojn\u00e9mu sl\u00e1veniu Ve\u013ekono\u010dn\u00fdch sviatkov.<\/li>\n<li>na kostol obetovali Bohuzn\u00e1mi 200 a 50 \u20ac. P\u00e1n Boh zapla\u0165.<\/li>\n<li>o upratovanie kostola pros\u00edm rodiny Hunanov\u00fa, Slukov\u00fa a Jurisov\u00fa. P\u00e1n Boh zapla\u0165 za slu\u017ebu.<\/li>\n<\/ul>\n<h3 style=\"text-align: center;\"><strong><em>PRAJEM V\u00c1M MILOSTIPLN\u00c9 VE\u013dKONO\u010cN\u00c9 SVIATKY<\/em><\/strong><\/h3>\n","protected":false},"excerpt":{"rendered":"<p>De\u0148 \u010cas Liturgick\u00fd kalend\u00e1r \u00damysel O\u010dak\u00e1vame Nede\u013ea 5.4. 7:00 8:15 9:45 Ve\u013ekono\u010dn\u00e1 nede\u013ea P\u00e1novho zm\u0155tvychvstania sl\u00e1vnos\u0165 s okt\u00e1vou po\u010fakovanie za misie Bodice: na \u00famysel za veriacich Pondelok 6.4. 8:15 9:45 Pondelok vo Ve\u013ekono\u010dnej okt\u00e1ve Bodice: na \u00famysel za man\u017eela, dc\u00e9ru a vnu\u010dku Utorok 7.4. 18:00 Utorok vo Ve\u013ekono\u010dnej okt\u00e1ve + Celest\u00edn, Silvia a rodi\u010dia Streda [&hellip;]<\/p>\n","protected":false},"author":1,"featured_media":0,"comment_status":"closed","ping_status":"closed","sticky":false,"template":"","format":"standard","meta":{"_links_to":"","_links_to_target":""},"categories":[4,19],"tags":[],"_links":{"self":[{"href":"http:\/\/www.paludzka.fara.sk\/index.php?rest_route=\/wp\/v2\/posts\/9054"}],"collection":[{"href":"http:\/\/www.paludzka.fara.sk\/index.php?rest_route=\/wp\/v2\/posts"}],"about":[{"href":"http:\/\/www.paludzka.fara.sk\/index.php?rest_route=\/wp\/v2\/types\/post"}],"author":[{"embeddable":true,"href":"http:\/\/www.paludzka.fara.sk\/index.php?rest_route=\/wp\/v2\/users\/1"}],"replies":[{"embeddable":true,"href":"http:\/\/www.paludzka.fara.sk\/index.php?rest_route=%2Fwp%2Fv2%2Fcomments&post=9054"}],"version-history":[{"count":3,"href":"http:\/\/www.paludzka.fara.sk\/index.php?rest_route=\/wp\/v2\/posts\/9054\/revisions"}],"predecessor-version":[{"id":9125,"href":"http:\/\/www.paludzka.fara.sk\/index.php?rest_route=\/wp\/v2\/posts\/9054\/revisions\/9125"}],"wp:attachment":[{"href":"http:\/\/www.paludzka.fara.sk\/index.php?rest_route=%2Fwp%2Fv2%2Fmedia&parent=9054"}],"wp:term":[{"taxonomy":"category","embeddable":true,"href":"http:\/\/www.paludzka.fara.sk\/index.php?rest_route=%2Fwp%2Fv2%2Fcategories&post=9054"},{"taxonomy":"post_tag","embeddable":true,"href":"http:\/\/www.paludzka.fara.sk\/index.php?rest_route=%2Fwp%2Fv2%2Ftags&post=9054"}],"curies":[{"name":"wp","href":"https:\/\/api.w.org\/{rel}","templated":true}]}}