
{"id":9050,"date":"2026-03-29T00:00:53","date_gmt":"2026-03-28T23:00:53","guid":{"rendered":"http:\/\/www.paludzka.fara.sk\/?p=9050"},"modified":"2026-03-28T11:05:45","modified_gmt":"2026-03-28T10:05:45","slug":"farske-oznamy-29-3-5-4-2026","status":"publish","type":"post","link":"http:\/\/www.paludzka.fara.sk\/?p=9050","title":{"rendered":"Farsk\u00e9 oznamy 29.3.-5.4.2026"},"content":{"rendered":"<div class=\"table-responsive\">\n<table class=\"table table-bordered\">\n<thead>\n<tr>\n<th style=\"text-align: center; vertical-align: middle;\">De\u0148<\/th>\n<th style=\"text-align: center; vertical-align: middle;\">\u010cas<\/th>\n<th style=\"text-align: center; vertical-align: middle;\">Liturgick\u00fd kalend\u00e1r<\/th>\n<th style=\"text-align: center; vertical-align: middle;\">\u00damysel<\/th>\n<th style=\"text-align: center; vertical-align: middle;\">O\u010dak\u00e1vame<\/th>\n<\/tr>\n<\/thead>\n<tbody>\n<tr>\n<td style=\"text-align: center; vertical-align: middle;\"><strong>Nede\u013ea 29.3.<\/strong><\/td>\n<td style=\"text-align: center; vertical-align: middle;\">7:00<\/p>\n<p><strong>8:15<\/strong><\/p>\n<p>9:45<\/td>\n<td style=\"text-align: center; vertical-align: middle;\"><span style=\"color: #ff0000;\"><strong>Palmov\u00e1 (Kvetn\u00e1) nede\u013ea<\/strong><\/span><\/p>\n<p><span style=\"color: #ff0000;\"><strong>Nede\u013ea utrpenia P\u00e1na<\/strong><\/span><\/td>\n<td style=\"text-align: center; vertical-align: middle;\">za veriacich<\/p>\n<p><strong>Bodice:<\/strong> na \u00famysel<\/p>\n<p>na \u00famysel ordin\u00e1ra<\/td>\n<td style=\"text-align: center; vertical-align: middle;\"><em>Po\u017eehnanie ratolest\u00ed<\/em><\/p>\n<p>Kr\u00ed\u017eov\u00e1 cesta o 14:00 &#8211; Lektori<\/p>\n<p><strong>Sv. zmierenia:<\/strong><br \/>\n<strong>Liptovsk\u00fd Mikul\u00e1\u0161 16:00 \u2013 18:00<\/strong><\/td>\n<\/tr>\n<tr>\n<td style=\"text-align: center; vertical-align: middle;\">Pondelok 30.3.<\/td>\n<td style=\"text-align: center; vertical-align: middle;\">18:00<\/td>\n<td style=\"text-align: center; vertical-align: middle;\"><span style=\"color: #800080;\">Pondelok Sv\u00e4t\u00e9ho t\u00fd\u017ed\u0148a<\/span><\/td>\n<td style=\"text-align: center; vertical-align: middle;\">po\u010fakovanie P\u00e1nu Bohu<br \/>\nza pomoc a milosrdenstvo<\/td>\n<td style=\"text-align: center; vertical-align: middle;\">N\u00e1v\u0161teva chor\u00fdch od 8:00<\/td>\n<\/tr>\n<tr>\n<td style=\"text-align: center; vertical-align: middle;\">Utorok 31.3.<\/td>\n<td style=\"text-align: center; vertical-align: middle;\">18:00<\/td>\n<td style=\"text-align: center; vertical-align: middle;\"><span style=\"color: #800080;\">Utorok Sv\u00e4t\u00e9ho t\u00fd\u017ed\u0148a<\/span><\/td>\n<td style=\"text-align: center; vertical-align: middle;\">za Bo\u017eie po\u017eehnanie pre rodi\u010dov<\/td>\n<td style=\"text-align: center; vertical-align: middle;\"><\/td>\n<\/tr>\n<tr>\n<td style=\"text-align: center; vertical-align: middle;\">Streda 1.4.<\/td>\n<td style=\"text-align: center; vertical-align: middle;\">7:00<\/td>\n<td style=\"text-align: center; vertical-align: middle;\"><span style=\"color: #800080;\">Streda Sv\u00e4t\u00e9ho t\u00fd\u017ed\u0148a<\/span><\/td>\n<td style=\"text-align: center; vertical-align: middle;\">+ Jozef<\/td>\n<td style=\"text-align: center; vertical-align: middle;\"><\/td>\n<\/tr>\n<tr>\n<td style=\"text-align: center; vertical-align: middle;\">\u0160tvrtok 2.4.<\/td>\n<td style=\"text-align: center; vertical-align: middle;\">18:00<\/td>\n<td style=\"text-align: center; vertical-align: middle;\"><span style=\"color: #808000;\">\u0160tvrtok P\u00e1novej ve\u010dere<\/span><\/td>\n<td style=\"text-align: center; vertical-align: middle;\">za 60 ro\u010dn\u00fa jubilantku Helenu<\/td>\n<td style=\"text-align: center; vertical-align: middle;\">Poklona do 20:00<\/td>\n<\/tr>\n<tr>\n<td style=\"text-align: center; vertical-align: middle;\">Piatok 3.4.<\/td>\n<td style=\"text-align: center; vertical-align: middle;\">15:00<\/td>\n<td style=\"text-align: center; vertical-align: middle;\"><span style=\"color: #ff0000;\">Piatok utrpenia P\u00e1na (Ve\u013ek\u00fd piatok)<\/span><\/p>\n<p><span style=\"color: #ff0000;\">sl\u00e1venie utrpenia a smrti P\u00e1na<\/span><\/td>\n<td style=\"text-align: center; vertical-align: middle;\">&#8212;<\/td>\n<td style=\"text-align: center; vertical-align: middle;\"><span style=\"color: #ff0000;\">De\u0148 pr\u00edsneho p\u00f4stu<\/span><\/p>\n<p><em>Kr\u00ed\u017eov\u00e1 cesta o 10:00<\/em><\/p>\n<p>Poklona Je\u017ei\u0161ovi v\u00a0hrobe do 18:00<\/p>\n<p>Nov\u00e9na pred Nede\u013eou Bo\u017eieho milosrdenstva<\/td>\n<\/tr>\n<tr>\n<td style=\"text-align: center; vertical-align: middle;\">Sobota 4.4.<\/td>\n<td style=\"text-align: center; vertical-align: middle;\">19:30<\/td>\n<td style=\"text-align: center; vertical-align: middle;\"><span style=\"color: #800080;\">Sv\u00e4t\u00e1 sobota (Biela sobota)<\/span><\/p>\n<p><span style=\"color: #808000;\"><strong>Ve\u013ekono\u010dn\u00e1 vig\u00edlia P\u00e1novho<br \/>\nzm\u0155tvychvstania<\/strong><\/span><\/td>\n<td style=\"text-align: center; vertical-align: middle;\">na \u00famysel<\/td>\n<td style=\"text-align: center; vertical-align: middle;\">Poklona Je\u017ei\u0161ovi v hrobe 12:00 \u2013 18:00<\/td>\n<\/tr>\n<tr>\n<td style=\"text-align: center; vertical-align: middle;\"><strong>Nede\u013ea 5.4.<\/strong><\/td>\n<td style=\"text-align: center; vertical-align: middle;\">7:00<\/p>\n<p><strong>8:15<\/strong><\/p>\n<p>9:45<\/td>\n<td style=\"text-align: center; vertical-align: middle;\"><span style=\"color: #808000;\"><strong> Ve\u013ekono\u010dn\u00e1 nede\u013ea P\u00e1novho<br \/>\nzm\u0155tvychvstania<\/strong><\/span><\/p>\n<p><span style=\"color: #808000;\">sl\u00e1vnos\u0165 s okt\u00e1vou<\/span><\/td>\n<td style=\"text-align: center; vertical-align: middle;\">po\u010fakovanie za misie<\/p>\n<p><strong>Bodice:<\/strong> na \u00famysel<\/p>\n<p>za veriacich<\/td>\n<td style=\"text-align: center; vertical-align: middle;\">Po\u017eehnanie ve\u013ekono\u010dn\u00fdch jed\u00e1l o 6:45<\/td>\n<\/tr>\n<\/tbody>\n<\/table>\n<\/div>\n<ul>\n<li>dne\u0161n\u00fdm d\u0148om za\u010d\u00edna Sv\u00e4t\u00fd t\u00fd\u017ede\u0148. P\u00f4stne obdobie pokra\u010duje a\u017e do \u0161tvrtku P\u00e1novej ve\u010dere. Ve\u013ekono\u010dn\u00e9 trojdnie za\u010d\u00edna vo \u0161tvrtok ve\u010dernou sv. om\u0161ou na pamiatku P\u00e1novej ve\u010dere a kon\u010d\u00ed sa ve\u0161perami Nedele P\u00e1novho zm\u0155tvychvstania. \u00dapln\u00e9 odpustky za zvy\u010dajn\u00fdch podmienok mo\u017eno z\u00edska\u0165: pri verejnej ador\u00e1cii Olt\u00e1rnej sviatosti vo \u0160tvrtok P\u00e1novej ve\u010dere recitovan\u00edm alebo spevom Ct\u00edme t\u00fato Sviatos\u0165 sl\u00e1vnu; za n\u00e1bo\u017en\u00fa \u00fa\u010das\u0165 poklony kr\u00ed\u017ea pri liturgickom sl\u00e1ven\u00ed v Piatok utrpenia P\u00e1na; za obnovu krstn\u00fdch s\u013eubov pri sl\u00e1ven\u00ed Ve\u013ekono\u010dnej vig\u00edlie.<\/li>\n<li>pros\u00edm 12 mu\u017eov, aby sa pri\u0161li zap\u00edsa\u0165 na obrad um\u00fdvania n\u00f4h.<\/li>\n<li>ak by chcel niekto prispie\u0165 na Ve\u013ekono\u010dn\u00fa v\u00fdzdobu, m\u00f4\u017ee svoj milodar vlo\u017ei\u0165 do pokladni\u010dky vzadu na stol\u00edku.<\/li>\n<li>v zbierke na pomoc prenasledovan\u00fdm kres\u0165anom a ute\u010dencom sme prispeli 410 \u20ac. P\u00e1n Boh zapla\u0165.<\/li>\n<li>na opravu organu Bohuzn\u00e1mi obetovali 300, 50 \u20ac. P\u00e1n Boh zapla\u0165.<\/li>\n<li>o upratovanie kostola pros\u00edm rodiny Go\u0148ov\u00fa, Kuskov\u00fa, Plevov\u00fa a Kokavcov\u00fa. Upratovanie bude v sobotu. P\u00e1n Boh zapla\u0165 za slu\u017ebu.<\/li>\n<\/ul>\n<p>&nbsp;<\/p>\n<ul>\n<li>Farnos\u0165 m\u00f4\u017eete sledova\u0165 u\u017e aj na Instagrame: <a href=\"https:\/\/www.instagram.com\/farnostpaludzka\/\">@farnostpaludzka<\/a><\/li>\n<\/ul>\n","protected":false},"excerpt":{"rendered":"<p>De\u0148 \u010cas Liturgick\u00fd kalend\u00e1r \u00damysel O\u010dak\u00e1vame Nede\u013ea 29.3. 7:00 8:15 9:45 Palmov\u00e1 (Kvetn\u00e1) nede\u013ea Nede\u013ea utrpenia P\u00e1na za veriacich Bodice: na \u00famysel na \u00famysel ordin\u00e1ra Po\u017eehnanie ratolest\u00ed Kr\u00ed\u017eov\u00e1 cesta o 14:00 &#8211; Lektori Sv. zmierenia: Liptovsk\u00fd Mikul\u00e1\u0161 16:00 \u2013 18:00 Pondelok 30.3. 18:00 Pondelok Sv\u00e4t\u00e9ho t\u00fd\u017ed\u0148a po\u010fakovanie P\u00e1nu Bohu za pomoc a milosrdenstvo N\u00e1v\u0161teva chor\u00fdch [&hellip;]<\/p>\n","protected":false},"author":1,"featured_media":0,"comment_status":"closed","ping_status":"closed","sticky":false,"template":"","format":"standard","meta":{"_links_to":"","_links_to_target":""},"categories":[4,19],"tags":[],"_links":{"self":[{"href":"http:\/\/www.paludzka.fara.sk\/index.php?rest_route=\/wp\/v2\/posts\/9050"}],"collection":[{"href":"http:\/\/www.paludzka.fara.sk\/index.php?rest_route=\/wp\/v2\/posts"}],"about":[{"href":"http:\/\/www.paludzka.fara.sk\/index.php?rest_route=\/wp\/v2\/types\/post"}],"author":[{"embeddable":true,"href":"http:\/\/www.paludzka.fara.sk\/index.php?rest_route=\/wp\/v2\/users\/1"}],"replies":[{"embeddable":true,"href":"http:\/\/www.paludzka.fara.sk\/index.php?rest_route=%2Fwp%2Fv2%2Fcomments&post=9050"}],"version-history":[{"count":6,"href":"http:\/\/www.paludzka.fara.sk\/index.php?rest_route=\/wp\/v2\/posts\/9050\/revisions"}],"predecessor-version":[{"id":9067,"href":"http:\/\/www.paludzka.fara.sk\/index.php?rest_route=\/wp\/v2\/posts\/9050\/revisions\/9067"}],"wp:attachment":[{"href":"http:\/\/www.paludzka.fara.sk\/index.php?rest_route=%2Fwp%2Fv2%2Fmedia&parent=9050"}],"wp:term":[{"taxonomy":"category","embeddable":true,"href":"http:\/\/www.paludzka.fara.sk\/index.php?rest_route=%2Fwp%2Fv2%2Fcategories&post=9050"},{"taxonomy":"post_tag","embeddable":true,"href":"http:\/\/www.paludzka.fara.sk\/index.php?rest_route=%2Fwp%2Fv2%2Ftags&post=9050"}],"curies":[{"name":"wp","href":"https:\/\/api.w.org\/{rel}","templated":true}]}}