
{"id":8681,"date":"2026-03-08T00:00:38","date_gmt":"2026-03-07T23:00:38","guid":{"rendered":"http:\/\/www.paludzka.fara.sk\/?p=8681"},"modified":"2026-03-07T20:54:15","modified_gmt":"2026-03-07T19:54:15","slug":"farske-oznamy-8-3-15-3-2026","status":"publish","type":"post","link":"http:\/\/www.paludzka.fara.sk\/?p=8681","title":{"rendered":"Farsk\u00e9 oznamy 8.3.-15.3.2026"},"content":{"rendered":"\r\n<div class=\"row\" style=\"background: #feffee;\">\r\n<div class=\"col-md-3\"><img decoding=\"async\" class=\"img img-responsive img-fluid\" style=\"max-height: 120px; margin: 0 auto;\" src=\"http:\/\/www.paludzka.fara.sk\/wp-content\/uploads\/2026\/03\/misie_logo_1610.png\" \/><\/div>\r\n<div class=\"col-md-9 text-center\">\r\n<h2>Farsk\u00e9 misie v Liptovskom Mikul\u00e1\u0161i a v Pal\u00fadzke u\u017e<\/h2>\r\n<h3 id=\"demo\">\u00a0<\/h3>\r\n<\/div>\r\n<\/div>\r\n<div><!-- Display the countdown timer in an element --> <script type=\"text\/javascript\">\r\n<!-- myfunction(); \/\/-->\r\n\/\/ Set the date we're counting down to\r\nvar countDownDate = new Date(\"Mar 14, 2026 18:00:00\").getTime();\r\nvar endDate = new Date(\"Mar 22, 2026, 17:00:00\").getTime();\r\n\r\n\/\/ Update the countdown every 1 second\r\n  var x = setInterval(function() {\r\n  \/\/ Get today's date and time\r\n  var now = new Date().getTime();\r\n  \r\n  \/\/ Calculate the distance between now and the target date\r\n  var distance = countDownDate - now;\r\n  var distanceEnd = endDate - now;\r\n  \r\n  \/\/ Calculate days, hours, minutes, and seconds\r\n  var days = Math.floor(distance \/ (1000 * 60 * 60 * 24));\r\n  var hours = Math.floor((distance % (1000 * 60 * 60 * 24)) \/ (1000 * 60 * 60));\r\n  var minutes = Math.floor((distance % (1000 * 60 * 60)) \/ (1000 * 60));\r\n  var seconds = Math.floor((distance % (1000 * 60)) \/ 1000);\r\n\r\n  var daysLabel = \" dn\u00ed, \";\r\n  if (days > 0) {\r\n    if (days < 5) {\r\n        daysLabel = days < 2 ? \" de\u0148, \" : \" dni, \"; \r\n    }\r\n  }\r\n\r\n  var hoursLabel = \" hod\u00edn, \";\r\n  if (hours > 0) {\r\n    if (hours < 5) {\r\n      hoursLabel = hours < 2 ? \" hodinu, \" : \" hodiny, \"; \r\n    }\r\n  }\r\n\r\n  var minutesLabel = \" min\u00fat, \";\r\n  if (minutes > 0) {\r\n    if (minutes < 5) {\r\n      minutesLabel = minutes < 2 ? \" min\u00fatu, \" : \" min\u00faty, \";\r\n    }\r\n  }\r\n\r\n  var secondsLabel = \" sek\u00fand\";\r\n  if (seconds > 0) {\r\n    if (seconds < 5) {\r\n      secondsLabel = seconds < 2 ? \" sekundu\" : \" sekundy\";\r\n    }\r\n  }\r\n  \r\n  \/\/ Display the result in the element with id=\"demo\"\r\n  document.getElementById(\"demo\").innerHTML = \"o \" + days + daysLabel + hours + hoursLabel + minutes + minutesLabel + seconds + secondsLabel;\r\n  \r\n  \/\/ If the countdown is over, display \"EXPIRED\"\r\n  if (distanceEnd < 0) {\r\n    clearInterval(x);\r\n    document.getElementById(\"demo\").innerHTML = \"skon\u010dili!\";\r\n  }\r\n  else if (distance < 0) {\r\n    clearInterval(x);\r\n    document.getElementById(\"demo\").innerHTML = \"prebiehaj\u00fa!\";\r\n  }\r\n}, 1000);\r\n<\/script><\/div>\r\n\r\n<p>&nbsp;<\/p>\r\n<div class=\"table-responsive\">\r\n<table class=\"table table-bordered\">\r\n<thead>\r\n<tr>\r\n<th style=\"text-align: center; vertical-align: middle;\">De\u0148<\/th>\r\n<th style=\"text-align: center; vertical-align: middle;\">\u010cas<\/th>\r\n<th style=\"text-align: center; vertical-align: middle;\">Liturgick\u00fd kalend\u00e1r<\/th>\r\n<th style=\"text-align: center; vertical-align: middle;\">\u00damysel<\/th>\r\n<th style=\"text-align: center; vertical-align: middle;\">O\u010dak\u00e1vame<\/th>\r\n<\/tr>\r\n<\/thead>\r\n<tbody>\r\n<tr>\r\n<td style=\"text-align: center; vertical-align: middle;\"><strong>Nede\u013ea 8.3.<\/strong><\/td>\r\n<td style=\"text-align: center; vertical-align: middle;\">\r\n<p>7:00<\/p>\r\n<p><strong>8:15<\/strong><\/p>\r\n<p>9:45<\/p>\r\n<\/td>\r\n<td style=\"text-align: center; vertical-align: middle;\"><strong><span style=\"color: #800080;\">3. p\u00f4stna nede\u013ea<\/span><\/strong><\/td>\r\n<td style=\"text-align: center; vertical-align: middle;\">\r\n<p>za veriacich<\/p>\r\n<p><strong>Bodice:<\/strong> na \u00famysel<\/p>\r\n<p>+ M\u00e1ria Bolibruchov\u00e1<\/p>\r\n<\/td>\r\n<td style=\"text-align: center; vertical-align: middle;\">Kr\u00ed\u017eov\u00e1 cesta o\u00a014:00 \u2013 lektori<\/td>\r\n<\/tr>\r\n<tr>\r\n<td style=\"text-align: center; vertical-align: middle;\">Pondelok 9.3.<\/td>\r\n<td style=\"text-align: center; vertical-align: middle;\">17:30<\/td>\r\n<td style=\"text-align: center; vertical-align: middle;\"><span style=\"color: #800080;\">Pondelok po 3. p\u00f4stnej nedeli<\/span><\/td>\r\n<td style=\"text-align: center; vertical-align: middle;\">+ Milan<\/td>\r\n<td style=\"text-align: center; vertical-align: middle;\"><span style=\"color: #ff0000;\">\u00a0\u00a0<\/span><\/td>\r\n<\/tr>\r\n<tr>\r\n<td style=\"text-align: center; vertical-align: middle;\">Utorok 10.3.<\/td>\r\n<td style=\"text-align: center; vertical-align: middle;\">17:30<\/td>\r\n<td style=\"text-align: center; vertical-align: middle;\"><span style=\"color: #800080;\">Utorok po 3. p\u00f4stnej nedeli<\/span><\/td>\r\n<td style=\"text-align: center; vertical-align: middle;\">+ Angela, Jozefa Gizela<\/td>\r\n<td style=\"text-align: center; vertical-align: middle;\">\u00a0<\/td>\r\n<\/tr>\r\n<tr>\r\n<td style=\"text-align: center; vertical-align: middle;\">Streda 11.3.<\/td>\r\n<td style=\"text-align: center; vertical-align: middle;\">7:00<\/td>\r\n<td style=\"text-align: center; vertical-align: middle;\"><span style=\"color: #800080;\">Streda po 3. p\u00f4stnej nedeli<\/span><\/td>\r\n<td style=\"text-align: center; vertical-align: middle;\">+ Alojz, Anna a\u00a0ich rodi\u010dia<\/td>\r\n<td style=\"text-align: center; vertical-align: middle;\">\u00a0<\/td>\r\n<\/tr>\r\n<tr>\r\n<td style=\"text-align: center; vertical-align: middle;\">\u0160tvrtok 12.3.<\/td>\r\n<td style=\"text-align: center; vertical-align: middle;\">17:30<\/td>\r\n<td style=\"text-align: center; vertical-align: middle;\"><span style=\"color: #800080;\">\u0160tvrtok po 3. p\u00f4stnej nedeli<\/span><\/td>\r\n<td style=\"text-align: center; vertical-align: middle;\">+ Andrea a Daniel<\/td>\r\n<td style=\"text-align: center; vertical-align: middle;\">ador\u00e1cia od 17:00<\/td>\r\n<\/tr>\r\n<tr>\r\n<td style=\"text-align: center; vertical-align: middle;\">Piatok 13.3.<\/td>\r\n<td style=\"text-align: center; vertical-align: middle;\">17:30<\/td>\r\n<td style=\"text-align: center; vertical-align: middle;\"><span style=\"color: #800080;\">Piatok po 3. p\u00f4stnej nedeli<\/span><\/td>\r\n<td style=\"text-align: center; vertical-align: middle;\">za Bo\u017eie po\u017eehnanie pre dc\u00e9ru<\/td>\r\n<td style=\"text-align: center; vertical-align: middle;\">\r\n<p>Kr\u00ed\u017eov\u00e1 cesta o 17:30 \u2013 Birmovanci <br \/>n\u00e1cvik o 16:45 na fare<\/p>\r\n<p>sv. om\u0161a za \u00fa\u010dasti birmovancov<br \/>po sv. om\u0161i stretko na fare<\/p>\r\n<\/td>\r\n<\/tr>\r\n<tr>\r\n<td style=\"text-align: center; vertical-align: middle;\">Sobota 14.3.<\/td>\r\n<td style=\"text-align: center; vertical-align: middle;\">8:00<\/td>\r\n<td style=\"text-align: center; vertical-align: middle;\"><span style=\"color: #800080;\">Sobota po 3. p\u00f4stnej nedeli <\/span><\/td>\r\n<td style=\"text-align: center; vertical-align: middle;\">za Bo\u017eiu pomoc pre brata a ich man\u017eelstvo<\/td>\r\n<td style=\"text-align: center; vertical-align: middle;\"><span style=\"color: #ff0000;\">za\u010diatok misi\u00ed v Lipt. Mikul\u00e1\u0161i o 18:00<\/span><\/td>\r\n<\/tr>\r\n<tr>\r\n<td style=\"text-align: center; vertical-align: middle;\"><strong>Nede\u013ea 15.3.<\/strong><\/td>\r\n<td style=\"text-align: center; vertical-align: middle;\">\r\n<p>7:00<\/p>\r\n<p><strong>8:15<\/strong><\/p>\r\n<p>9:45<\/p>\r\n<\/td>\r\n<td style=\"text-align: center; vertical-align: middle;\"><span style=\"color: #ff00ff;\"><strong>4. p\u00f4stna nede\u013ea<\/strong><\/span> <span style=\"color: #ff00ff;\"><strong>Nede\u013ea Laetare<\/strong><\/span><\/td>\r\n<td style=\"text-align: center; vertical-align: middle;\">\r\n<p>za veriacich<\/p>\r\n<p><strong>Bodice:<\/strong> na \u00famysel<\/p>\r\n<p>po\u010fakovanie za 90 rokov Matildy<\/p>\r\n<\/td>\r\n<td style=\"text-align: center; vertical-align: middle;\">\r\n<p>Kr\u00ed\u017eov\u00e1 cesta o 14:00<\/p>\r\n<p><strong>Zbierka na pomoc Ukrajine<\/strong><\/p>\r\n<\/td>\r\n<\/tr>\r\n<\/tbody>\r\n<\/table>\r\n<\/div>\r\n<ul>\r\n<li>v na\u0161ej farnosti bud\u00fa <a href=\"http:\/\/www.paludzka.fara.sk\/?p=8658\">\u013dudov\u00e9 misie v term\u00edne 14. - 22.3. 2026<\/a>. Za\u010diatok je v sobotu o 18:00 v Liptovskom Mikul\u00e1\u0161i. Program misi\u00ed si m\u00f4\u017ee zobra\u0165 vzadu na stol\u00edku. Pros\u00edme o modlitby.<\/li>\r\n<li>v piatok je kr\u00ed\u017eov\u00e1 cesta a sv. om\u0161a za \u00fa\u010dasti birmovancov a po nej stretko na fare.<\/li>\r\n<li>z rozhodnutia KBS sa bud\u00facu nede\u013eu bude kona\u0165 mimoriadna zbierka na pomoc \u013eu\u010fom, ktor\u00ed trpia n\u00e1sledkami vojny na Ukrajine.<\/li>\r\n<li>z krstu Niny Bobulovej na kostol v Pal\u00fadzke obetovali 200 \u20ac. P\u00e1n Boh zapla\u0165.<\/li>\r\n<li>o upratovanie kostola pros\u00edm rodiny Hri\u010d\u00e1kov\u00fa, Dia\u010dikov\u00fa, Korman\u00edkov\u00fa a S\u00e1lusov\u00fa. Upratovanie bude v sobotu. P\u00e1n Boh zapla\u0165 za slu\u017ebu.<\/li>\r\n<\/ul>\r\n<p><strong>1. Otvorenie Jubilejn\u00e9ho roka v Poprade<\/strong><\/p>\r\n<p>Drah\u00ed bratia a sestry, v piatok 13. marca 2026 sa v na\u0161ej diec\u00e9ze sl\u00e1vnostne za\u010dne Jubilejn\u00fd rok pri pr\u00edle\u017eitosti 250. v\u00fdro\u010dia jej zalo\u017eenia. Je to v\u00fdznamn\u00e1 a radostn\u00e1 udalos\u0165 pre cel\u00fa na\u0161u miestnu Cirkev. Sl\u00e1vnostn\u00e1 sv\u00e4t\u00e1 om\u0161a na otvorenie jubilea bude v piatok 13. marca o 17:00 hod. v Konkatedr\u00e1le Sedembolestnej Panny M\u00e1rie v Poprade. Hlavn\u00fdm celebrantom bude Mons. Nicola Girasoli, apo\u0161tolsk\u00fd nuncius. P\u00e1n biskup Franti\u0161ek pri tejto pr\u00edle\u017eitosti ude\u013euje na tento de\u0148 pre cel\u00fa diec\u00e9zu di\u0161penz od piatkov\u00e9ho p\u00f4stu, ke\u010f\u017ee ide o ve\u013ek\u00fd sviatok na\u0161ej diec\u00e9znej rodiny. V\u0161etk\u00fdch v\u00e1s srde\u010dne poz\u00fdvam, aby ste sa pod\u013ea svojich mo\u017enost\u00ed z\u00fa\u010dastnili tejto sl\u00e1vnosti v Poprade. Je pripraven\u00fd aj ve\u013ek\u00fd stan s obrazovkou, aby ste v\u0161etci mohli by\u0165 pr\u00edtomn\u00ed. Pros\u00edme, aby ste nezabudli na reflexn\u00e9 prvky, ktor\u00e9 pom\u00f4\u017eu pri presune mestom. Nech je toto jubileum pre n\u00e1s \u010dasom v\u010fa\u010dnosti, jednoty a obnovenej horlivosti pre P\u00e1na a jeho Cirkev.<\/p>\r\n<p><strong>2. Jubilejn\u00fd web<\/strong><\/p>\r\n<p>D\u00e1vame do pozornosti nov\u00fa diec\u00e9znu webov\u00fa str\u00e1nku <a href=\"http:\/\/jubileum.kapitula.sk\">jubileum.kapitula.sk<\/a>, kde n\u00e1jdete inform\u00e1cie o priebehu jubilea na\u0161ej diec\u00e9zy. Na tejto str\u00e1nke je mo\u017enos\u0165 prihl\u00e1si\u0165 sa na odber pravideln\u00e9ho newslettera, ktor\u00fd budeme posiela\u0165 v\u0161etk\u00fdm so v\u0161etk\u00fdmi aktu\u00e1lnymi inform\u00e1ciami t\u00fdkaj\u00facimi sa v\u00fdro\u010dia diec\u00e9zy.<\/p>\r\n<p><strong>3. Jubilejn\u00e9 podujatia<\/strong><\/p>\r\n<p>Po\u010das cel\u00e9ho Jubilejn\u00e9ho roka diec\u00e9zy bud\u00fa prebieha\u0165 v Jubilejn\u00fdch chr\u00e1moch jubilejn\u00e9 podujatia. Na tieto podujatia V\u00e1s srde\u010dne poz\u00fdvame, aby sme sa spolo\u010dne modlili a \u010fakovali za Bo\u017eie po\u017eehnanie, ktor\u00fdm n\u00e1s Boh neust\u00e1le zah\u0155\u0148a. Tieto stretnutia za\u010dn\u00fa sv\u00e4tou om\u0161ou, pri ktorej jubilejn\u00ed kazatelia alebo otcovia biskupi prednes\u00fa hom\u00edliu t\u00fdkaj\u00facu sa dan\u00e9ho podujatia. Po sv\u00e4tej om\u0161i bude nasledova\u0165 moderovan\u00e1 ador\u00e1cia alebo kr\u00e1tka pobo\u017enos\u0165. Aj tieto podujatia maj\u00fa by\u0165 \u010dasom v\u010fa\u010dnosti, jednoty a obnovenej horlivosti pre P\u00e1na. Term\u00edny v\u0161etk\u00fdch jubilejn\u00fdch podujat\u00ed s\u00fa zverejnen\u00e9 na webovej str\u00e1nke <a href=\"http:\/\/jubileum.kapitula.sk\">jubileum.kapitula.sk<\/a>.<\/p>","protected":false},"excerpt":{"rendered":"<p>Farsk\u00e9 misie v Liptovskom Mikul\u00e1\u0161i a v Pal\u00fadzke u\u017e \u00a0 &nbsp; De\u0148 \u010cas Liturgick\u00fd kalend\u00e1r \u00damysel O\u010dak\u00e1vame Nede\u013ea 8.3. 7:00 8:15 9:45 3. p\u00f4stna nede\u013ea za veriacich Bodice: na \u00famysel + M\u00e1ria Bolibruchov\u00e1 Kr\u00ed\u017eov\u00e1 cesta o\u00a014:00 \u2013 lektori Pondelok 9.3. 17:30 Pondelok po 3. p\u00f4stnej nedeli + Milan \u00a0\u00a0 Utorok 10.3. 17:30 Utorok po 3. [&hellip;]<\/p>\n","protected":false},"author":1,"featured_media":0,"comment_status":"closed","ping_status":"closed","sticky":false,"template":"","format":"standard","meta":{"_links_to":"","_links_to_target":""},"categories":[4,19],"tags":[],"_links":{"self":[{"href":"http:\/\/www.paludzka.fara.sk\/index.php?rest_route=\/wp\/v2\/posts\/8681"}],"collection":[{"href":"http:\/\/www.paludzka.fara.sk\/index.php?rest_route=\/wp\/v2\/posts"}],"about":[{"href":"http:\/\/www.paludzka.fara.sk\/index.php?rest_route=\/wp\/v2\/types\/post"}],"author":[{"embeddable":true,"href":"http:\/\/www.paludzka.fara.sk\/index.php?rest_route=\/wp\/v2\/users\/1"}],"replies":[{"embeddable":true,"href":"http:\/\/www.paludzka.fara.sk\/index.php?rest_route=%2Fwp%2Fv2%2Fcomments&post=8681"}],"version-history":[{"count":10,"href":"http:\/\/www.paludzka.fara.sk\/index.php?rest_route=\/wp\/v2\/posts\/8681\/revisions"}],"predecessor-version":[{"id":8900,"href":"http:\/\/www.paludzka.fara.sk\/index.php?rest_route=\/wp\/v2\/posts\/8681\/revisions\/8900"}],"wp:attachment":[{"href":"http:\/\/www.paludzka.fara.sk\/index.php?rest_route=%2Fwp%2Fv2%2Fmedia&parent=8681"}],"wp:term":[{"taxonomy":"category","embeddable":true,"href":"http:\/\/www.paludzka.fara.sk\/index.php?rest_route=%2Fwp%2Fv2%2Fcategories&post=8681"},{"taxonomy":"post_tag","embeddable":true,"href":"http:\/\/www.paludzka.fara.sk\/index.php?rest_route=%2Fwp%2Fv2%2Ftags&post=8681"}],"curies":[{"name":"wp","href":"https:\/\/api.w.org\/{rel}","templated":true}]}}