
{"id":8679,"date":"2026-03-01T00:00:17","date_gmt":"2026-02-28T23:00:17","guid":{"rendered":"http:\/\/www.paludzka.fara.sk\/?p=8679"},"modified":"2026-03-07T14:57:05","modified_gmt":"2026-03-07T13:57:05","slug":"farske-oznamy-1-3-8-3-2026","status":"publish","type":"post","link":"http:\/\/www.paludzka.fara.sk\/?p=8679","title":{"rendered":"Farsk\u00e9 oznamy 1.3.-8.3.2026"},"content":{"rendered":"\r\n<div class=\"row\" style=\"background: #feffee;\">\r\n<div class=\"col-md-3\"><img decoding=\"async\" class=\"img img-responsive img-fluid\" style=\"max-height: 120px; margin: 0 auto;\" src=\"http:\/\/www.paludzka.fara.sk\/wp-content\/uploads\/2026\/03\/misie_logo_1610.png\" \/><\/div>\r\n<div class=\"col-md-9 text-center\">\r\n<h2>Farsk\u00e9 misie v Liptovskom Mikul\u00e1\u0161i a v Pal\u00fadzke u\u017e<\/h2>\r\n<h3 id=\"demo\">\u00a0<\/h3>\r\n<\/div>\r\n<\/div>\r\n<div><!-- Display the countdown timer in an element --> <script type=\"text\/javascript\">\r\n<!-- myfunction(); \/\/-->\r\n\/\/ Set the date we're counting down to\r\nvar countDownDate = new Date(\"Mar 14, 2026 18:00:00\").getTime();\r\nvar endDate = new Date(\"Mar 22, 2026, 17:00:00\").getTime();\r\n\r\n\/\/ Update the countdown every 1 second\r\n  var x = setInterval(function() {\r\n  \/\/ Get today's date and time\r\n  var now = new Date().getTime();\r\n  \r\n  \/\/ Calculate the distance between now and the target date\r\n  var distance = countDownDate - now;\r\n  var distanceEnd = endDate - now;\r\n  \r\n  \/\/ Calculate days, hours, minutes, and seconds\r\n  var days = Math.floor(distance \/ (1000 * 60 * 60 * 24));\r\n  var hours = Math.floor((distance % (1000 * 60 * 60 * 24)) \/ (1000 * 60 * 60));\r\n  var minutes = Math.floor((distance % (1000 * 60 * 60)) \/ (1000 * 60));\r\n  var seconds = Math.floor((distance % (1000 * 60)) \/ 1000);\r\n\r\n  var daysLabel = \" dn\u00ed, \";\r\n  if (days > 0) {\r\n    if (days < 5) {\r\n        daysLabel = days < 2 ? \" de\u0148, \" : \" dni, \"; } } var hoursLabel = \" hod\u00edn, \"; if (hours > 0) {\r\n    if (hours < 5) {\r\n      hoursLabel = hours < 2 ? \" hodinu, \" : \" hodiny, \"; } } var minutesLabel = \" min\u00fat, \"; if (minutes > 0) {\r\n    if (minutes < 5) {\r\n      minutesLabel = minutes < 2 ? \" min\u00fatu, \" : \" min\u00faty, \"; } } var secondsLabel = \" sek\u00fand\"; if (seconds > 0) {\r\n    if (seconds < 5) {\r\n      secondsLabel = seconds < 2 ? \" sekundu\" : \" sekundy\";\r\n    }\r\n  }\r\n  \r\n  \/\/ Display the result in the element with id=\"demo\"\r\n  document.getElementById(\"demo\").innerHTML = \"o \" + days + daysLabel + hours + hoursLabel + minutes + minutesLabel + seconds + secondsLabel;\r\n  \r\n  \/\/ If the countdown is over, display \"EXPIRED\"\r\n  if (distanceEnd < 0) {\r\n    clearInterval(x);\r\n    document.getElementById(\"demo\").innerHTML = \"skon\u010dili!\";\r\n  }\r\n  else if (distance < 0) {\r\n    clearInterval(x);\r\n    document.getElementById(\"demo\").innerHTML = \"prebiehaj\u00fa!\";\r\n  }\r\n}, 1000);\r\n<\/script><\/div>\r\n\r\n<p>&nbsp;<\/p>\r\n<div class=\"table-responsive\">\r\n<table class=\"table table-bordered\">\r\n<thead>\r\n<tr>\r\n<th style=\"text-align: center; vertical-align: middle;\">De\u0148<\/th>\r\n<th style=\"text-align: center; vertical-align: middle;\">\u010cas<\/th>\r\n<th style=\"text-align: center; vertical-align: middle;\">Liturgick\u00fd kalend\u00e1r<\/th>\r\n<th style=\"text-align: center; vertical-align: middle;\">\u00damysel<\/th>\r\n<th style=\"text-align: center; vertical-align: middle;\">O\u010dak\u00e1vame<\/th>\r\n<\/tr>\r\n<\/thead>\r\n<tbody>\r\n<tr>\r\n<td style=\"text-align: center; vertical-align: middle;\"><strong>Nede\u013ea 1.3.<\/strong><\/td>\r\n<td style=\"text-align: center; vertical-align: middle;\">\r\n<p>7:00<\/p>\r\n<p><strong>8:15<\/strong><\/p>\r\n<p>9:45<\/p>\r\n<\/td>\r\n<td style=\"text-align: center; vertical-align: middle;\"><strong><span style=\"color: #800080;\">2. p\u00f4stna nede\u013ea<\/span><\/strong><\/td>\r\n<td style=\"text-align: center; vertical-align: middle;\">\r\n<p>+ Jozef Hagovsk\u00fd, k\u0148az<\/p>\r\n<p><strong>Bodice:<\/strong> na \u00famysel<\/p>\r\n<p>za veriacich<\/p>\r\n<\/td>\r\n<td style=\"text-align: center; vertical-align: middle;\">Kr\u00ed\u017eov\u00e1 cesta o\u00a014:00 \u2013 seniori<\/td>\r\n<\/tr>\r\n<tr>\r\n<td style=\"text-align: center; vertical-align: middle;\">Pondelok 2.3.<\/td>\r\n<td style=\"text-align: center; vertical-align: middle;\">17:30<\/td>\r\n<td style=\"text-align: center; vertical-align: middle;\"><span style=\"color: #800080;\">Pondelok po 2. p\u00f4stnej nedeli<\/span><\/td>\r\n<td style=\"text-align: center; vertical-align: middle;\">za zdravie Pavla<\/td>\r\n<td style=\"text-align: center; vertical-align: middle;\"><span style=\"color: #000000;\">vysluhovanie sv. zmierenia od 17:00\u00a0\u00a0<\/span><\/td>\r\n<\/tr>\r\n<tr>\r\n<td style=\"text-align: center; vertical-align: middle;\">Utorok 3.3.<\/td>\r\n<td style=\"text-align: center; vertical-align: middle;\">17:30<\/td>\r\n<td style=\"text-align: center; vertical-align: middle;\"><span style=\"color: #800080;\">Utorok po 2. p\u00f4stnej nedeli<\/span><\/td>\r\n<td style=\"text-align: center; vertical-align: middle;\">za Bo\u017eie po\u017eehnanie pre rodinu \u010casary, Luk\u00e1\u010dov\u00fa, Pa\u010d\u00fatov\u00fa<\/td>\r\n<td style=\"text-align: center; vertical-align: middle;\">vysluhovanie sv. zmierenia od 17:00<\/td>\r\n<\/tr>\r\n<tr>\r\n<td style=\"text-align: center; vertical-align: middle;\">Streda 4.3.<\/td>\r\n<td style=\"text-align: center; vertical-align: middle;\">7:00<\/td>\r\n<td style=\"text-align: center; vertical-align: middle;\"><span style=\"color: #800080;\">Streda po 2. p\u00f4stnej nedeli<\/span><\/td>\r\n<td style=\"text-align: center; vertical-align: middle;\">za Bo\u017eie po\u017eehnanie pre man\u017eelov Tibora a Annu<\/td>\r\n<td style=\"text-align: center; vertical-align: middle;\">\u00a0<\/td>\r\n<\/tr>\r\n<tr>\r\n<td style=\"text-align: center; vertical-align: middle;\">\u0160tvrtok 5.3.<\/td>\r\n<td style=\"text-align: center; vertical-align: middle;\">17:30<\/td>\r\n<td style=\"text-align: center; vertical-align: middle;\"><span style=\"color: #800080;\">\u0160tvrtok po 2. p\u00f4stnej nedeli<\/span><\/td>\r\n<td style=\"text-align: center; vertical-align: middle;\">za Bo\u017eie po\u017eehnanie pre rodinu darcu<\/td>\r\n<td style=\"text-align: center; vertical-align: middle;\">\r\n<p>Ador\u00e1cia od 16:30 <br \/>De\u0148 modlitieb za duchovn\u00e9 povolania<\/p>\r\n<p>vysluhovanie sv. zmierenia od 16:30<\/p>\r\n<p><span style=\"color: #ff0000;\">Deviatnik \u2013 nov\u00e9na pred misiami<\/span><\/p>\r\n<\/td>\r\n<\/tr>\r\n<tr>\r\n<td style=\"text-align: center; vertical-align: middle;\">Piatok 6.3.<\/td>\r\n<td style=\"text-align: center; vertical-align: middle;\">\r\n<p><strong>16:00<\/strong><\/p>\r\n<p>17:30<\/p>\r\n<\/td>\r\n<td style=\"text-align: center; vertical-align: middle;\"><span style=\"color: #800080;\">Piatok po 2. p\u00f4stnej nedeli<\/span><\/td>\r\n<td style=\"text-align: center; vertical-align: middle;\">\r\n<p><strong>Bodice:<\/strong> na \u00famysel<\/p>\r\n<p>+ Ondrej, Franti\u0161ka a Miroslav<\/p>\r\n<\/td>\r\n<td style=\"text-align: center; vertical-align: middle;\">\r\n<p>n\u00e1v\u0161teva chor\u00fdch od 8:00<\/p>\r\n<p><strong>Bodice:<\/strong> sv. zmierenia od 15:30<\/p>\r\n<p>Kr\u00ed\u017eov\u00e1 cesta o 17:30 \u2013 Prvoprij\u00edmaj\u00face deti a rodi\u010dia, <br \/>n\u00e1cvik o 16:45 na fare<\/p>\r\n<\/td>\r\n<\/tr>\r\n<tr>\r\n<td style=\"text-align: center; vertical-align: middle;\">Sobota 7.3.<\/td>\r\n<td style=\"text-align: center; vertical-align: middle;\">8:00<\/td>\r\n<td style=\"text-align: center; vertical-align: middle;\"><span style=\"color: #800080;\">Sobota po 2. p\u00f4stnej nedeli <\/span><\/td>\r\n<td style=\"text-align: center; vertical-align: middle;\">+ Nela, Anton, Filom\u00e9na<\/td>\r\n<td style=\"text-align: center; vertical-align: middle;\">Fatimsk\u00e1 pobo\u017enos\u0165 o 8:00<\/td>\r\n<\/tr>\r\n<tr>\r\n<td style=\"text-align: center; vertical-align: middle;\"><strong>Nede\u013ea 8.3.<\/strong><\/td>\r\n<td style=\"text-align: center; vertical-align: middle;\">\r\n<p>7:00<\/p>\r\n<p><strong>8:15<\/strong><\/p>\r\n<p>9:45<\/p>\r\n<\/td>\r\n<td style=\"text-align: center; vertical-align: middle;\"><strong><span style=\"color: #800080;\">3. p\u00f4stna nede\u013ea<\/span><\/strong><\/td>\r\n<td style=\"text-align: center; vertical-align: middle;\">\r\n<p>za veriacich<\/p>\r\n<p><strong>Bodice:<\/strong> na \u00famysel<\/p>\r\n<p>+ M\u00e1ria Bolibruchov\u00e1<\/p>\r\n<\/td>\r\n<td style=\"text-align: center; vertical-align: middle;\">Kr\u00ed\u017eov\u00e1 cesta o 14:00 lektori<\/td>\r\n<\/tr>\r\n<\/tbody>\r\n<\/table>\r\n<\/div>\r\n<ul>\r\n<li>v na\u0161ej farnosti bud\u00fa <strong>\u013dudov\u00e9 misie v term\u00edne 14. - 22.3. 2026<\/strong>. Program misi\u00ed si m\u00f4\u017ee zobra\u0165 vzadu na stol\u00edku.<\/li>\r\n<li>v piatok kr\u00ed\u017eov\u00e1 cesta a sv. om\u0161a za \u00fa\u010dasti det\u00ed.<\/li>\r\n<li>Bohuzn\u00e1ma na kostol v \u00a0Bodiciach darovala 100 \u20ac. Na opravu organu v Pal\u00fadzke obetovali 50 a 100 \u20ac. P\u00e1n Boh zapla\u0165 a po\u017eehnaj v\u0161etk\u00fdch darcov.<\/li>\r\n<li>v zbierke na charitu sme prispeli 460 \u20ac z toho 35 \u20ac darovalo ru\u017eencov\u00e9 spolo\u010denstvo. P\u00e1n Boh zapla\u0165.<\/li>\r\n<li>o upratovanie kostola pros\u00edm rodiny Jantol\u00e1kov\u00fa, Kov\u00e1\u010dov\u00fa, Slafkovsk\u00fa a Ko\u0161\u00fatov\u00fa. Upratovanie bude v sobotu. P\u00e1n Boh zapla\u0165 za slu\u017ebu.<\/li>\r\n<\/ul>","protected":false},"excerpt":{"rendered":"<p>Farsk\u00e9 misie v Liptovskom Mikul\u00e1\u0161i a v Pal\u00fadzke u\u017e \u00a0 &nbsp; De\u0148 \u010cas Liturgick\u00fd kalend\u00e1r \u00damysel O\u010dak\u00e1vame Nede\u013ea 1.3. 7:00 8:15 9:45 2. p\u00f4stna nede\u013ea + Jozef Hagovsk\u00fd, k\u0148az Bodice: na \u00famysel za veriacich Kr\u00ed\u017eov\u00e1 cesta o\u00a014:00 \u2013 seniori Pondelok 2.3. 17:30 Pondelok po 2. p\u00f4stnej nedeli za zdravie Pavla vysluhovanie sv. zmierenia od 17:00\u00a0\u00a0 [&hellip;]<\/p>\n","protected":false},"author":1,"featured_media":0,"comment_status":"closed","ping_status":"closed","sticky":false,"template":"","format":"standard","meta":{"_links_to":"","_links_to_target":""},"categories":[4,19],"tags":[],"_links":{"self":[{"href":"http:\/\/www.paludzka.fara.sk\/index.php?rest_route=\/wp\/v2\/posts\/8679"}],"collection":[{"href":"http:\/\/www.paludzka.fara.sk\/index.php?rest_route=\/wp\/v2\/posts"}],"about":[{"href":"http:\/\/www.paludzka.fara.sk\/index.php?rest_route=\/wp\/v2\/types\/post"}],"author":[{"embeddable":true,"href":"http:\/\/www.paludzka.fara.sk\/index.php?rest_route=\/wp\/v2\/users\/1"}],"replies":[{"embeddable":true,"href":"http:\/\/www.paludzka.fara.sk\/index.php?rest_route=%2Fwp%2Fv2%2Fcomments&post=8679"}],"version-history":[{"count":5,"href":"http:\/\/www.paludzka.fara.sk\/index.php?rest_route=\/wp\/v2\/posts\/8679\/revisions"}],"predecessor-version":[{"id":8895,"href":"http:\/\/www.paludzka.fara.sk\/index.php?rest_route=\/wp\/v2\/posts\/8679\/revisions\/8895"}],"wp:attachment":[{"href":"http:\/\/www.paludzka.fara.sk\/index.php?rest_route=%2Fwp%2Fv2%2Fmedia&parent=8679"}],"wp:term":[{"taxonomy":"category","embeddable":true,"href":"http:\/\/www.paludzka.fara.sk\/index.php?rest_route=%2Fwp%2Fv2%2Fcategories&post=8679"},{"taxonomy":"post_tag","embeddable":true,"href":"http:\/\/www.paludzka.fara.sk\/index.php?rest_route=%2Fwp%2Fv2%2Ftags&post=8679"}],"curies":[{"name":"wp","href":"https:\/\/api.w.org\/{rel}","templated":true}]}}