
{"id":8574,"date":"2026-02-22T00:00:43","date_gmt":"2026-02-21T23:00:43","guid":{"rendered":"http:\/\/www.paludzka.fara.sk\/?p=8574"},"modified":"2026-02-21T15:48:27","modified_gmt":"2026-02-21T14:48:27","slug":"farske-oznamy-22-2-1-3-2026","status":"publish","type":"post","link":"http:\/\/www.paludzka.fara.sk\/?p=8574","title":{"rendered":"Farsk\u00e9 oznamy 22.2.-1.3.2026"},"content":{"rendered":"<div class=\"table-responsive\">\n<table class=\"table table-bordered\">\n<thead>\n<tr>\n<th style=\"text-align: center; vertical-align: middle;\">De\u0148<\/th>\n<th style=\"text-align: center; vertical-align: middle;\">\u010cas<\/th>\n<th style=\"text-align: center; vertical-align: middle;\">Liturgick\u00fd kalend\u00e1r<\/th>\n<th style=\"text-align: center; vertical-align: middle;\">\u00damysel<\/th>\n<th style=\"text-align: center; vertical-align: middle;\">O\u010dak\u00e1vame<\/th>\n<\/tr>\n<\/thead>\n<tbody>\n<tr>\n<td style=\"text-align: center; vertical-align: middle;\"><strong>Nede\u013ea 22.2.<\/strong><\/td>\n<td style=\"text-align: center; vertical-align: middle;\">7:00<\/p>\n<p><strong>8:15<\/strong><\/p>\n<p>9:45<\/td>\n<td style=\"text-align: center; vertical-align: middle;\"><strong><span style=\"color: #800080;\">1. p\u00f4stna nede\u013ea<\/span><\/strong><\/td>\n<td style=\"text-align: center; vertical-align: middle;\">za Bo\u017eiu pomoc a dary Ducha Sv\u00e4t\u00e9ho pre Vikt\u00f3riu<\/p>\n<p><strong>Bodice:<\/strong> na \u00famysel<\/p>\n<p>za veriacich<\/td>\n<td style=\"text-align: center; vertical-align: middle;\"><span style=\"color: #ff0000;\">Zbierka na charitu<\/span><\/p>\n<p>Kr\u00ed\u017eov\u00e1 cesta o\u00a014:00 \u2013 man\u017eelia<\/td>\n<\/tr>\n<tr>\n<td style=\"text-align: center; vertical-align: middle;\">Pondelok 23.2.<\/td>\n<td style=\"text-align: center; vertical-align: middle;\">17:30<\/td>\n<td style=\"text-align: center; vertical-align: middle;\"><span style=\"color: #800080;\">Pondelok po 1. p\u00f4stnej nedeli<\/span><\/td>\n<td style=\"text-align: center; vertical-align: middle;\">za Bo\u017eie po\u017eehnanie det\u00ed a vn\u00fa\u010dat<\/td>\n<td style=\"text-align: center; vertical-align: middle;\"><span style=\"color: #ff0000;\"><span style=\"color: #000000;\">zapisovanie \u00famyslov sv. om\u0161\u00ed<\/span>\u00a0<\/span><\/td>\n<\/tr>\n<tr>\n<td style=\"text-align: center; vertical-align: middle;\">Utorok 24.2.<\/td>\n<td style=\"text-align: center; vertical-align: middle;\">17:30<\/td>\n<td style=\"text-align: center; vertical-align: middle;\"><span style=\"color: #800080;\">Utorok po 1. p\u00f4stnej nedeli<\/span><\/td>\n<td style=\"text-align: center; vertical-align: middle;\">za sestru Magdal\u00e9nu s rodinou<\/td>\n<td style=\"text-align: center; vertical-align: middle;\"><\/td>\n<\/tr>\n<tr>\n<td style=\"text-align: center; vertical-align: middle;\">Streda 25.2.<\/td>\n<td style=\"text-align: center; vertical-align: middle;\">7:00<\/td>\n<td style=\"text-align: center; vertical-align: middle;\"><span style=\"color: #800080;\">Streda po 1. p\u00f4stnej nedeli<\/span><\/td>\n<td style=\"text-align: center; vertical-align: middle;\">za Bo\u017eie po\u017eehnanie a dary Ducha Sv\u00e4t\u00e9ho pre syna Mateja<\/td>\n<td style=\"text-align: center; vertical-align: middle;\"><\/td>\n<\/tr>\n<tr>\n<td style=\"text-align: center; vertical-align: middle;\">\u0160tvrtok 26.2.<\/td>\n<td style=\"text-align: center; vertical-align: middle;\">17:30<\/td>\n<td style=\"text-align: center; vertical-align: middle;\"><span style=\"color: #800080;\">\u0160tvrtok po 1. p\u00f4stnej nedeli<\/span><\/td>\n<td style=\"text-align: center; vertical-align: middle;\">+ Jozef a Em\u00edlia Lepp<\/td>\n<td style=\"text-align: center; vertical-align: middle;\"><span style=\"color: #ff0000;\">ador\u00e1cia od 17:00<\/span><\/td>\n<\/tr>\n<tr>\n<td style=\"text-align: center; vertical-align: middle;\">Piatok 27.2.<\/td>\n<td style=\"text-align: center; vertical-align: middle;\">17:30<\/td>\n<td style=\"text-align: center; vertical-align: middle;\"><span style=\"color: #800080;\">Piatok po 1. p\u00f4stnej nedeli<\/span><\/td>\n<td style=\"text-align: center; vertical-align: middle;\">+ Jozef a\u00a0Anna \u017duffa<\/td>\n<td style=\"text-align: center; vertical-align: middle;\">Kr\u00ed\u017eov\u00e1 cesta o\u00a017:30 \u2013<br \/>\nPoz\u00fdvame deti a birmovancov.N\u00e1cvik o\u00a016:45 na fare.<\/td>\n<\/tr>\n<tr>\n<td style=\"text-align: center; vertical-align: middle;\">Sobota 28.2.<\/td>\n<td style=\"text-align: center; vertical-align: middle;\">8:00<\/td>\n<td style=\"text-align: center; vertical-align: middle;\"><span style=\"color: #800080;\">Sobota po 1. p\u00f4stnej nedeli <\/span><\/td>\n<td style=\"text-align: center; vertical-align: middle;\">po\u010fakovanie za 61 rokov spolo\u010dn\u00e9ho \u017eivota<\/td>\n<td style=\"text-align: center; vertical-align: middle;\"><\/td>\n<\/tr>\n<tr>\n<td style=\"text-align: center; vertical-align: middle;\"><strong>Nede\u013ea 1.3.<\/strong><\/td>\n<td style=\"text-align: center; vertical-align: middle;\">7:00<\/p>\n<p><strong>8:15<\/strong><\/p>\n<p>9:45<\/td>\n<td style=\"text-align: center; vertical-align: middle;\"><strong><span style=\"color: #800080;\">2. p\u00f4stna nede\u013ea<\/span><\/strong><\/td>\n<td style=\"text-align: center; vertical-align: middle;\">+ Jozef Hagovsk\u00fd, k\u0148az<\/p>\n<p><strong>Bodice:<\/strong> na \u00famysel<\/p>\n<p>za veriacich<\/td>\n<td style=\"text-align: center; vertical-align: middle;\">Kr\u00ed\u017eov\u00e1 cesta o 14:00 seniori<\/td>\n<\/tr>\n<\/tbody>\n<\/table>\n<\/div>\n<ul>\n<li>jarn\u00e9 k\u00e1ntrov\u00e9 dni s\u00fa na bud\u00faci t\u00fd\u017ede\u0148 v stredu, piatok a sobotu. Z\u00e1v\u00e4zn\u00fd je iba jeden de\u0148. Obsah jarn\u00fdch k\u00e1ntrov\u00fdch dn\u00ed: Pr\u00edprava na pok\u00e1nie a na sviatos\u0165 zmierenia a \u010dinorod\u00e1 l\u00e1ska k bl\u00ed\u017enemu.<\/li>\n<li>v na\u0161ej farnosti bud\u00fa <a href=\"http:\/\/www.paludzka.fara.sk\/?cat=28\"><strong>\u013dudov\u00e9 misie v term\u00edne 14. &#8211; 22.3. 2026<\/strong><\/a>.<\/li>\n<li>v dne\u0161n\u00fa nede\u013eu je zbierka na charitu. P\u00e1n Boh zapla\u0165.<\/li>\n<li>v pondelok po sv. om\u0161i budem zapisova\u0165 \u00famysly sv. om\u0161\u00ed na mesiac marec.<\/li>\n<li>v piatok kr\u00ed\u017eov\u00e1 cesta a sv. om\u0161a za \u00fa\u010dasti birmovancov.<\/li>\n<li>v zbierke na odvodnenie kostola v Bodiciach ste prispeli 195 \u20ac. Z pohrebu + Martina Triznu na kostol v Bodiciach darovali 100 \u20ac. Na opravu organu v Pal\u00fadzke sa vyzbieralo 725 \u20ac. Na opravu organu Bohuzn\u00e1mi darovali 30, 50, 40 \u20ac. P\u00e1n Boh zapla\u0165 za va\u0161e \u0161tedr\u00e9 srdcia.<\/li>\n<li>o upratovanie kostola pros\u00edm rodiny Vdovcov\u00fa, Bebkov\u00fa, Rybovi\u010dov\u00fa, \u0160e\u010fov\u00fa a Sajfertov\u00fa. Upratovanie bude v sobotu. P\u00e1n Boh zapla\u0165 za slu\u017ebu.<\/li>\n<\/ul>\n<p><strong>Otvorenie Jubilejn\u00e9ho roka<\/strong><br \/>\nDrah\u00ed bratia a sestry, v piatok 13. marca 2026 sa v na\u0161ej diec\u00e9ze sl\u00e1vnostne za\u010dne jubilejn\u00fd rok pri pr\u00edle\u017eitosti 250. v\u00fdro\u010dia jej zalo\u017eenia.\u00a0 Je to v\u00fdznamn\u00e1 a radostn\u00e1 udalos\u0165 pre cel\u00fa na\u0161u miestnu Cirkev. Sl\u00e1vnostn\u00e1 sv\u00e4t\u00e1 om\u0161a na otvorenie jubilea bude v piatok 13. marca o 17:00 v Konkatedr\u00e1le Sedembolestnej Panny M\u00e1rie v Poprade. Hlavn\u00fdm celebrantom bude Jeho Eminencia kardin\u00e1l P\u00e9ter Erd\u0151. P\u00e1n biskup Franti\u0161ek pri tejto pr\u00edle\u017eitosti ude\u013euje na tento de\u0148 pre cel\u00fa diec\u00e9zu di\u0161penz od piatkov\u00e9ho p\u00f4stu, ke\u010f\u017ee ide o ve\u013ek\u00fd sviatok na\u0161ej diec\u00e9znej rodiny. V\u0161etk\u00fdch v\u00e1s srde\u010dne poz\u00fdvam, aby ste sa pod\u013ea svojich mo\u017enost\u00ed z\u00fa\u010dastnili tejto sl\u00e1vnosti v Poprade. Je pripraven\u00fd aj ve\u013ek\u00fd stan s obrazovkou, aby ste v\u0161etci mohli by\u0165 pr\u00edtomn\u00ed. Nech je toto jubileum pre n\u00e1s \u010dasom v\u010fa\u010dnosti, jednoty a obnovenej horlivosti pre P\u00e1na a jeho Cirkev.<\/p>\n<p><strong>Bro\u017e\u00farka<\/strong><br \/>\nPripravili sme pre v\u00e1s bro\u017e\u00farku so z\u00e1kladn\u00fdmi inform\u00e1ciami o Jubilejnom roku pri pr\u00edle\u017eitosti 250. v\u00fdro\u010dia Spi\u0161skej diec\u00e9zy, ktor\u00fa si m\u00f4\u017eete vzia\u0165 po sv\u00e4tej om\u0161i do ka\u017edej rodiny.<\/p>\n<p><strong>Jubilejn\u00e1 webov\u00e1 str\u00e1nka<\/strong><br \/>\nD\u00e1vame do pozornosti nov\u00fa diec\u00e9znu webov\u00fa str\u00e1nku\u00a0<a href=\"http:\/\/jubileum.kapitula.sk\">jubileum.kapitula.sk<\/a>, kde n\u00e1jdete inform\u00e1cie o priebehu Jubilea na\u0161ej diec\u00e9zy. Na tejto str\u00e1nke je mo\u017enos\u0165 prihl\u00e1si\u0165 sa na odber pravideln\u00e9ho newslettera, ktor\u00fd budeme posiela\u0165 v\u0161etk\u00fdm so v\u0161etk\u00fdmi aktu\u00e1lnymi inform\u00e1ciami pri pr\u00edle\u017eitosti v\u00fdro\u010dia diec\u00e9zy.<\/p>\n<p>&nbsp;<\/p>\n<p><strong>N\u00e1rodn\u00e9 stretnutie ml\u00e1de\u017ee<br \/>\n<\/strong>Rada pre ml\u00e1de\u017e a univerzity KBS poz\u00fdva v\u0161etk\u00fdch mlad\u00fdch na N\u00e1rodn\u00e9 stretnutie ml\u00e1de\u017ee P26, ktor\u00e9 sa uskuto\u010dn\u00ed od 31. j\u00fala do 2. augusta 2026 v Poprade. Prihlasovanie pre mlad\u00fdch vo veku 14 \u2013 35 rokov bude spusten\u00e9 od 26. febru\u00e1ra 2026. Viac inform\u00e1ci\u00ed a prihlasovanie n\u00e1jdete na str\u00e1nke\u00a0<a href=\"http:\/\/www.narodnestretnutiemladeze.sk\">www.narodnestretnutiemladeze.sk<\/a>. Stretnutiu predch\u00e1dza duchovn\u00e1 pr\u00edprava Bu\u010f svetlom!, ktorej s\u00fa\u010das\u0165ou je aj kr\u00ed\u017eov\u00e1 cesta Bludiskami, zverejnen\u00e1 na Popolcov\u00fa stredu, m\u00f4\u017eete ju vyu\u017ei\u0165 vo svojej farnosti. Cel\u00e9 znenie kr\u00ed\u017eovej cesty n\u00e1jdete tu:\u00a0<a href=\"https:\/\/narodnestretnutiemladeze.sk\/katechezy\/krizova-cesta-bludiskami\/\">Kr\u00ed\u017eov\u00e1 cesta bludiskami<\/a>.<\/p>\n","protected":false},"excerpt":{"rendered":"<p>De\u0148 \u010cas Liturgick\u00fd kalend\u00e1r \u00damysel O\u010dak\u00e1vame Nede\u013ea 22.2. 7:00 8:15 9:45 1. p\u00f4stna nede\u013ea za Bo\u017eiu pomoc a dary Ducha Sv\u00e4t\u00e9ho pre Vikt\u00f3riu Bodice: na \u00famysel za veriacich Zbierka na charitu Kr\u00ed\u017eov\u00e1 cesta o\u00a014:00 \u2013 man\u017eelia Pondelok 23.2. 17:30 Pondelok po 1. p\u00f4stnej nedeli za Bo\u017eie po\u017eehnanie det\u00ed a vn\u00fa\u010dat zapisovanie \u00famyslov sv. om\u0161\u00ed\u00a0 Utorok [&hellip;]<\/p>\n","protected":false},"author":1,"featured_media":0,"comment_status":"closed","ping_status":"closed","sticky":false,"template":"","format":"standard","meta":{"_links_to":"","_links_to_target":""},"categories":[4,19],"tags":[],"_links":{"self":[{"href":"http:\/\/www.paludzka.fara.sk\/index.php?rest_route=\/wp\/v2\/posts\/8574"}],"collection":[{"href":"http:\/\/www.paludzka.fara.sk\/index.php?rest_route=\/wp\/v2\/posts"}],"about":[{"href":"http:\/\/www.paludzka.fara.sk\/index.php?rest_route=\/wp\/v2\/types\/post"}],"author":[{"embeddable":true,"href":"http:\/\/www.paludzka.fara.sk\/index.php?rest_route=\/wp\/v2\/users\/1"}],"replies":[{"embeddable":true,"href":"http:\/\/www.paludzka.fara.sk\/index.php?rest_route=%2Fwp%2Fv2%2Fcomments&post=8574"}],"version-history":[{"count":5,"href":"http:\/\/www.paludzka.fara.sk\/index.php?rest_route=\/wp\/v2\/posts\/8574\/revisions"}],"predecessor-version":[{"id":8693,"href":"http:\/\/www.paludzka.fara.sk\/index.php?rest_route=\/wp\/v2\/posts\/8574\/revisions\/8693"}],"wp:attachment":[{"href":"http:\/\/www.paludzka.fara.sk\/index.php?rest_route=%2Fwp%2Fv2%2Fmedia&parent=8574"}],"wp:term":[{"taxonomy":"category","embeddable":true,"href":"http:\/\/www.paludzka.fara.sk\/index.php?rest_route=%2Fwp%2Fv2%2Fcategories&post=8574"},{"taxonomy":"post_tag","embeddable":true,"href":"http:\/\/www.paludzka.fara.sk\/index.php?rest_route=%2Fwp%2Fv2%2Ftags&post=8574"}],"curies":[{"name":"wp","href":"https:\/\/api.w.org\/{rel}","templated":true}]}}