
{"id":84,"date":"2017-06-01T00:01:00","date_gmt":"2017-05-31T22:01:00","guid":{"rendered":"http:\/\/www.paludzka.fara.sk\/?p=84"},"modified":"2017-06-01T14:09:57","modified_gmt":"2017-06-01T12:09:57","slug":"prototyp-oznamov","status":"publish","type":"post","link":"http:\/\/www.paludzka.fara.sk\/?p=84","title":{"rendered":"Prototyp oznamov"},"content":{"rendered":"<h2 style=\"text-align: center;\">Tieto oznamy s\u00fa len sk\u00fa\u0161obnou verziou obsahu. Ich obsah nemus\u00ed celkom zodpoveda\u0165 skuto\u010dnosti!<\/h2>\n<h3 style=\"text-align: center;\">Liturgick\u00fd preh\u013ead a program bohoslu\u017eieb na t\u00fd\u017ede\u0148 28.5. &#8211; 4.6. 2017<\/h3>\n<p><strong>Oznamy pre farsk\u00fd kostol:<\/strong><\/p>\n<div class=\"table-responsive\">\n<table class=\"table table-bordered\">\n<thead>\n<tr>\n<th style=\"text-align: center;\">d\u00e1tum<\/th>\n<th style=\"text-align: center;\">sv. om\u0161a<\/th>\n<th style=\"text-align: center;\">liturgick\u00fd de\u0148<\/th>\n<th style=\"text-align: center;\">\u00famysel<\/th>\n<\/tr>\n<\/thead>\n<tbody>\n<tr>\n<td style=\"text-align: center;\"><strong>nede\u013ea 28.5.<\/strong><\/td>\n<td style=\"text-align: center;\"><strong>9:30<\/strong><\/td>\n<td style=\"text-align: center;\"><strong>7. ve\u013ekono\u010dn\u00e1 nede\u013ea,\u00a0<\/strong><\/p>\n<p>sl\u00e1vnos\u0165 prv\u00e9ho sv\u00e4t\u00e9ho<\/p>\n<p>prij\u00edmania<\/td>\n<td style=\"text-align: center;\"><strong>za farnos\u0165<\/strong><\/td>\n<\/tr>\n<tr>\n<td style=\"text-align: center;\">pondelok 29.5.<\/td>\n<td style=\"text-align: center;\">18:00<\/td>\n<td style=\"text-align: center;\">pondelok po 7. ve\u013ekono\u010dnej nedeli<\/td>\n<td style=\"text-align: center;\">+<\/td>\n<\/tr>\n<tr>\n<td style=\"text-align: center;\">utorok 30.5.<\/td>\n<td style=\"text-align: center;\">18:00<\/td>\n<td style=\"text-align: center;\">\u00a0utorok po 7. ve\u013ekono\u010dnej nedeli<\/td>\n<td style=\"text-align: center;\">+<\/td>\n<\/tr>\n<tr>\n<td style=\"text-align: center;\">streda 31.5.<\/td>\n<td style=\"text-align: center;\">18:00<\/td>\n<td style=\"text-align: center;\">\u00a0streda\u00a0po 7. ve\u013ekono\u010dnej nedeli<\/td>\n<td style=\"text-align: center;\">+<\/td>\n<\/tr>\n<tr>\n<td style=\"text-align: center;\">\u0161tvrtok 1.6.<\/td>\n<td style=\"text-align: center;\">7:00<\/td>\n<td style=\"text-align: center;\"><em>Sv. Just\u00edna, mu\u010den\u00edka<\/em><\/td>\n<td style=\"text-align: center;\">+<\/td>\n<\/tr>\n<tr>\n<td style=\"text-align: center;\">piatok 2.6.<\/td>\n<td style=\"text-align: center;\">18:00<\/td>\n<td style=\"text-align: center;\">\u00a0piatok\u00a0po 7. ve\u013ekono\u010dnej nedeli<\/td>\n<td style=\"text-align: center;\">+<\/td>\n<\/tr>\n<tr>\n<td style=\"text-align: center;\">sobota 3.6.<\/td>\n<td style=\"text-align: center;\">8:00<\/td>\n<td style=\"text-align: center;\"><em>Sv. Karola Lwangu a spolo\u010dn\u00edkov, mu\u010den\u00edkov<\/em><\/td>\n<td style=\"text-align: center;\">+<\/td>\n<\/tr>\n<tr>\n<td style=\"text-align: center;\"><strong>nede\u013ea 4.6.<\/strong><\/td>\n<td style=\"text-align: center;\"><strong>9:30<\/strong><\/td>\n<td style=\"text-align: center;\"><strong>Zoslanie Ducha Sv\u00e4t\u00e9ho<\/strong><\/td>\n<td style=\"text-align: center;\"><strong>za farnos\u0165<\/strong><\/td>\n<\/tr>\n<\/tbody>\n<\/table>\n<\/div>\n<p><strong>Oznamy pre fili\u00e1lku Bodice:<\/strong><\/p>\n<div class=\"table-responsive\">\n<table class=\"table table-bordered\">\n<thead>\n<tr style=\"height: 24px;\">\n<th style=\"text-align: center; height: 24px;\">d\u00e1tum<\/th>\n<th style=\"text-align: center; height: 24px;\">sv. om\u0161a<\/th>\n<th style=\"text-align: center; height: 24px;\">liturgick\u00fd de\u0148<\/th>\n<\/tr>\n<\/thead>\n<tbody>\n<tr style=\"height: 24px;\">\n<td style=\"text-align: center; height: 24px;\"><strong>nede\u013ea 28.5.<\/strong><\/td>\n<td style=\"text-align: center; height: 24px;\"><strong>8:00<\/strong><\/td>\n<td style=\"text-align: center; height: 24px;\"><strong>7. ve\u013ekono\u010dn\u00e1 nede\u013ea<\/strong><\/td>\n<\/tr>\n<tr style=\"height: 24px;\">\n<td style=\"text-align: center; height: 24px;\"><strong>nede\u013ea 4.6.<\/strong><\/td>\n<td style=\"text-align: center; height: 24px;\"><strong>8:00<\/strong><\/td>\n<td style=\"text-align: center; height: 24px;\"><strong>Zoslanie Ducha Sv\u00e4t\u00e9ho\u00a0<\/strong><\/td>\n<\/tr>\n<\/tbody>\n<\/table>\n<\/div>\n<p><strong>Oznamy pre kaplnku v nemocnici:<\/strong><\/p>\n<div class=\"table-responsive\">\n<table class=\"table table-bordered\">\n<thead>\n<tr>\n<th style=\"text-align: center;\">d\u00e1tum<\/th>\n<th style=\"text-align: center;\">sv. om\u0161a<\/th>\n<th style=\"text-align: center;\">liturgick\u00fd de\u0148<\/th>\n<\/tr>\n<\/thead>\n<tbody>\n<tr>\n<td style=\"text-align: center;\"><strong>nede\u013ea 4.6.<\/strong><\/td>\n<td style=\"text-align: center;\"><strong>11:00<\/strong><\/td>\n<td style=\"text-align: center;\"><strong>Zoslanie Ducha Sv\u00e4t\u00e9ho<\/strong><\/td>\n<\/tr>\n<\/tbody>\n<\/table>\n<\/div>\n<p><strong>V\u0161eobecn\u00e9 oznamy:<\/strong><\/p>\n<ul>\n<li>n\u00e1cvik detsk\u00e9ho spevokolu &#8230;<\/li>\n<li>na bud\u00facu nede\u013eu 4.6.2017 v na\u0161om kostole vyst\u00fapi spev\u00e1k Pavel Helan. Koncert bude o 15:00.<\/li>\n<li>upratovanie kostola m\u00e1 na starosti skupina \u010d. X<\/li>\n<\/ul>\n","protected":false},"excerpt":{"rendered":"<p>Tieto oznamy s\u00fa len sk\u00fa\u0161obnou verziou obsahu. Ich obsah nemus\u00ed celkom zodpoveda\u0165 skuto\u010dnosti! Liturgick\u00fd preh\u013ead a program bohoslu\u017eieb na t\u00fd\u017ede\u0148 28.5. &#8211; 4.6. 2017 Oznamy pre farsk\u00fd kostol: d\u00e1tum sv. om\u0161a liturgick\u00fd de\u0148 \u00famysel nede\u013ea 28.5. 9:30 7. ve\u013ekono\u010dn\u00e1 nede\u013ea,\u00a0 sl\u00e1vnos\u0165 prv\u00e9ho sv\u00e4t\u00e9ho prij\u00edmania za farnos\u0165 pondelok 29.5. 18:00 pondelok po 7. ve\u013ekono\u010dnej nedeli + [&hellip;]<\/p>\n","protected":false},"author":1,"featured_media":0,"comment_status":"open","ping_status":"open","sticky":false,"template":"","format":"standard","meta":{"_links_to":"","_links_to_target":""},"categories":[4,19],"tags":[],"_links":{"self":[{"href":"http:\/\/www.paludzka.fara.sk\/index.php?rest_route=\/wp\/v2\/posts\/84"}],"collection":[{"href":"http:\/\/www.paludzka.fara.sk\/index.php?rest_route=\/wp\/v2\/posts"}],"about":[{"href":"http:\/\/www.paludzka.fara.sk\/index.php?rest_route=\/wp\/v2\/types\/post"}],"author":[{"embeddable":true,"href":"http:\/\/www.paludzka.fara.sk\/index.php?rest_route=\/wp\/v2\/users\/1"}],"replies":[{"embeddable":true,"href":"http:\/\/www.paludzka.fara.sk\/index.php?rest_route=%2Fwp%2Fv2%2Fcomments&post=84"}],"version-history":[{"count":1,"href":"http:\/\/www.paludzka.fara.sk\/index.php?rest_route=\/wp\/v2\/posts\/84\/revisions"}],"predecessor-version":[{"id":85,"href":"http:\/\/www.paludzka.fara.sk\/index.php?rest_route=\/wp\/v2\/posts\/84\/revisions\/85"}],"wp:attachment":[{"href":"http:\/\/www.paludzka.fara.sk\/index.php?rest_route=%2Fwp%2Fv2%2Fmedia&parent=84"}],"wp:term":[{"taxonomy":"category","embeddable":true,"href":"http:\/\/www.paludzka.fara.sk\/index.php?rest_route=%2Fwp%2Fv2%2Fcategories&post=84"},{"taxonomy":"post_tag","embeddable":true,"href":"http:\/\/www.paludzka.fara.sk\/index.php?rest_route=%2Fwp%2Fv2%2Ftags&post=84"}],"curies":[{"name":"wp","href":"https:\/\/api.w.org\/{rel}","templated":true}]}}