
{"id":835,"date":"2019-02-10T00:00:23","date_gmt":"2019-02-09T23:00:23","guid":{"rendered":"http:\/\/www.paludzka.fara.sk\/?p=835"},"modified":"2019-02-10T13:25:38","modified_gmt":"2019-02-10T12:25:38","slug":"farske-oznamy-10-2-17-2-2019","status":"publish","type":"post","link":"http:\/\/www.paludzka.fara.sk\/?p=835","title":{"rendered":"Farsk\u00e9 oznamy 10.2.-17.2.2019"},"content":{"rendered":"<h3 style=\"text-align: center;\">Liturgick\u00fd preh\u013ead a program bohoslu\u017eieb na t\u00fd\u017ede\u0148 10.2. &#8211; 17.2. 2019<\/h3>\n<p><strong>Oznamy pre farsk\u00fd kostol:<\/strong><\/p>\n<div class=\"table-responsive\">\n<table class=\"table table-bordered\" style=\"height: 216px;\">\n<thead>\n<tr>\n<th>d\u00e1tum<\/th>\n<th>sv. om\u0161a<\/th>\n<th>liturgick\u00fd de\u0148<\/th>\n<th>\u00famysel<\/th>\n<\/tr>\n<\/thead>\n<tbody>\n<tr>\n<td style=\"text-align: center;\"><strong>Nede\u013ea 10.2.<\/strong><\/td>\n<td style=\"text-align: center;\"><strong>9:30<\/strong><\/td>\n<td style=\"text-align: center;\"><b>5. nede\u013ea v Cezro\u010dnom obdob\u00ed<\/b><\/td>\n<td style=\"text-align: center;\"><strong>za farnos\u0165<\/strong><\/td>\n<\/tr>\n<tr>\n<td style=\"text-align: center;\">Pondelok 11.2.<\/td>\n<td style=\"text-align: center;\">18:00<\/td>\n<td style=\"text-align: center;\">Preblahoslavenej Panny M\u00e1rie Lurdskej<\/td>\n<td style=\"text-align: center;\">na \u00famysel<\/td>\n<\/tr>\n<tr>\n<td style=\"text-align: center;\">Utorok 12.2.<\/td>\n<td style=\"text-align: center;\">18:00<\/td>\n<td style=\"text-align: center;\">Utorok 5. t\u00fd\u017ed\u0148a v Cezro\u010dnom obdob\u00ed<\/td>\n<td style=\"text-align: center;\">na \u00famysel<\/td>\n<\/tr>\n<tr>\n<td style=\"text-align: center;\">Streda 13.2.<\/td>\n<td style=\"text-align: center;\">18:00<\/td>\n<td style=\"text-align: center;\">Streda 5. t\u00fd\u017ed\u0148a v Cezro\u010dnom obdob\u00ed<\/td>\n<td style=\"text-align: center;\">+ Jozef, k\u0148az<\/td>\n<\/tr>\n<tr>\n<td style=\"text-align: center;\">\u0160tvrtok 14.2.<\/td>\n<td style=\"text-align: center;\">7:00<\/td>\n<td style=\"text-align: center;\">\u0160tvrtok 5. t\u00fd\u017ed\u0148a v Cezro\u010dnom obdob\u00ed<\/td>\n<td style=\"text-align: center;\">+ Karol, Marta<\/td>\n<\/tr>\n<tr>\n<td style=\"text-align: center;\">Piatok 15.2.<\/td>\n<td style=\"text-align: center;\">18:00<\/td>\n<td style=\"text-align: center;\">Piatok 5. t\u00fd\u017ed\u0148a v Cezro\u010dnom obdob\u00ed<\/td>\n<td style=\"text-align: center;\">+ Juraj a rodina<\/td>\n<\/tr>\n<tr>\n<td style=\"text-align: center;\">Sobota 16.2.<\/td>\n<td style=\"text-align: center;\">8:00<\/td>\n<td style=\"text-align: center;\">Panny M\u00e1rie v sobotu<\/td>\n<td style=\"text-align: center;\">+ M\u00e1ria, Pavla, M\u00e1ria<\/td>\n<\/tr>\n<tr>\n<td style=\"text-align: center;\"><strong>Nede\u013ea 17.2.<\/strong><\/td>\n<td style=\"text-align: center;\"><strong>9:30<\/strong><\/td>\n<td style=\"text-align: center;\"><strong>6. nede\u013ea v Cezro\u010dnom obdob\u00ed<\/strong><\/td>\n<td style=\"text-align: center;\"><b>za farnos\u0165<\/b><\/td>\n<\/tr>\n<\/tbody>\n<\/table>\n<\/div>\n<p><strong>Oznamy pre fili\u00e1lku Bodice:<\/strong><\/p>\n<div class=\"table-responsive\">\n<table class=\"table table-bordered\">\n<thead>\n<tr>\n<th style=\"text-align: center; width: 104px;\">d\u00e1tum<\/th>\n<th style=\"text-align: center; width: 71px;\">sv. om\u0161a<\/th>\n<th style=\"text-align: center; width: 250px;\">liturgick\u00fd de\u0148<\/th>\n<\/tr>\n<\/thead>\n<tbody>\n<tr>\n<td style=\"text-align: center; width: 104px;\"><strong>Nede\u013ea 10.2.<\/strong><\/td>\n<td style=\"text-align: center; width: 71px;\"><b>8:00<\/b><\/td>\n<td style=\"text-align: center; width: 250px;\"><strong>5. nede\u013ea v Cezro\u010dnom obdob\u00ed<\/strong><\/td>\n<\/tr>\n<tr>\n<td style=\"text-align: center; width: 104px;\"><strong>Nede\u013ea 17.2.<\/strong><\/td>\n<td style=\"text-align: center; width: 71px;\"><strong style=\"font-family: inherit; font-size: inherit;\">8:00<\/strong><\/td>\n<td style=\"text-align: center; width: 250px;\"><strong>6. nede\u013ea v Cezro\u010dnom obdob\u00ed<\/strong><\/td>\n<\/tr>\n<\/tbody>\n<\/table>\n<\/div>\n<ul>\n<li>upratovanie kostola v tomto t\u00fd\u017edni: pod\u013ea <a href=\"http:\/\/www.paludzka.fara.sk\/?p=481\">rozpisu<\/a><\/li>\n<li>v pondelok po skon\u010den\u00ed ve\u010dernej sv\u00e4tej om\u0161e bude stretnutie p\u00fatnikov do Sv\u00e4tej zeme. \u00da\u010das\u0165 je nutn\u00e1!<\/li>\n<li>zmie\u0161an\u00fd spev\u00e1cky zbor m\u00e1 n\u00e1cvik v piatok po skon\u010den\u00ed sv. om\u0161e.<\/li>\n<\/ul>\n","protected":false},"excerpt":{"rendered":"<p>Liturgick\u00fd preh\u013ead a program bohoslu\u017eieb na t\u00fd\u017ede\u0148 10.2. &#8211; 17.2. 2019 Oznamy pre farsk\u00fd kostol: d\u00e1tum sv. om\u0161a liturgick\u00fd de\u0148 \u00famysel Nede\u013ea 10.2. 9:30 5. nede\u013ea v Cezro\u010dnom obdob\u00ed za farnos\u0165 Pondelok 11.2. 18:00 Preblahoslavenej Panny M\u00e1rie Lurdskej na \u00famysel Utorok 12.2. 18:00 Utorok 5. t\u00fd\u017ed\u0148a v Cezro\u010dnom obdob\u00ed na \u00famysel Streda 13.2. 18:00 Streda [&hellip;]<\/p>\n","protected":false},"author":1,"featured_media":0,"comment_status":"closed","ping_status":"closed","sticky":false,"template":"","format":"standard","meta":{"_links_to":"","_links_to_target":""},"categories":[4,19],"tags":[],"_links":{"self":[{"href":"http:\/\/www.paludzka.fara.sk\/index.php?rest_route=\/wp\/v2\/posts\/835"}],"collection":[{"href":"http:\/\/www.paludzka.fara.sk\/index.php?rest_route=\/wp\/v2\/posts"}],"about":[{"href":"http:\/\/www.paludzka.fara.sk\/index.php?rest_route=\/wp\/v2\/types\/post"}],"author":[{"embeddable":true,"href":"http:\/\/www.paludzka.fara.sk\/index.php?rest_route=\/wp\/v2\/users\/1"}],"replies":[{"embeddable":true,"href":"http:\/\/www.paludzka.fara.sk\/index.php?rest_route=%2Fwp%2Fv2%2Fcomments&post=835"}],"version-history":[{"count":1,"href":"http:\/\/www.paludzka.fara.sk\/index.php?rest_route=\/wp\/v2\/posts\/835\/revisions"}],"predecessor-version":[{"id":836,"href":"http:\/\/www.paludzka.fara.sk\/index.php?rest_route=\/wp\/v2\/posts\/835\/revisions\/836"}],"wp:attachment":[{"href":"http:\/\/www.paludzka.fara.sk\/index.php?rest_route=%2Fwp%2Fv2%2Fmedia&parent=835"}],"wp:term":[{"taxonomy":"category","embeddable":true,"href":"http:\/\/www.paludzka.fara.sk\/index.php?rest_route=%2Fwp%2Fv2%2Fcategories&post=835"},{"taxonomy":"post_tag","embeddable":true,"href":"http:\/\/www.paludzka.fara.sk\/index.php?rest_route=%2Fwp%2Fv2%2Ftags&post=835"}],"curies":[{"name":"wp","href":"https:\/\/api.w.org\/{rel}","templated":true}]}}