
{"id":816,"date":"2019-01-06T00:00:17","date_gmt":"2019-01-05T23:00:17","guid":{"rendered":"http:\/\/www.paludzka.fara.sk\/?p=816"},"modified":"2019-01-06T23:22:31","modified_gmt":"2019-01-06T22:22:31","slug":"farske-oznamy-6-1-13-1-2019","status":"publish","type":"post","link":"http:\/\/www.paludzka.fara.sk\/?p=816","title":{"rendered":"Farsk\u00e9 oznamy 6.1.-13.1.2019"},"content":{"rendered":"<h3 style=\"text-align: center;\">Liturgick\u00fd preh\u013ead a program bohoslu\u017eieb na t\u00fd\u017ede\u0148 6.1. &#8211; 13.1. 2019<\/h3>\n<p><strong>Oznamy pre farsk\u00fd kostol:<\/strong><\/p>\n<div class=\"table-responsive\">\n<table class=\"table table-bordered\" style=\"height: 216px;\">\n<thead>\n<tr>\n<th>d\u00e1tum<\/th>\n<th>sv. om\u0161a<\/th>\n<th>liturgick\u00fd de\u0148<\/th>\n<th>\u00famysel<\/th>\n<\/tr>\n<\/thead>\n<tbody>\n<tr>\n<td style=\"text-align: center;\"><strong>Nede\u013ea 6.1.<\/strong><\/td>\n<td style=\"text-align: center;\">9:30<\/td>\n<td style=\"text-align: center;\"><strong>Zjavenie P\u00e1na<\/strong><\/td>\n<td style=\"text-align: center;\"><strong>za farnos\u0165<\/strong><\/td>\n<\/tr>\n<tr>\n<td style=\"text-align: center;\">Pondelok 7.1.<\/td>\n<td style=\"text-align: center;\">18:00<\/td>\n<td style=\"text-align: center;\">Pondelok po Zjaven\u00ed P\u00e1na<\/td>\n<td style=\"text-align: center;\">+ Jozef, Jozef<\/td>\n<\/tr>\n<tr>\n<td style=\"text-align: center;\">Utorok 8.1.<\/td>\n<td style=\"text-align: center;\">18:00<\/td>\n<td style=\"text-align: center;\">Utorok po Zjaven\u00ed P\u00e1na<\/td>\n<td style=\"text-align: center;\">na \u00famysel<\/td>\n<\/tr>\n<tr>\n<td style=\"text-align: center;\">Streda 9.1.<\/td>\n<td style=\"text-align: center;\">18:00<\/td>\n<td style=\"text-align: center;\">Streda po\u00a0Zjaven\u00ed P\u00e1na<\/td>\n<td style=\"text-align: center;\">+ Mari\u00e1n<\/td>\n<\/tr>\n<tr>\n<td style=\"text-align: center;\">\u0160tvrtok 10.1.<\/td>\n<td style=\"text-align: center;\">7:00<\/td>\n<td style=\"text-align: center;\">\u0160tvrtok po\u00a0Zjaven\u00ed P\u00e1na<\/td>\n<td style=\"text-align: center;\">+ Karol, Marta<\/td>\n<\/tr>\n<tr>\n<td style=\"text-align: center;\">Piatok 11.1.<\/td>\n<td style=\"text-align: center;\">18:00<\/td>\n<td style=\"text-align: center;\">Piatok po\u00a0Zjaven\u00ed P\u00e1na<\/td>\n<td style=\"text-align: center;\">+ Pavel<\/td>\n<\/tr>\n<tr>\n<td style=\"text-align: center;\">Sobota 12.1.<\/td>\n<td style=\"text-align: center;\">8:00<\/td>\n<td style=\"text-align: center;\">Sobota po Zjaven\u00ed P\u00e1na<\/td>\n<td style=\"text-align: center;\">na \u00famysel<\/td>\n<\/tr>\n<tr>\n<td style=\"text-align: center;\"><strong>Nede\u013ea 13.1.<\/strong><\/td>\n<td style=\"text-align: center;\">9:30<\/td>\n<td style=\"text-align: center;\"><strong>Krst Krista P\u00e1na<\/strong><\/td>\n<td style=\"text-align: center;\"><b>za farnos\u0165<\/b><\/td>\n<\/tr>\n<\/tbody>\n<\/table>\n<\/div>\n<p><strong>Oznamy pre fili\u00e1lku Bodice:<\/strong><\/p>\n<div class=\"table-responsive\">\n<table class=\"table table-bordered\">\n<thead>\n<tr>\n<th style=\"text-align: center;\">d\u00e1tum<\/th>\n<th style=\"text-align: center;\">sv. om\u0161a<\/th>\n<th style=\"text-align: center;\">liturgick\u00fd de\u0148<\/th>\n<\/tr>\n<\/thead>\n<tbody>\n<tr>\n<td style=\"text-align: center;\"><strong>Nede\u013ea 6.1.<\/strong><\/td>\n<td style=\"text-align: center;\"><b>8:00<\/b><\/td>\n<td style=\"text-align: center;\"><strong>Zjavenie P\u00e1na<\/strong><\/td>\n<\/tr>\n<tr>\n<td style=\"text-align: center;\"><strong>Nede\u013ea 13.1.<\/strong><\/td>\n<td style=\"text-align: center;\"><strong style=\"font-family: inherit; font-size: inherit;\">8:00<\/strong><\/td>\n<td style=\"text-align: center;\"><strong>Krst Krista P\u00e1na<\/strong><\/td>\n<\/tr>\n<\/tbody>\n<\/table>\n<\/div>\n<ul>\n<li>upratovanie kostola v tomto t\u00fd\u017edni: pod\u013ea <a href=\"http:\/\/www.paludzka.fara.sk\/?p=481\">rozpisu<\/a><\/li>\n<\/ul>\n","protected":false},"excerpt":{"rendered":"<p>Liturgick\u00fd preh\u013ead a program bohoslu\u017eieb na t\u00fd\u017ede\u0148 6.1. &#8211; 13.1. 2019 Oznamy pre farsk\u00fd kostol: d\u00e1tum sv. om\u0161a liturgick\u00fd de\u0148 \u00famysel Nede\u013ea 6.1. 9:30 Zjavenie P\u00e1na za farnos\u0165 Pondelok 7.1. 18:00 Pondelok po Zjaven\u00ed P\u00e1na + Jozef, Jozef Utorok 8.1. 18:00 Utorok po Zjaven\u00ed P\u00e1na na \u00famysel Streda 9.1. 18:00 Streda po\u00a0Zjaven\u00ed P\u00e1na + Mari\u00e1n [&hellip;]<\/p>\n","protected":false},"author":1,"featured_media":0,"comment_status":"closed","ping_status":"closed","sticky":false,"template":"","format":"standard","meta":{"_links_to":"","_links_to_target":""},"categories":[4,19],"tags":[],"_links":{"self":[{"href":"http:\/\/www.paludzka.fara.sk\/index.php?rest_route=\/wp\/v2\/posts\/816"}],"collection":[{"href":"http:\/\/www.paludzka.fara.sk\/index.php?rest_route=\/wp\/v2\/posts"}],"about":[{"href":"http:\/\/www.paludzka.fara.sk\/index.php?rest_route=\/wp\/v2\/types\/post"}],"author":[{"embeddable":true,"href":"http:\/\/www.paludzka.fara.sk\/index.php?rest_route=\/wp\/v2\/users\/1"}],"replies":[{"embeddable":true,"href":"http:\/\/www.paludzka.fara.sk\/index.php?rest_route=%2Fwp%2Fv2%2Fcomments&post=816"}],"version-history":[{"count":2,"href":"http:\/\/www.paludzka.fara.sk\/index.php?rest_route=\/wp\/v2\/posts\/816\/revisions"}],"predecessor-version":[{"id":818,"href":"http:\/\/www.paludzka.fara.sk\/index.php?rest_route=\/wp\/v2\/posts\/816\/revisions\/818"}],"wp:attachment":[{"href":"http:\/\/www.paludzka.fara.sk\/index.php?rest_route=%2Fwp%2Fv2%2Fmedia&parent=816"}],"wp:term":[{"taxonomy":"category","embeddable":true,"href":"http:\/\/www.paludzka.fara.sk\/index.php?rest_route=%2Fwp%2Fv2%2Fcategories&post=816"},{"taxonomy":"post_tag","embeddable":true,"href":"http:\/\/www.paludzka.fara.sk\/index.php?rest_route=%2Fwp%2Fv2%2Ftags&post=816"}],"curies":[{"name":"wp","href":"https:\/\/api.w.org\/{rel}","templated":true}]}}