
{"id":804,"date":"2018-12-23T00:00:33","date_gmt":"2018-12-22T23:00:33","guid":{"rendered":"http:\/\/www.paludzka.fara.sk\/?p=804"},"modified":"2018-12-23T12:19:58","modified_gmt":"2018-12-23T11:19:58","slug":"farske-oznamy-23-12-2018-6-1-2019","status":"publish","type":"post","link":"http:\/\/www.paludzka.fara.sk\/?p=804","title":{"rendered":"Farsk\u00e9 oznamy 23.12.2018 &#8211; 6.1.2019"},"content":{"rendered":"\r\n<h3 class=\"wp-block-heading\">Liturgick\u00fd preh\u013ead a program bohoslu\u017eieb na t\u00fd\u017ede\u0148 23.12.2018 &#8211; 6.1.2019<\/h3>\r\n\r\n\r\n\r\n<p><strong>Oznamy pre farsk\u00fd kostol:<\/strong><\/p>\r\n\r\n<div class=\"table-responsive\">\r\n<table class=\"table table-bordered\">\r\n<thead>\r\n<tr>\r\n<th style=\"text-align: center;\">d\u00e1tum<\/th>\r\n<th style=\"text-align: center;\">sv. om\u0161a<\/th>\r\n<th style=\"text-align: center;\">liturgick\u00fd de\u0148<\/th>\r\n<th style=\"text-align: center;\">\u00famysel<\/th>\r\n<\/tr>\r\n<\/thead>\r\n<tbody>\r\n<tr>\r\n<td style=\"text-align: center;\"><strong>Nede\u013ea 23.12.<\/strong><\/td>\r\n<td style=\"text-align: center;\"><strong>9:30<\/strong><\/td>\r\n<td style=\"text-align: center;\"><strong>4. adventn\u00e1 nede\u013ea<\/strong><\/td>\r\n<td style=\"text-align: center;\"><strong>za farnos\u0165<\/strong><\/td>\r\n<\/tr>\r\n<tr>\r\n<td style=\"text-align: center;\">Pondelok 24.12.<\/td>\r\n<td style=\"text-align: center;\"><strong>24:00<\/strong><\/td>\r\n<td style=\"text-align: center;\"><strong>Vig\u00edlia narodenia P\u00e1na<\/strong><\/td>\r\n<td style=\"text-align: center;\">na \u00famysel celebranta<\/td>\r\n<\/tr>\r\n<tr>\r\n<td style=\"text-align: center;\">Utorok 25.12.<\/td>\r\n<td style=\"text-align: center;\"><strong>9:30<\/strong><\/td>\r\n<td style=\"text-align: center;\"><strong>Narodenie P\u00e1na<\/strong><\/td>\r\n<td style=\"text-align: center;\">+ Martin, Anna<\/td>\r\n<\/tr>\r\n<tr>\r\n<td style=\"text-align: center;\">Streda 26.12.<\/td>\r\n<td style=\"text-align: center;\"><strong>10:30<\/strong><\/td>\r\n<td style=\"text-align: center;\">\r\n<p><strong>2. viano\u010dn\u00fd sviatok &#8211;\u00a0<\/strong><\/p>\r\n<p><strong>odpustov\u00e1 sl\u00e1vnos\u0165 sv. J\u00e1na, <\/strong><\/p>\r\n<p><strong>patr\u00f3na farnosti Pal\u00fadzka<\/strong><\/p>\r\n<\/td>\r\n<td style=\"text-align: center;\">na \u00famysel<\/td>\r\n<\/tr>\r\n<tr>\r\n<td style=\"text-align: center;\">\u0160tvrtok 27.12.<\/td>\r\n<td style=\"text-align: center;\"><strong>18:00<\/strong><\/td>\r\n<td style=\"text-align: center;\"><em>Sv\u00e4t\u00e9ho J\u00e1na, apo\u0161tola a evanjelistu<\/em><\/td>\r\n<td style=\"text-align: center;\">+ Mari\u00e1n<\/td>\r\n<\/tr>\r\n<tr>\r\n<td style=\"text-align: center;\">Piatok 28.12.<\/td>\r\n<td style=\"text-align: center;\">18:00<\/td>\r\n<td style=\"text-align: center;\"><em>Sv\u00e4t\u00fdch Neviniatok, mu\u010den\u00edkov<\/em><\/td>\r\n<td style=\"text-align: center;\">+ Jozef, k\u0148az<\/td>\r\n<\/tr>\r\n<tr>\r\n<td style=\"text-align: center;\">Sobota 29.12.<\/td>\r\n<td style=\"text-align: center;\">8:00<\/td>\r\n<td style=\"text-align: center;\">Piaty de\u0148 okt\u00e1vy narodenia P\u00e1na<\/td>\r\n<td style=\"text-align: center;\">+ J\u00e1n, Janka<\/td>\r\n<\/tr>\r\n<tr>\r\n<td style=\"text-align: center;\"><strong>Nede\u013ea 30.12.<\/strong><\/td>\r\n<td style=\"text-align: center;\"><strong>9:30<\/strong><\/td>\r\n<td style=\"text-align: center;\"><strong>Sv\u00e4tej rodiny &#8211; Je\u017ei\u0161a, M\u00e1rie a Jozefa<\/strong><\/td>\r\n<td style=\"text-align: center;\"><strong>za farnos\u0165<\/strong><\/td>\r\n<\/tr>\r\n<tr>\r\n<td style=\"text-align: center;\">Pondelok 31.12.<\/td>\r\n<td style=\"text-align: center;\">17:00<\/td>\r\n<td style=\"text-align: center;\"><em>\u010eakovn\u00e1 sv\u00e4t\u00e1 om\u0161a na z\u00e1ver roka<\/em><\/td>\r\n<td style=\"text-align: center;\">na \u00famysel celebranta<\/td>\r\n<\/tr>\r\n<tr>\r\n<td style=\"text-align: center;\">Utorok 1.1.<\/td>\r\n<td style=\"text-align: center;\"><strong>9:30<\/strong><\/td>\r\n<td style=\"text-align: center;\"><strong>Panny M\u00e1rie Bohorodi\u010dky<\/strong><\/td>\r\n<td style=\"text-align: center;\">za farnos\u0165<\/td>\r\n<\/tr>\r\n<tr>\r\n<td style=\"text-align: center;\">Streda 2.1.<\/td>\r\n<td style=\"text-align: center;\">18:00<\/td>\r\n<td style=\"text-align: center;\">\r\n<p>Sv\u00e4t\u00e9ho Bazila Ve\u013ek\u00e9ho a Gregora Naziansk\u00e9ho,<\/p>\r\n<p>biskupov a u\u010dite\u013eov Cirkvi<\/p>\r\n<\/td>\r\n<td style=\"text-align: center;\">na \u00famysel<\/td>\r\n<\/tr>\r\n<tr>\r\n<td style=\"text-align: center;\">\u0160tvrtok 3.1.<\/td>\r\n<td style=\"text-align: center;\">7:00<\/td>\r\n<td style=\"text-align: center;\">\u0160tvrtok vo Viano\u010dnom obdob\u00ed<\/td>\r\n<td style=\"text-align: center;\">+ Jozef, k\u0148az<\/td>\r\n<\/tr>\r\n<tr>\r\n<td style=\"text-align: center;\">Piatok 4.1.<\/td>\r\n<td style=\"text-align: center;\">18:00<\/td>\r\n<td style=\"text-align: center;\">Piatok vo Viano\u010dnom obdob\u00ed<\/td>\r\n<td style=\"text-align: center;\">+ J\u00e1n<\/td>\r\n<\/tr>\r\n<tr>\r\n<td style=\"text-align: center;\">Sobota 5.1.<\/td>\r\n<td style=\"text-align: center;\">8:00<\/td>\r\n<td style=\"text-align: center;\">Sobota vo Viano\u010dnom obdob\u00ed<\/td>\r\n<td style=\"text-align: center;\">na \u00famysel<\/td>\r\n<\/tr>\r\n<tr>\r\n<td style=\"text-align: center;\"><strong>Nede\u013ea 6.1.<\/strong><\/td>\r\n<td style=\"text-align: center;\"><strong>9:30<\/strong><\/td>\r\n<td style=\"text-align: center;\"><strong>Zjavenie P\u00e1na<\/strong><\/td>\r\n<td style=\"text-align: center;\"><strong>za farnos\u0165<\/strong><\/td>\r\n<\/tr>\r\n<\/tbody>\r\n<\/table>\r\n<\/div>\r\n<p><strong>Oznamy pre fili\u00e1lku Bodice:<\/strong><\/p>\r\n<div class=\"table-responsive\">\r\n<table class=\"table table-bordered\">\r\n<thead>\r\n<tr>\r\n<th style=\"text-align: center;\">d\u00e1tum<\/th>\r\n<th style=\"text-align: center;\">sv. om\u0161a<\/th>\r\n<th style=\"text-align: center;\">liturgick\u00fd de\u0148<\/th>\r\n<\/tr>\r\n<\/thead>\r\n<tbody>\r\n<tr>\r\n<td style=\"text-align: center;\"><strong>Nede\u013ea 23.12.<\/strong><\/td>\r\n<td style=\"text-align: center;\"><strong>8:00<\/strong><\/td>\r\n<td style=\"text-align: center;\"><strong>4. adventn\u00e1 nede\u013ea<\/strong><\/td>\r\n<\/tr>\r\n<tr>\r\n<td style=\"text-align: center;\">Pondelok 24.12.<\/td>\r\n<td style=\"text-align: center;\"><strong>22:30<\/strong><\/td>\r\n<td style=\"text-align: center;\"><strong>Vig\u00edlia narodenia P\u00e1na<\/strong><\/td>\r\n<\/tr>\r\n<tr>\r\n<td style=\"text-align: center;\">Utorok 25.12.<\/td>\r\n<td style=\"text-align: center;\"><strong>8:00<\/strong><\/td>\r\n<td style=\"text-align: center;\"><strong>Narodenie P\u00e1na<\/strong><\/td>\r\n<\/tr>\r\n<tr>\r\n<td style=\"text-align: center;\">Streda 26.12.<\/td>\r\n<td style=\"text-align: center;\"><strong>8:00<\/strong><\/td>\r\n<td style=\"text-align: center;\"><strong>Sv\u00e4t\u00e9ho \u0160tefana, prv\u00e9ho mu\u010den\u00edka<\/strong><\/td>\r\n<\/tr>\r\n<tr>\r\n<td style=\"text-align: center;\"><strong>Nede\u013ea 30.12.<\/strong><\/td>\r\n<td style=\"text-align: center;\"><strong>8:00<\/strong><\/td>\r\n<td style=\"text-align: center;\"><strong>Sv\u00e4tej rodiny &#8211; Je\u017ei\u0161a, M\u00e1rie a Jozefa<\/strong><\/td>\r\n<\/tr>\r\n<tr>\r\n<td style=\"text-align: center;\">Utorok 1.1.<\/td>\r\n<td style=\"text-align: center;\"><strong>8:00<\/strong><\/td>\r\n<td style=\"text-align: center;\"><strong>Panny M\u00e1rie Bohorodi\u010dky<\/strong><\/td>\r\n<\/tr>\r\n<tr>\r\n<td style=\"text-align: center;\"><strong>Nede\u013ea 6.1.<\/strong><\/td>\r\n<td style=\"text-align: center;\"><strong>8:00<\/strong><\/td>\r\n<td style=\"text-align: center;\"><strong>Zjavenie P\u00e1na<\/strong><\/td>\r\n<\/tr>\r\n<\/tbody>\r\n<\/table>\r\n<\/div>\r\n<ul>\r\n<li>25.12. bude v Pal\u00fadzke o 15:00 na farskom dvore &#8222;\u017div\u00fd Betlehem&#8220;. V\u0161etci ste srde\u010dne pozvan\u00ed.<\/li>\r\n<li>v utorok 26.12. bude v Pal\u00fadzke odpustov\u00e1 sl\u00e1vnos\u0165 sv\u00e4t\u00e9ho J\u00e1na, apo\u0161tola a evanjelistu, patr\u00f3na farnosti. Sv\u00e4t\u00fa om\u0161u bude celebrova\u0165\u00a0prof. SSLic. Franti\u0161ek Trstensk\u00fd, PhD.<\/li>\r\n<li>posviacka domov (koleda) v\u00a0Bodiciach bude 29.1. od 9:00, v\u00a0Pal\u00fadzke: 29.1. od 13:00. Pros\u00edm nahl\u00e1si\u0165 men\u00e1 a adresy z\u00e1ujemcov do 27.12.<\/li>\r\n<li>31.12. bude okrem \u010fakovnej sv\u00e4tej om\u0161e o 17:00 aj pobo\u017enos\u0165 na prelome rokov, ktor\u00e1 bude od 23:30 v kostole v Pal\u00fadzke<\/li>\r\n<li>po\u010das sv\u00e4t\u00fdch om\u0161\u00ed v\u00a0de\u0148 sl\u00e1vnosti Zjavenia P\u00e1na, bude posv\u00e4ten\u00e1 trojkr\u00e1\u013eov\u00e1 voda<\/li>\r\n<li>upratovanie kostola v tomto t\u00fd\u017edni: pod\u013ea <a href=\"http:\/\/www.paludzka.fara.sk\/?p=481\">rozpisu<\/a><\/li>\r\n<\/ul>","protected":false},"excerpt":{"rendered":"<p>Liturgick\u00fd preh\u013ead a program bohoslu\u017eieb na t\u00fd\u017ede\u0148 23.12.2018 &#8211; 6.1.2019 Oznamy pre farsk\u00fd kostol: d\u00e1tum sv. om\u0161a liturgick\u00fd de\u0148 \u00famysel Nede\u013ea 23.12. 9:30 4. adventn\u00e1 nede\u013ea za farnos\u0165 Pondelok 24.12. 24:00 Vig\u00edlia narodenia P\u00e1na na \u00famysel celebranta Utorok 25.12. 9:30 Narodenie P\u00e1na + Martin, Anna Streda 26.12. 10:30 2. viano\u010dn\u00fd sviatok &#8211;\u00a0 odpustov\u00e1 sl\u00e1vnos\u0165 sv. [&hellip;]<\/p>\n","protected":false},"author":1,"featured_media":0,"comment_status":"closed","ping_status":"closed","sticky":false,"template":"","format":"standard","meta":{"_links_to":"","_links_to_target":""},"categories":[4,19],"tags":[],"_links":{"self":[{"href":"http:\/\/www.paludzka.fara.sk\/index.php?rest_route=\/wp\/v2\/posts\/804"}],"collection":[{"href":"http:\/\/www.paludzka.fara.sk\/index.php?rest_route=\/wp\/v2\/posts"}],"about":[{"href":"http:\/\/www.paludzka.fara.sk\/index.php?rest_route=\/wp\/v2\/types\/post"}],"author":[{"embeddable":true,"href":"http:\/\/www.paludzka.fara.sk\/index.php?rest_route=\/wp\/v2\/users\/1"}],"replies":[{"embeddable":true,"href":"http:\/\/www.paludzka.fara.sk\/index.php?rest_route=%2Fwp%2Fv2%2Fcomments&post=804"}],"version-history":[{"count":6,"href":"http:\/\/www.paludzka.fara.sk\/index.php?rest_route=\/wp\/v2\/posts\/804\/revisions"}],"predecessor-version":[{"id":811,"href":"http:\/\/www.paludzka.fara.sk\/index.php?rest_route=\/wp\/v2\/posts\/804\/revisions\/811"}],"wp:attachment":[{"href":"http:\/\/www.paludzka.fara.sk\/index.php?rest_route=%2Fwp%2Fv2%2Fmedia&parent=804"}],"wp:term":[{"taxonomy":"category","embeddable":true,"href":"http:\/\/www.paludzka.fara.sk\/index.php?rest_route=%2Fwp%2Fv2%2Fcategories&post=804"},{"taxonomy":"post_tag","embeddable":true,"href":"http:\/\/www.paludzka.fara.sk\/index.php?rest_route=%2Fwp%2Fv2%2Ftags&post=804"}],"curies":[{"name":"wp","href":"https:\/\/api.w.org\/{rel}","templated":true}]}}