
{"id":770,"date":"2018-12-09T00:00:43","date_gmt":"2018-12-08T23:00:43","guid":{"rendered":"http:\/\/www.paludzka.fara.sk\/?p=770"},"modified":"2018-12-09T09:45:16","modified_gmt":"2018-12-09T08:45:16","slug":"farske-oznamy-9-12-16-12-2018","status":"publish","type":"post","link":"http:\/\/www.paludzka.fara.sk\/?p=770","title":{"rendered":"Farsk\u00e9 oznamy 9.12.-16.12.2018"},"content":{"rendered":"<h3 style=\"text-align: center;\">Liturgick\u00fd preh\u013ead a program bohoslu\u017eieb na t\u00fd\u017ede\u0148 9.12. &#8211; 16.12. 2018<\/h3>\n<div class=\"text-center\"><img decoding=\"async\" loading=\"lazy\" class=\"wp-image-309 aligncenter\" src=\"http:\/\/www.paludzka.fara.sk\/wp-content\/uploads\/2017\/12\/w2f1.png\" alt=\"\" width=\"161\" height=\"180\" srcset=\"http:\/\/www.paludzka.fara.sk\/wp-content\/uploads\/2017\/12\/w2f1.png 1000w, http:\/\/www.paludzka.fara.sk\/wp-content\/uploads\/2017\/12\/w2f1-268x300.png 268w, http:\/\/www.paludzka.fara.sk\/wp-content\/uploads\/2017\/12\/w2f1-768x861.png 768w, http:\/\/www.paludzka.fara.sk\/wp-content\/uploads\/2017\/12\/w2f1-913x1024.png 913w, http:\/\/www.paludzka.fara.sk\/wp-content\/uploads\/2017\/12\/w2f1-535x600.png 535w\" sizes=\"(max-width: 161px) 100vw, 161px\" \/><\/div>\n<p><strong>Oznamy pre farsk\u00fd kostol:<\/strong><\/p>\n<div class=\"table-responsive\">\n<table class=\"table table-bordered\" style=\"height: 248px;\">\n<thead>\n<tr>\n<th>d\u00e1tum<\/th>\n<th style=\"text-align: center;\">sv. om\u0161a<\/th>\n<th style=\"text-align: center;\">liturgick\u00fd de\u0148<\/th>\n<th style=\"text-align: center;\">\u00famysel<\/th>\n<\/tr>\n<\/thead>\n<tbody>\n<tr>\n<td style=\"text-align: center;\"><strong>Nede\u013ea 9.12.<\/strong><\/td>\n<td style=\"text-align: center;\"><strong>9:30<\/strong><\/td>\n<td style=\"text-align: center;\"><strong>2. adventn\u00e1 nede\u013ea<\/strong><\/td>\n<td style=\"text-align: center;\"><strong>za farnos\u0165<\/strong><\/td>\n<\/tr>\n<tr>\n<td style=\"text-align: center;\">Pondelok 10.12.<\/td>\n<td style=\"text-align: center;\">18:00<\/td>\n<td style=\"text-align: center;\">Pondelok po 2. adventnej nedeli<\/td>\n<td style=\"text-align: center;\">+ Sv\u00e4topluk a rodi\u010dia<\/td>\n<\/tr>\n<tr>\n<td style=\"text-align: center;\">Utorok 11.12.<\/td>\n<td style=\"text-align: center;\">18:00<\/td>\n<td style=\"text-align: center;\">Utorok po 2. adventnej nedeli<\/td>\n<td style=\"text-align: center;\">na \u00famysel<\/td>\n<\/tr>\n<tr>\n<td style=\"text-align: center;\">Streda 12.12.<\/td>\n<td style=\"text-align: center;\">18:00<\/td>\n<td style=\"text-align: center;\">Streda po 2. adventnej nedeli<\/td>\n<td style=\"text-align: center;\">na \u00famysel<\/td>\n<\/tr>\n<tr>\n<td style=\"text-align: center;\">\u0160tvrtok 13.12.<\/td>\n<td style=\"text-align: center;\">7:00<\/td>\n<td style=\"text-align: center;\">Sv\u00e4tej Lucie, panny a mu\u010denice<\/td>\n<td style=\"text-align: center;\">+ Juraj a rodina<\/td>\n<\/tr>\n<tr>\n<td style=\"text-align: center;\">Piatok 14.12.<\/td>\n<td style=\"text-align: center;\">18:00<\/td>\n<td style=\"text-align: center;\">Sv\u00e4t\u00e9ho J\u00e1na z Kr\u00ed\u017ea,<\/p>\n<p>k\u0148aza a u\u010dite\u013ea Cirkvi<\/td>\n<td style=\"text-align: center;\">+ Pavel<\/td>\n<\/tr>\n<tr>\n<td style=\"text-align: center;\">Sobota 15.12.<\/td>\n<td style=\"text-align: center;\">8:00<\/td>\n<td style=\"text-align: center;\">Sobota po 2. adventnej nedeli<\/td>\n<td style=\"text-align: center;\">na \u00famysel<\/td>\n<\/tr>\n<tr>\n<td style=\"text-align: center;\"><strong>Nede\u013ea 16.12.<\/strong><\/td>\n<td style=\"text-align: center;\"><strong>9:30<\/strong><\/td>\n<td style=\"text-align: center;\"><strong>3. adventn\u00e1 nede\u013ea<\/strong><\/td>\n<td style=\"text-align: center;\"><b>za farnos\u0165<\/b><\/td>\n<\/tr>\n<\/tbody>\n<\/table>\n<\/div>\n<p><strong>Oznamy pre fili\u00e1lku Bodice:<\/strong><\/p>\n<div class=\"table-responsive\">\n<table class=\"table table-bordered\">\n<thead>\n<tr>\n<th style=\"text-align: center;\">d\u00e1tum<\/th>\n<th style=\"text-align: center;\">sv. om\u0161a<\/th>\n<th style=\"text-align: center;\">liturgick\u00fd de\u0148<\/th>\n<\/tr>\n<\/thead>\n<tbody>\n<tr>\n<td style=\"text-align: center;\"><strong>Nede\u013ea 9.12.<\/strong><\/td>\n<td style=\"text-align: center;\"><b>8:00<\/b><\/td>\n<td style=\"text-align: center;\"><strong>2. adventn\u00e1 nede\u013ea<\/strong><\/td>\n<\/tr>\n<tr>\n<td style=\"text-align: center;\"><strong>Nede\u013ea 16.12.<\/strong><\/td>\n<td style=\"text-align: center;\"><strong style=\"font-family: inherit; font-size: inherit;\">8:00<\/strong><\/td>\n<td style=\"text-align: center;\"><strong>3. adventn\u00e1 nede\u013ea<\/strong><\/td>\n<\/tr>\n<\/tbody>\n<\/table>\n<\/div>\n<ul>\n<li>upratovanie kostola v tomto t\u00fd\u017edni: pod\u013ea <a href=\"http:\/\/www.paludzka.fara.sk\/?p=481\">rozpisu<\/a><\/li>\n<li>spevokol dospel\u00fdch bude ma\u0165 n\u00e1cvik v\u00a0pondelok po\u00a0ve\u010dernej sv\u00e4tej om\u0161i.<\/li>\n<li>zmie\u0161an\u00fd zbor bude ma\u0165 n\u00e1cvik v\u00a0piatok po ve\u010dernej sv\u00e4tej om\u0161i.<\/li>\n<\/ul>\n","protected":false},"excerpt":{"rendered":"<p>Liturgick\u00fd preh\u013ead a program bohoslu\u017eieb na t\u00fd\u017ede\u0148 9.12. &#8211; 16.12. 2018 Oznamy pre farsk\u00fd kostol: d\u00e1tum sv. om\u0161a liturgick\u00fd de\u0148 \u00famysel Nede\u013ea 9.12. 9:30 2. adventn\u00e1 nede\u013ea za farnos\u0165 Pondelok 10.12. 18:00 Pondelok po 2. adventnej nedeli + Sv\u00e4topluk a rodi\u010dia Utorok 11.12. 18:00 Utorok po 2. adventnej nedeli na \u00famysel Streda 12.12. 18:00 Streda [&hellip;]<\/p>\n","protected":false},"author":1,"featured_media":0,"comment_status":"closed","ping_status":"closed","sticky":false,"template":"","format":"standard","meta":{"_links_to":"","_links_to_target":""},"categories":[4,19],"tags":[],"_links":{"self":[{"href":"http:\/\/www.paludzka.fara.sk\/index.php?rest_route=\/wp\/v2\/posts\/770"}],"collection":[{"href":"http:\/\/www.paludzka.fara.sk\/index.php?rest_route=\/wp\/v2\/posts"}],"about":[{"href":"http:\/\/www.paludzka.fara.sk\/index.php?rest_route=\/wp\/v2\/types\/post"}],"author":[{"embeddable":true,"href":"http:\/\/www.paludzka.fara.sk\/index.php?rest_route=\/wp\/v2\/users\/1"}],"replies":[{"embeddable":true,"href":"http:\/\/www.paludzka.fara.sk\/index.php?rest_route=%2Fwp%2Fv2%2Fcomments&post=770"}],"version-history":[{"count":5,"href":"http:\/\/www.paludzka.fara.sk\/index.php?rest_route=\/wp\/v2\/posts\/770\/revisions"}],"predecessor-version":[{"id":794,"href":"http:\/\/www.paludzka.fara.sk\/index.php?rest_route=\/wp\/v2\/posts\/770\/revisions\/794"}],"wp:attachment":[{"href":"http:\/\/www.paludzka.fara.sk\/index.php?rest_route=%2Fwp%2Fv2%2Fmedia&parent=770"}],"wp:term":[{"taxonomy":"category","embeddable":true,"href":"http:\/\/www.paludzka.fara.sk\/index.php?rest_route=%2Fwp%2Fv2%2Fcategories&post=770"},{"taxonomy":"post_tag","embeddable":true,"href":"http:\/\/www.paludzka.fara.sk\/index.php?rest_route=%2Fwp%2Fv2%2Ftags&post=770"}],"curies":[{"name":"wp","href":"https:\/\/api.w.org\/{rel}","templated":true}]}}