
{"id":764,"date":"2018-12-02T00:00:38","date_gmt":"2018-12-01T23:00:38","guid":{"rendered":"http:\/\/www.paludzka.fara.sk\/?p=764"},"modified":"2018-12-02T11:51:14","modified_gmt":"2018-12-02T10:51:14","slug":"764","status":"publish","type":"post","link":"http:\/\/www.paludzka.fara.sk\/?p=764","title":{"rendered":"Farsk\u00e9 oznamy 2.12.-9.12.2018"},"content":{"rendered":"<h3 style=\"text-align: center;\">Liturgick\u00fd preh\u013ead a program bohoslu\u017eieb na t\u00fd\u017ede\u0148 2.12. &#8211; 9.12. 2018<\/h3>\n<div class=\"text-center\"><img decoding=\"async\" loading=\"lazy\" class=\"wp-image-308 aligncenter\" src=\"http:\/\/www.paludzka.fara.sk\/wp-content\/uploads\/2017\/12\/w1f1-294x300.png\" alt=\"\" width=\"154\" height=\"157\" srcset=\"http:\/\/www.paludzka.fara.sk\/wp-content\/uploads\/2017\/12\/w1f1-294x300.png 294w, http:\/\/www.paludzka.fara.sk\/wp-content\/uploads\/2017\/12\/w1f1-768x785.png 768w, http:\/\/www.paludzka.fara.sk\/wp-content\/uploads\/2017\/12\/w1f1-587x600.png 587w, http:\/\/www.paludzka.fara.sk\/wp-content\/uploads\/2017\/12\/w1f1.png 1000w\" sizes=\"(max-width: 154px) 100vw, 154px\" \/><\/div>\n<p><strong>Oznamy pre farsk\u00fd kostol:<\/strong><\/p>\n<div class=\"table-responsive\">\n<table class=\"table table-bordered\" style=\"height: 248px;\">\n<thead>\n<tr>\n<th>d\u00e1tum<\/th>\n<th style=\"text-align: center;\">sv. om\u0161a<\/th>\n<th style=\"text-align: center;\">liturgick\u00fd de\u0148<\/th>\n<th style=\"text-align: center;\">\u00famysel<\/th>\n<\/tr>\n<\/thead>\n<tbody>\n<tr>\n<td style=\"text-align: center;\"><strong>Nede\u013ea 2.12.<\/strong><\/td>\n<td style=\"text-align: center;\"><strong>9:30<\/strong><\/td>\n<td style=\"text-align: center;\"><strong>1. adventn\u00e1 nede\u013ea<\/strong><\/td>\n<td style=\"text-align: center;\"><strong>za farnos\u0165<\/strong><\/td>\n<\/tr>\n<tr>\n<td style=\"text-align: center;\">Pondelok 3.12.<\/td>\n<td style=\"text-align: center;\"><strong>7:00<\/strong><\/td>\n<td style=\"text-align: center;\">Sv\u00e4t\u00e9ho Franti\u0161ka Xaversk\u00e9ho, k\u0148aza<\/td>\n<td style=\"text-align: center;\">+ Mari\u00e1n<\/td>\n<\/tr>\n<tr>\n<td style=\"text-align: center;\">Utorok 4.12.<\/td>\n<td style=\"text-align: center;\">18:00<\/td>\n<td style=\"text-align: center;\">Utorok po 1. adventnej nedeli<\/td>\n<td style=\"text-align: center;\">+ \u0160tefan, Franti\u0161ek, \u0160tefan<\/td>\n<\/tr>\n<tr>\n<td style=\"text-align: center;\">Streda 5.12.<\/td>\n<td style=\"text-align: center;\">18:00<\/td>\n<td style=\"text-align: center;\">Streda po 1. adventnej nedeli<\/td>\n<td style=\"text-align: center;\">+ Mari\u00e1n<\/td>\n<\/tr>\n<tr>\n<td style=\"text-align: center;\">\u0160tvrtok 6.12.<\/td>\n<td style=\"text-align: center;\">7:00<\/td>\n<td style=\"text-align: center;\">Sv\u00e4t\u00e9ho Mikul\u00e1\u0161a, biskupa<\/td>\n<td style=\"text-align: center;\">+ Jozef, Jaroslav<\/td>\n<\/tr>\n<tr>\n<td style=\"text-align: center;\">Piatok 7.12.<\/td>\n<td style=\"text-align: center;\"><strong>18:00<\/strong><\/td>\n<td style=\"text-align: center;\"><em><strong>Nepo\u0161kvrnen\u00e9 po\u010datie Panny M\u00e1rie (vig\u00edlia)<\/strong><\/em><\/p>\n<p><strong>V\u00fdro\u010die posviacky farsk\u00e9ho chr\u00e1mu<\/strong><\/td>\n<td style=\"text-align: center;\">na \u00famysel<\/td>\n<\/tr>\n<tr>\n<td style=\"text-align: center;\">Sobota 8.12.<\/td>\n<td style=\"text-align: center;\"><strong>8:00<\/strong><\/td>\n<td style=\"text-align: center;\"><em><strong>Nepo\u0161kvrnen\u00e9 po\u010datie Panny M\u00e1rie<\/strong><\/em><\/td>\n<td style=\"text-align: center;\">na \u00famysel celebranta<\/td>\n<\/tr>\n<tr>\n<td style=\"text-align: center;\"><strong>Nede\u013ea 9.12.<\/strong><\/td>\n<td style=\"text-align: center;\"><strong>9:30<\/strong><\/td>\n<td style=\"text-align: center;\"><strong>2. adventn\u00e1 nede\u013ea<\/strong><\/td>\n<td style=\"text-align: center;\"><b>za farnos\u0165<\/b><\/td>\n<\/tr>\n<\/tbody>\n<\/table>\n<\/div>\n<p><strong>Oznamy pre fili\u00e1lku Bodice:<\/strong><\/p>\n<div class=\"table-responsive\">\n<table class=\"table table-bordered\">\n<thead>\n<tr>\n<th style=\"text-align: center;\">d\u00e1tum<\/th>\n<th style=\"text-align: center;\">sv. om\u0161a<\/th>\n<th style=\"text-align: center;\">liturgick\u00fd de\u0148<\/th>\n<\/tr>\n<\/thead>\n<tbody>\n<tr>\n<td style=\"text-align: center;\"><strong>Nede\u013ea 2.12.<\/strong><\/td>\n<td style=\"text-align: center;\"><b>8:00<\/b><\/td>\n<td style=\"text-align: center;\"><strong>1. adventn\u00e1 nede\u013ea<\/strong><\/td>\n<\/tr>\n<tr>\n<td style=\"text-align: center;\">Piatok 7.12.<\/td>\n<td style=\"text-align: center;\"><strong>17:00<\/strong><\/td>\n<td style=\"text-align: center;\"><em><strong>Nepo\u0161kvrnen\u00e9 po\u010datie Panny M\u00e1rie (vig\u00edlia)<\/strong><\/em><\/td>\n<\/tr>\n<tr>\n<td style=\"text-align: center;\"><strong>Nede\u013ea 9.12.<\/strong><\/td>\n<td style=\"text-align: center;\"><strong style=\"font-family: inherit; font-size: inherit;\">8:00<\/strong><\/td>\n<td style=\"text-align: center;\"><strong>2. adventn\u00e1 nede\u013ea<\/strong><\/td>\n<\/tr>\n<\/tbody>\n<\/table>\n<\/div>\n<ul>\n<li>upratovanie kostola v tomto t\u00fd\u017edni: pod\u013ea <a href=\"http:\/\/www.paludzka.fara.sk\/?p=481\">rozpisu<\/a><\/li>\n<li>v piatok 7.12. je prv\u00fd piatok v mesiaci december. Sv\u00e4t\u00e1 spove\u010f v Pal\u00fadzke: v utorok a v stredu 17:30-18:00, v piatok 14:00-16:00. Spovedanie v Bodiciach: v piatok 16:30-17:00.<\/li>\n<li>spevokol dospel\u00fdch bude ma\u0165 n\u00e1cvik v pondelok o 18:00<\/li>\n<li>zmie\u0161an\u00fd zbor bude ma\u0165 n\u00e1cvik v piatok po ve\u010dernej sv\u00e4tej om\u0161i<\/li>\n<li>v nede\u013eu 9.12. bude v na\u0161ej farnosti tradi\u010dn\u00e9 &#8222;Mikul\u00e1\u0161ske stretnutie&#8220;. V\u0161etky mal\u00e9 aj ve\u013ek\u00e9 deti s\u00fa v\u00edtan\u00e9.<\/li>\n<\/ul>\n","protected":false},"excerpt":{"rendered":"<p>Liturgick\u00fd preh\u013ead a program bohoslu\u017eieb na t\u00fd\u017ede\u0148 2.12. &#8211; 9.12. 2018 Oznamy pre farsk\u00fd kostol: d\u00e1tum sv. om\u0161a liturgick\u00fd de\u0148 \u00famysel Nede\u013ea 2.12. 9:30 1. adventn\u00e1 nede\u013ea za farnos\u0165 Pondelok 3.12. 7:00 Sv\u00e4t\u00e9ho Franti\u0161ka Xaversk\u00e9ho, k\u0148aza + Mari\u00e1n Utorok 4.12. 18:00 Utorok po 1. adventnej nedeli + \u0160tefan, Franti\u0161ek, \u0160tefan Streda 5.12. 18:00 Streda po [&hellip;]<\/p>\n","protected":false},"author":1,"featured_media":0,"comment_status":"closed","ping_status":"closed","sticky":false,"template":"","format":"standard","meta":{"_links_to":"","_links_to_target":""},"categories":[4,19],"tags":[],"_links":{"self":[{"href":"http:\/\/www.paludzka.fara.sk\/index.php?rest_route=\/wp\/v2\/posts\/764"}],"collection":[{"href":"http:\/\/www.paludzka.fara.sk\/index.php?rest_route=\/wp\/v2\/posts"}],"about":[{"href":"http:\/\/www.paludzka.fara.sk\/index.php?rest_route=\/wp\/v2\/types\/post"}],"author":[{"embeddable":true,"href":"http:\/\/www.paludzka.fara.sk\/index.php?rest_route=\/wp\/v2\/users\/1"}],"replies":[{"embeddable":true,"href":"http:\/\/www.paludzka.fara.sk\/index.php?rest_route=%2Fwp%2Fv2%2Fcomments&post=764"}],"version-history":[{"count":8,"href":"http:\/\/www.paludzka.fara.sk\/index.php?rest_route=\/wp\/v2\/posts\/764\/revisions"}],"predecessor-version":[{"id":787,"href":"http:\/\/www.paludzka.fara.sk\/index.php?rest_route=\/wp\/v2\/posts\/764\/revisions\/787"}],"wp:attachment":[{"href":"http:\/\/www.paludzka.fara.sk\/index.php?rest_route=%2Fwp%2Fv2%2Fmedia&parent=764"}],"wp:term":[{"taxonomy":"category","embeddable":true,"href":"http:\/\/www.paludzka.fara.sk\/index.php?rest_route=%2Fwp%2Fv2%2Fcategories&post=764"},{"taxonomy":"post_tag","embeddable":true,"href":"http:\/\/www.paludzka.fara.sk\/index.php?rest_route=%2Fwp%2Fv2%2Ftags&post=764"}],"curies":[{"name":"wp","href":"https:\/\/api.w.org\/{rel}","templated":true}]}}