
{"id":722,"date":"2018-10-28T00:00:02","date_gmt":"2018-10-27T22:00:02","guid":{"rendered":"http:\/\/www.paludzka.fara.sk\/?p=722"},"modified":"2018-11-02T21:40:48","modified_gmt":"2018-11-02T20:40:48","slug":"farske-oznamy-28-10-4-11-2018","status":"publish","type":"post","link":"http:\/\/www.paludzka.fara.sk\/?p=722","title":{"rendered":"Farsk\u00e9 oznamy 28.10.-4.11.2018"},"content":{"rendered":"<h3 style=\"text-align: center;\">Liturgick\u00fd preh\u013ead a program bohoslu\u017eieb na t\u00fd\u017ede\u0148 28.10. &#8211; 4.11. 2018<\/h3>\n<p><strong>Oznamy pre farsk\u00fd kostol:<\/strong><\/p>\n<div class=\"table-responsive\">\n<table class=\"table table-bordered\">\n<thead>\n<tr>\n<th style=\"text-align: center;\">d\u00e1tum<\/th>\n<th style=\"text-align: center;\">sv. om\u0161a<\/th>\n<th style=\"text-align: center;\">liturgick\u00fd de\u0148<\/th>\n<th style=\"text-align: center;\">\u00famysel<\/th>\n<\/tr>\n<\/thead>\n<tbody>\n<tr>\n<td style=\"text-align: center;\"><strong>Nede\u013ea 28.10.<\/strong><\/td>\n<td style=\"text-align: center;\"><strong>9:30<\/strong><\/td>\n<td style=\"text-align: center;\"><strong>30. nede\u013ea v Cezro\u010dnom obdob\u00ed<\/strong><\/td>\n<td style=\"text-align: center;\"><strong>za farnos\u0165<\/strong><\/td>\n<\/tr>\n<tr>\n<td style=\"text-align: center;\">Pondelok 29.10.<\/td>\n<td style=\"text-align: center;\">18:00<\/td>\n<td style=\"text-align: center;\">Pondelok 30.\u00a0t\u00fd\u017ed\u0148a v Cezro\u010dnom obdob\u00ed<\/td>\n<td style=\"text-align: center;\">+ J\u00e1n, Irma<\/td>\n<\/tr>\n<tr>\n<td style=\"text-align: center;\">Utorok 30.10.<\/td>\n<td style=\"text-align: center;\">18:00<\/td>\n<td style=\"text-align: center;\">Utorok 30. t\u00fd\u017ed\u0148a v Cezro\u010dnom obdob\u00ed<\/td>\n<td style=\"text-align: center;\">+ Celest\u00edn, Silvia a rodi\u010dia<\/td>\n<\/tr>\n<tr>\n<td style=\"text-align: center;\">Streda 31.10.<\/td>\n<td style=\"text-align: center;\">18:00<\/td>\n<td style=\"text-align: center;\">Streda 30. t\u00fd\u017ed\u0148a v Cezro\u010dnom obdob\u00ed<\/td>\n<td style=\"text-align: center;\">+ Elena<\/td>\n<\/tr>\n<tr>\n<td style=\"text-align: center;\">\u0160tvrtok 1.11.<\/td>\n<td style=\"text-align: center;\"><strong>9:30<\/strong><\/td>\n<td style=\"text-align: center;\"><strong>V\u0161etk\u00fdch sv\u00e4t\u00fdch<\/strong><\/td>\n<td style=\"text-align: center;\">na \u00famysel celebranta<\/td>\n<\/tr>\n<tr>\n<td style=\"text-align: center;\">Piatok 2.11.<\/td>\n<td style=\"text-align: center;\">18:00<\/td>\n<td style=\"text-align: center;\">V\u0161etk\u00fdch vern\u00fdch zosnul\u00fdch<\/td>\n<td style=\"text-align: center;\">+ za zomrel\u00fdch farnosti<\/td>\n<\/tr>\n<tr>\n<td style=\"text-align: center;\">Sobota 3.11.<\/td>\n<td style=\"text-align: center;\">8:00<\/td>\n<td style=\"text-align: center;\">Panny M\u00e1rie v sobotu<\/td>\n<td style=\"text-align: center;\">na \u00famysel<\/td>\n<\/tr>\n<tr>\n<td style=\"text-align: center;\"><strong>Nede\u013ea 4.11.<\/strong><\/td>\n<td style=\"text-align: center;\"><strong>9:30<\/strong><\/td>\n<td style=\"text-align: center;\"><strong>31. nede\u013ea v Cezro\u010dnom obdob\u00ed<\/strong><\/td>\n<td style=\"text-align: center;\"><b>za farnos\u0165<\/b><\/td>\n<\/tr>\n<\/tbody>\n<\/table>\n<\/div>\n<p><strong>Oznamy pre fili\u00e1lku Bodice:<\/strong><\/p>\n<div class=\"table-responsive\">\n<table class=\"table table-bordered\">\n<thead>\n<tr>\n<th style=\"text-align: center;\">d\u00e1tum<\/th>\n<th style=\"text-align: center;\">sv. om\u0161a<\/th>\n<th style=\"text-align: center;\">liturgick\u00fd de\u0148<\/th>\n<\/tr>\n<\/thead>\n<tbody>\n<tr>\n<td style=\"text-align: center;\"><strong>Nede\u013ea 28.10.<\/strong><\/td>\n<td style=\"text-align: center;\"><b>8:00<\/b><\/td>\n<td style=\"text-align: center;\"><strong>30. nede\u013ea v Cezro\u010dnom obdob\u00ed<\/strong><\/td>\n<\/tr>\n<tr>\n<td style=\"text-align: center;\">\u0160tvrtok 1.11.<\/td>\n<td style=\"text-align: center;\"><b>8:00<\/b><\/td>\n<td style=\"text-align: center;\"><strong>V\u0161etk\u00fdch sv\u00e4t\u00fdch<\/strong><\/td>\n<\/tr>\n<tr>\n<td style=\"text-align: center;\"><strong>Nede\u013ea 4.11.<\/strong><\/td>\n<td style=\"text-align: center;\"><strong style=\"font-family: inherit; font-size: inherit;\">8:00<\/strong><\/td>\n<td style=\"text-align: center;\"><strong>31. nede\u013ea v Cezro\u010dnom obdob\u00ed<\/strong><\/td>\n<\/tr>\n<\/tbody>\n<\/table>\n<\/div>\n<ul>\n<li>upratovanie kostola v tomto t\u00fd\u017edni: pod\u013ea <a href=\"http:\/\/www.paludzka.fara.sk\/?p=481\">rozpisu<\/a><\/li>\n<li>vo \u0161tvrtok na sviatok V\u0161etk\u00fdch Sv\u00e4t\u00fdch bude v kostole v Pal\u00fadzke o 14:00 du\u0161i\u010dkov\u00e1 pobo\u017enos\u0165<\/li>\n<li>tento t\u00fd\u017ede\u0148 je prv\u00fd piatok v mesiaci november. Spovedanie v Pal\u00fadzke: v pondelok, v utorok a v stredu 17:00-17:45, v piatok 14:00-16:00. Spovedanie v Bodiciach: vo \u0161tvrtok 7:15-8:00.<\/li>\n<li>veriaci, ktor\u00fd nav\u0161t\u00edvi 1.-8. novembra cintor\u00edn a pomodl\u00ed sa za du\u0161e v o\u010distci, m\u00f4\u017ee za obvykl\u00fdch podmienok z\u00edska\u0165 odpustky pre du\u0161e v o\u010distci (raz denne). K podmienkam patr\u00ed aj sv\u00e4t\u00e1 spove\u010f v rovnakom, alebo \u010dasovo bl\u00edzkom obdob\u00ed &#8211; m\u00f4\u017eete vyu\u017ei\u0165 prv\u00fd piatok.<\/li>\n<li>v mesiaci okt\u00f3ber sa budeme stret\u00e1va\u0165 pri spolo\u010dnej modlitbe sv\u00e4t\u00e9ho ru\u017eenca. Za\u010diatok je 17:45, pred ka\u017edou ve\u010dernou sv\u00e4tou om\u0161ou.<\/li>\n<\/ul>\n","protected":false},"excerpt":{"rendered":"<p>Liturgick\u00fd preh\u013ead a program bohoslu\u017eieb na t\u00fd\u017ede\u0148 28.10. &#8211; 4.11. 2018 Oznamy pre farsk\u00fd kostol: d\u00e1tum sv. om\u0161a liturgick\u00fd de\u0148 \u00famysel Nede\u013ea 28.10. 9:30 30. nede\u013ea v Cezro\u010dnom obdob\u00ed za farnos\u0165 Pondelok 29.10. 18:00 Pondelok 30.\u00a0t\u00fd\u017ed\u0148a v Cezro\u010dnom obdob\u00ed + J\u00e1n, Irma Utorok 30.10. 18:00 Utorok 30. t\u00fd\u017ed\u0148a v Cezro\u010dnom obdob\u00ed + Celest\u00edn, Silvia a [&hellip;]<\/p>\n","protected":false},"author":1,"featured_media":0,"comment_status":"closed","ping_status":"closed","sticky":false,"template":"","format":"standard","meta":{"_links_to":"","_links_to_target":""},"categories":[4,19],"tags":[],"_links":{"self":[{"href":"http:\/\/www.paludzka.fara.sk\/index.php?rest_route=\/wp\/v2\/posts\/722"}],"collection":[{"href":"http:\/\/www.paludzka.fara.sk\/index.php?rest_route=\/wp\/v2\/posts"}],"about":[{"href":"http:\/\/www.paludzka.fara.sk\/index.php?rest_route=\/wp\/v2\/types\/post"}],"author":[{"embeddable":true,"href":"http:\/\/www.paludzka.fara.sk\/index.php?rest_route=\/wp\/v2\/users\/1"}],"replies":[{"embeddable":true,"href":"http:\/\/www.paludzka.fara.sk\/index.php?rest_route=%2Fwp%2Fv2%2Fcomments&post=722"}],"version-history":[{"count":5,"href":"http:\/\/www.paludzka.fara.sk\/index.php?rest_route=\/wp\/v2\/posts\/722\/revisions"}],"predecessor-version":[{"id":735,"href":"http:\/\/www.paludzka.fara.sk\/index.php?rest_route=\/wp\/v2\/posts\/722\/revisions\/735"}],"wp:attachment":[{"href":"http:\/\/www.paludzka.fara.sk\/index.php?rest_route=%2Fwp%2Fv2%2Fmedia&parent=722"}],"wp:term":[{"taxonomy":"category","embeddable":true,"href":"http:\/\/www.paludzka.fara.sk\/index.php?rest_route=%2Fwp%2Fv2%2Fcategories&post=722"},{"taxonomy":"post_tag","embeddable":true,"href":"http:\/\/www.paludzka.fara.sk\/index.php?rest_route=%2Fwp%2Fv2%2Ftags&post=722"}],"curies":[{"name":"wp","href":"https:\/\/api.w.org\/{rel}","templated":true}]}}