
{"id":7211,"date":"2025-08-14T17:00:35","date_gmt":"2025-08-14T15:00:35","guid":{"rendered":"http:\/\/www.paludzka.fara.sk\/?p=7211"},"modified":"2025-08-14T22:36:59","modified_gmt":"2025-08-14T20:36:59","slug":"dekanatna-mladeznicka-chata","status":"publish","type":"post","link":"http:\/\/www.paludzka.fara.sk\/?p=7211","title":{"rendered":"Dekan\u00e1tna ml\u00e1de\u017en\u00edcka chata"},"content":{"rendered":"<p>Poz\u00fdvame mlad\u00fdch vo veku od 13 do 19 rokov na Dekan\u00e1tnu ml\u00e1de\u017en\u00edcku chatu (dekan\u00e1ty LM a RK), ktor\u00e1 sa uskuto\u010dn\u00ed v d\u0148och 23. \u2013 26. augusta 2025. Za\u017ei spolo\u010denstvo, hry a Boha. Udalos\u0165 sa kon\u00e1 pod z\u00e1\u0161titou k\u0148aza Filipa Orlovsk\u00e9ho.<\/p>\n<p>Bli\u017e\u0161ie inform\u00e1cie:<\/p>\n<p>vek: 13 \u2013 19 rokov<br \/>\nterm\u00edn: 23. \u2013 26. august 2025<br \/>\nmiesto konania: <a href=\"https:\/\/www.chataalpine.sk\/\" target=\"_blank\" rel=\"noopener\">Chata Alpine vo Vavri\u0161ove<\/a><br \/>\ncena: 20 \u20ac<br \/>\nprihlasovanie: do 15. augusta 2025<\/p>\n<p><a href=\"https:\/\/docs.google.com\/forms\/d\/1n6baI4NvzMWQNeH6z38U8mk5Ojh8Ta95mnq6-ngt_2U\/viewform?edit_requested=true\">Prihlasovanie je dostupn\u00e9 cez formul\u00e1r.<\/a> Pre viac inform\u00e1ci\u00ed m\u00f4\u017eete vyu\u017ei\u0165 e-mail: <a href=\"mailto:kornelkapinay@gmail.com\">kornelkapinay@gmail.com<\/a><\/p>\n<p>&nbsp;<\/p>\n<p><img decoding=\"async\" class=\"img img-responsive center-block\" src=\"http:\/\/www.paludzka.fara.sk\/wp-content\/uploads\/2025\/07\/dekanatna-mladeznicka.png\" alt=\"\" \/><\/p>\n","protected":false},"excerpt":{"rendered":"<p>Poz\u00fdvame mlad\u00fdch vo veku od 13 do 19 rokov na Dekan\u00e1tnu ml\u00e1de\u017en\u00edcku chatu (dekan\u00e1ty LM a RK), ktor\u00e1 sa uskuto\u010dn\u00ed v d\u0148och 23. \u2013 26. augusta 2025. Za\u017ei spolo\u010denstvo, hry a Boha. Udalos\u0165 sa kon\u00e1 pod z\u00e1\u0161titou k\u0148aza Filipa Orlovsk\u00e9ho. Bli\u017e\u0161ie inform\u00e1cie: vek: 13 \u2013 19 rokov term\u00edn: 23. \u2013 26. august 2025 miesto konania: [&hellip;]<\/p>\n","protected":false},"author":1,"featured_media":7212,"comment_status":"closed","ping_status":"closed","sticky":false,"template":"","format":"standard","meta":{"_links_to":"","_links_to_target":""},"categories":[18,12,4,11],"tags":[],"_links":{"self":[{"href":"http:\/\/www.paludzka.fara.sk\/index.php?rest_route=\/wp\/v2\/posts\/7211"}],"collection":[{"href":"http:\/\/www.paludzka.fara.sk\/index.php?rest_route=\/wp\/v2\/posts"}],"about":[{"href":"http:\/\/www.paludzka.fara.sk\/index.php?rest_route=\/wp\/v2\/types\/post"}],"author":[{"embeddable":true,"href":"http:\/\/www.paludzka.fara.sk\/index.php?rest_route=\/wp\/v2\/users\/1"}],"replies":[{"embeddable":true,"href":"http:\/\/www.paludzka.fara.sk\/index.php?rest_route=%2Fwp%2Fv2%2Fcomments&post=7211"}],"version-history":[{"count":4,"href":"http:\/\/www.paludzka.fara.sk\/index.php?rest_route=\/wp\/v2\/posts\/7211\/revisions"}],"predecessor-version":[{"id":7223,"href":"http:\/\/www.paludzka.fara.sk\/index.php?rest_route=\/wp\/v2\/posts\/7211\/revisions\/7223"}],"wp:featuredmedia":[{"embeddable":true,"href":"http:\/\/www.paludzka.fara.sk\/index.php?rest_route=\/wp\/v2\/media\/7212"}],"wp:attachment":[{"href":"http:\/\/www.paludzka.fara.sk\/index.php?rest_route=%2Fwp%2Fv2%2Fmedia&parent=7211"}],"wp:term":[{"taxonomy":"category","embeddable":true,"href":"http:\/\/www.paludzka.fara.sk\/index.php?rest_route=%2Fwp%2Fv2%2Fcategories&post=7211"},{"taxonomy":"post_tag","embeddable":true,"href":"http:\/\/www.paludzka.fara.sk\/index.php?rest_route=%2Fwp%2Fv2%2Ftags&post=7211"}],"curies":[{"name":"wp","href":"https:\/\/api.w.org\/{rel}","templated":true}]}}