
{"id":6754,"date":"2025-06-21T18:00:10","date_gmt":"2025-06-21T16:00:10","guid":{"rendered":"http:\/\/www.paludzka.fara.sk\/?p=6754"},"modified":"2025-06-21T23:11:18","modified_gmt":"2025-06-21T21:11:18","slug":"pozvanka-na-den-farnosti","status":"publish","type":"post","link":"http:\/\/www.paludzka.fara.sk\/?p=6754","title":{"rendered":"Pozv\u00e1nka na De\u0148 farnosti"},"content":{"rendered":"<p>Srde\u010dne v\u00e1s v\u0161etk\u00fdch poz\u00fdvame do farskej z\u00e1hrady na De\u0148 farnosti, ktor\u00fd sa bude kona\u0165 22. j\u00fana. Te\u0161\u00edme sa na v\u00e1s!<\/p>\n<p><img decoding=\"async\" class=\"img img-responsive center-block\" src=\"http:\/\/www.paludzka.fara.sk\/wp-content\/uploads\/2025\/05\/DenFarnosti2025_plagatik_web.jpg\" alt=\"\" \/><\/p>\n","protected":false},"excerpt":{"rendered":"<p>Srde\u010dne v\u00e1s v\u0161etk\u00fdch poz\u00fdvame do farskej z\u00e1hrady na De\u0148 farnosti, ktor\u00fd sa bude kona\u0165 22. j\u00fana. Te\u0161\u00edme sa na v\u00e1s!<\/p>\n","protected":false},"author":1,"featured_media":6756,"comment_status":"closed","ping_status":"closed","sticky":false,"template":"","format":"standard","meta":{"_links_to":"","_links_to_target":""},"categories":[13,18,3,12,4,11],"tags":[],"_links":{"self":[{"href":"http:\/\/www.paludzka.fara.sk\/index.php?rest_route=\/wp\/v2\/posts\/6754"}],"collection":[{"href":"http:\/\/www.paludzka.fara.sk\/index.php?rest_route=\/wp\/v2\/posts"}],"about":[{"href":"http:\/\/www.paludzka.fara.sk\/index.php?rest_route=\/wp\/v2\/types\/post"}],"author":[{"embeddable":true,"href":"http:\/\/www.paludzka.fara.sk\/index.php?rest_route=\/wp\/v2\/users\/1"}],"replies":[{"embeddable":true,"href":"http:\/\/www.paludzka.fara.sk\/index.php?rest_route=%2Fwp%2Fv2%2Fcomments&post=6754"}],"version-history":[{"count":5,"href":"http:\/\/www.paludzka.fara.sk\/index.php?rest_route=\/wp\/v2\/posts\/6754\/revisions"}],"predecessor-version":[{"id":6761,"href":"http:\/\/www.paludzka.fara.sk\/index.php?rest_route=\/wp\/v2\/posts\/6754\/revisions\/6761"}],"wp:featuredmedia":[{"embeddable":true,"href":"http:\/\/www.paludzka.fara.sk\/index.php?rest_route=\/wp\/v2\/media\/6756"}],"wp:attachment":[{"href":"http:\/\/www.paludzka.fara.sk\/index.php?rest_route=%2Fwp%2Fv2%2Fmedia&parent=6754"}],"wp:term":[{"taxonomy":"category","embeddable":true,"href":"http:\/\/www.paludzka.fara.sk\/index.php?rest_route=%2Fwp%2Fv2%2Fcategories&post=6754"},{"taxonomy":"post_tag","embeddable":true,"href":"http:\/\/www.paludzka.fara.sk\/index.php?rest_route=%2Fwp%2Fv2%2Ftags&post=6754"}],"curies":[{"name":"wp","href":"https:\/\/api.w.org\/{rel}","templated":true}]}}