
{"id":675,"date":"2018-09-30T00:00:31","date_gmt":"2018-09-29T22:00:31","guid":{"rendered":"http:\/\/www.paludzka.fara.sk\/?p=675"},"modified":"2018-10-07T13:45:02","modified_gmt":"2018-10-07T11:45:02","slug":"farske-oznamy-30-9-7-10-2018","status":"publish","type":"post","link":"http:\/\/www.paludzka.fara.sk\/?p=675","title":{"rendered":"Farsk\u00e9 oznamy 30.9.-7.10.2018"},"content":{"rendered":"<h3 style=\"text-align: center;\">Liturgick\u00fd preh\u013ead a program bohoslu\u017eieb na t\u00fd\u017ede\u0148 30.9. &#8211; 7.10. 2018<\/h3>\n<p><strong>Oznamy pre farsk\u00fd kostol:<\/strong><\/p>\n<div class=\"table-responsive\">\n<table class=\"table table-bordered\">\n<thead>\n<tr>\n<th style=\"text-align: center;\">d\u00e1tum<\/th>\n<th style=\"text-align: center;\">sv. om\u0161a<\/th>\n<th style=\"text-align: center;\">liturgick\u00fd de\u0148<\/th>\n<th style=\"text-align: center;\">\u00famysel<\/th>\n<\/tr>\n<\/thead>\n<tbody>\n<tr>\n<td style=\"text-align: center;\"><strong>Nede\u013ea 30.9.<\/strong><\/td>\n<td style=\"text-align: center;\"><strong>9:30<\/strong><\/td>\n<td style=\"text-align: center;\"><strong>26. nede\u013ea v Cezro\u010dnom obdob\u00ed<\/strong><\/td>\n<td style=\"text-align: center;\"><strong>za farnos\u0165<\/strong><\/td>\n<\/tr>\n<tr>\n<td style=\"text-align: center;\">Pondelok 1.10.<\/td>\n<td style=\"text-align: center;\">18:00<\/td>\n<td style=\"text-align: center;\">Sv\u00e4tej Ter\u00e9zie z Lisieux,<\/p>\n<p>panny a u\u010dite\u013eky Cirkvi<\/td>\n<td style=\"text-align: center;\">+ Ondrej<\/td>\n<\/tr>\n<tr>\n<td style=\"text-align: center;\">Utorok 2.10.<\/td>\n<td style=\"text-align: center;\">18:00<\/td>\n<td style=\"text-align: center;\">Sv\u00e4t\u00fdch anjelov str\u00e1\u017ecov<\/td>\n<td style=\"text-align: center;\">na \u00famysel<\/td>\n<\/tr>\n<tr>\n<td style=\"text-align: center;\">Streda 3.10.<\/td>\n<td style=\"text-align: center;\">18:00<\/td>\n<td style=\"text-align: center;\">Streda 26. t\u00fd\u017ed\u0148a v Cezro\u010dnom obdob\u00ed<\/td>\n<td style=\"text-align: center;\">+ Adolf, Val\u00e9ria<\/td>\n<\/tr>\n<tr>\n<td style=\"text-align: center;\">\u0160tvrtok 4.10.<\/td>\n<td style=\"text-align: center;\">07:00<\/td>\n<td style=\"text-align: center;\">Sv\u00e4t\u00e9ho Franti\u0161ka Assisk\u00e9ho<\/td>\n<td style=\"text-align: center;\">+ Jozef, k\u0148az<\/td>\n<\/tr>\n<tr>\n<td style=\"text-align: center;\">Piatok 5.10.<\/td>\n<td style=\"text-align: center;\">18:00<\/td>\n<td style=\"text-align: center;\">Sv\u00e4tej Faust\u00edny Kowalskej, panny<\/td>\n<td style=\"text-align: center;\">+ Ilona, J\u00e1n, Ant\u00f3nia<\/td>\n<\/tr>\n<tr>\n<td style=\"text-align: center;\">Sobota 6.10.<\/td>\n<td style=\"text-align: center;\">8:00<\/td>\n<td style=\"text-align: center;\">Panny M\u00e1rie v sobotu<\/td>\n<td style=\"text-align: center;\">+ Pavol<\/td>\n<\/tr>\n<tr>\n<td style=\"text-align: center;\"><strong>Nede\u013ea 7.10.<\/strong><\/td>\n<td style=\"text-align: center;\"><strong>9:30<\/strong><\/td>\n<td style=\"text-align: center;\"><strong>27. nede\u013ea v Cezro\u010dnom obdob\u00ed<\/strong><\/td>\n<td style=\"text-align: center;\"><b>za farnos\u0165<\/b><\/td>\n<\/tr>\n<\/tbody>\n<\/table>\n<\/div>\n<p><strong>Oznamy pre fili\u00e1lku Bodice:<\/strong><\/p>\n<div class=\"table-responsive\">\n<table class=\"table table-bordered\">\n<thead>\n<tr>\n<th style=\"text-align: center;\">d\u00e1tum<\/th>\n<th style=\"text-align: center;\">sv. om\u0161a<\/th>\n<th style=\"text-align: center;\">liturgick\u00fd de\u0148<\/th>\n<\/tr>\n<\/thead>\n<tbody>\n<tr>\n<td style=\"text-align: center;\"><strong>Nede\u013ea 30.9.<\/strong><\/td>\n<td style=\"text-align: center;\"><b>8:00<\/b><\/td>\n<td style=\"text-align: center;\"><strong>26. nede\u013ea v Cezro\u010dnom obdob\u00ed<\/strong><\/td>\n<\/tr>\n<tr>\n<td style=\"text-align: center;\"><strong>Nede\u013ea 7.10.<\/strong><\/td>\n<td style=\"text-align: center;\"><strong style=\"font-family: inherit; font-size: inherit;\">8:00<\/strong><\/td>\n<td style=\"text-align: center;\"><strong>27. nede\u013ea v Cezro\u010dnom obdob\u00ed<\/strong><\/td>\n<\/tr>\n<\/tbody>\n<\/table>\n<\/div>\n<ul>\n<li>upratovanie kostola v tomto t\u00fd\u017edni: pod\u013ea <a href=\"http:\/\/www.paludzka.fara.sk\/?p=481\">rozpisu<\/a><\/li>\n<li>v tomto t\u00fd\u017edni je 1. piatok v\u00a0mesiaci okt\u00f3ber.\u00a0Spovedanie v\u00a0Pal\u00fadzke v pondelok, utorok, stredu 17:00-17:45, v piatok 14:00-16:00. Spovedanie v\u00a0Bodiciach v piatok 16:30-17:00.<\/li>\n<li>spevokol det\u00ed bude ma\u0165 n\u00e1cvik v\u00a0piatok, po skon\u010den\u00ed ve\u010dernej sv\u00e4tej om\u0161e.<\/li>\n<li>na bud\u00facu nede\u013eu (7.10.) bude po\u010fakovanie za \u00farodu.<\/li>\n<li>v mesiaci okt\u00f3ber sa budeme stret\u00e1va\u0165 pri spolo\u010dnej modlitbe sv\u00e4t\u00e9ho ru\u017eenca. Za\u010diatok je 15 min\u00fat pred\u00a0ka\u017edou ve\u010dernou sv\u00e4tou om\u0161ou.<\/li>\n<\/ul>\n","protected":false},"excerpt":{"rendered":"<p>Liturgick\u00fd preh\u013ead a program bohoslu\u017eieb na t\u00fd\u017ede\u0148 30.9. &#8211; 7.10. 2018 Oznamy pre farsk\u00fd kostol: d\u00e1tum sv. om\u0161a liturgick\u00fd de\u0148 \u00famysel Nede\u013ea 30.9. 9:30 26. nede\u013ea v Cezro\u010dnom obdob\u00ed za farnos\u0165 Pondelok 1.10. 18:00 Sv\u00e4tej Ter\u00e9zie z Lisieux, panny a u\u010dite\u013eky Cirkvi + Ondrej Utorok 2.10. 18:00 Sv\u00e4t\u00fdch anjelov str\u00e1\u017ecov na \u00famysel Streda 3.10. 18:00 [&hellip;]<\/p>\n","protected":false},"author":1,"featured_media":0,"comment_status":"open","ping_status":"open","sticky":false,"template":"","format":"standard","meta":{"_links_to":"","_links_to_target":""},"categories":[4,19],"tags":[],"_links":{"self":[{"href":"http:\/\/www.paludzka.fara.sk\/index.php?rest_route=\/wp\/v2\/posts\/675"}],"collection":[{"href":"http:\/\/www.paludzka.fara.sk\/index.php?rest_route=\/wp\/v2\/posts"}],"about":[{"href":"http:\/\/www.paludzka.fara.sk\/index.php?rest_route=\/wp\/v2\/types\/post"}],"author":[{"embeddable":true,"href":"http:\/\/www.paludzka.fara.sk\/index.php?rest_route=\/wp\/v2\/users\/1"}],"replies":[{"embeddable":true,"href":"http:\/\/www.paludzka.fara.sk\/index.php?rest_route=%2Fwp%2Fv2%2Fcomments&post=675"}],"version-history":[{"count":3,"href":"http:\/\/www.paludzka.fara.sk\/index.php?rest_route=\/wp\/v2\/posts\/675\/revisions"}],"predecessor-version":[{"id":696,"href":"http:\/\/www.paludzka.fara.sk\/index.php?rest_route=\/wp\/v2\/posts\/675\/revisions\/696"}],"wp:attachment":[{"href":"http:\/\/www.paludzka.fara.sk\/index.php?rest_route=%2Fwp%2Fv2%2Fmedia&parent=675"}],"wp:term":[{"taxonomy":"category","embeddable":true,"href":"http:\/\/www.paludzka.fara.sk\/index.php?rest_route=%2Fwp%2Fv2%2Fcategories&post=675"},{"taxonomy":"post_tag","embeddable":true,"href":"http:\/\/www.paludzka.fara.sk\/index.php?rest_route=%2Fwp%2Fv2%2Ftags&post=675"}],"curies":[{"name":"wp","href":"https:\/\/api.w.org\/{rel}","templated":true}]}}