
{"id":609,"date":"2018-08-05T00:00:47","date_gmt":"2018-08-04T22:00:47","guid":{"rendered":"http:\/\/www.paludzka.fara.sk\/?p=609"},"modified":"2018-08-04T23:40:11","modified_gmt":"2018-08-04T21:40:11","slug":"609","status":"publish","type":"post","link":"http:\/\/www.paludzka.fara.sk\/?p=609","title":{"rendered":"Farsk\u00e9 oznamy 5.8.-12.8.2018"},"content":{"rendered":"<h3 style=\"text-align: center;\">Liturgick\u00fd preh\u013ead a program bohoslu\u017eieb na t\u00fd\u017ede\u0148 5.8. &#8211; 12.8. 2018<\/h3>\n<p><strong>Oznamy pre farsk\u00fd kostol:<\/strong><\/p>\n<div class=\"table-responsive\">\n<table class=\"table table-bordered\" style=\"height: 248px;\">\n<thead>\n<tr style=\"height: 24px;\">\n<th style=\"text-align: center; height: 24px;\">d\u00e1tum<\/th>\n<th style=\"text-align: center; height: 24px;\">sv. om\u0161a<\/th>\n<th style=\"text-align: center; height: 24px;\">liturgick\u00fd de\u0148<\/th>\n<th style=\"text-align: center; height: 24px;\">\u00famysel<\/th>\n<\/tr>\n<\/thead>\n<tbody>\n<tr style=\"height: 56px;\">\n<td style=\"text-align: center; height: 56px;\"><strong>Nede\u013ea 5.8.<\/strong><\/td>\n<td style=\"text-align: center; height: 56px;\"><strong>9:30<\/strong><\/td>\n<td style=\"text-align: center; height: 56px;\"><strong>18. nede\u013ea v Cezro\u010dnom obdob\u00ed<\/strong><\/td>\n<td style=\"text-align: center; height: 56px;\"><strong>za farnos\u0165<\/strong><\/td>\n<\/tr>\n<tr style=\"height: 24px;\">\n<td style=\"text-align: center; height: 24px;\">Pondelok 6.8.<\/td>\n<td style=\"text-align: center; height: 24px;\">18:00<\/td>\n<td style=\"text-align: center; height: 24px;\"><em>Premenenie P\u00e1na<\/em><\/td>\n<td style=\"text-align: center; height: 24px;\">+ Zuzana<\/td>\n<\/tr>\n<tr style=\"height: 24px;\">\n<td style=\"text-align: center; height: 24px;\">Utorok 7.8.<\/td>\n<td style=\"text-align: center; height: 24px;\">18:00<\/td>\n<td style=\"text-align: center; height: 24px;\">Utorok 18. t\u00fd\u017ed\u0148a v Cezro\u010dnom obdob\u00ed<\/td>\n<td style=\"text-align: center; height: 24px;\">+ Ernest, M\u00e1ria<\/td>\n<\/tr>\n<tr style=\"height: 24px;\">\n<td style=\"text-align: center; height: 24px;\">Streda 8.8.<\/td>\n<td style=\"text-align: center; height: 24px;\">18:00<\/td>\n<td style=\"text-align: center; height: 24px;\">Sv\u00e4t\u00e9ho Dominika, k\u0148aza<\/td>\n<td style=\"text-align: center; height: 24px;\">+ Ondrej, \u0160tef\u00e1nia<\/td>\n<\/tr>\n<tr style=\"height: 24px;\">\n<td style=\"text-align: center; height: 24px;\">\u0160tvrtok 9.8.<\/td>\n<td style=\"text-align: center; height: 24px;\">07:00<\/td>\n<td style=\"text-align: center; height: 24px;\"><em>Sv\u00e4tej Ter\u00e9zie Benedikty z\u00a0Kr\u00ed\u017ea (Edity Steinovej), <\/em><\/p>\n<p><em>panny a\u00a0mu\u010denice, patr\u00f3nky Eur\u00f3py<\/em><\/td>\n<td style=\"text-align: center; height: 24px;\">+ Jozef, k\u0148az<\/td>\n<\/tr>\n<tr style=\"height: 24px;\">\n<td style=\"text-align: center; height: 24px;\">Piatok 10.8.<\/td>\n<td style=\"text-align: center; height: 24px;\">18:00<\/td>\n<td style=\"text-align: center; height: 24px;\"><em>Sv\u00e4t\u00e9ho Vavrinca, diakona a\u00a0mu\u010den\u00edka<\/em><\/td>\n<td style=\"text-align: center; height: 24px;\">+ Helena a rodi\u010dia<\/td>\n<\/tr>\n<tr style=\"height: 24px;\">\n<td style=\"text-align: center; height: 24px;\">Sobota 11.8.<\/td>\n<td style=\"text-align: center; height: 24px;\">8:00<\/td>\n<td style=\"text-align: center; height: 24px;\">Sv\u00e4tej Kl\u00e1ry, panny<\/td>\n<td style=\"text-align: center; height: 24px;\">na \u00famysel<\/td>\n<\/tr>\n<tr style=\"height: 24px;\">\n<td style=\"text-align: center; height: 24px;\"><strong>Nede\u013ea 12.8.<\/strong><\/td>\n<td style=\"text-align: center; height: 24px;\"><strong>9:30<\/strong><\/td>\n<td style=\"text-align: center; height: 24px;\"><strong>19. nede\u013ea v Cezro\u010dnom obdob\u00ed<\/strong><\/td>\n<td style=\"text-align: center; height: 24px;\"><b>za farnos\u0165<\/b><\/td>\n<\/tr>\n<\/tbody>\n<\/table>\n<\/div>\n<p><strong>Oznamy pre fili\u00e1lku Bodice:<\/strong><\/p>\n<div class=\"table-responsive\">\n<table class=\"table table-bordered\" style=\"height: 69px;\">\n<thead>\n<tr style=\"height: 23px;\">\n<th style=\"text-align: center; height: 23px; width: 104px;\">d\u00e1tum<\/th>\n<th style=\"text-align: center; height: 23px; width: 71px;\">sv. om\u0161a<\/th>\n<th style=\"text-align: center; height: 23px; width: 258px;\">liturgick\u00fd de\u0148<\/th>\n<\/tr>\n<\/thead>\n<tbody>\n<tr style=\"height: 23px;\">\n<td style=\"text-align: center; height: 23px; width: 104px;\"><strong>Nede\u013ea 5.8.<\/strong><\/td>\n<td style=\"text-align: center; height: 23px; width: 71px;\"><b>8:00<\/b><\/td>\n<td style=\"text-align: center; height: 23px; width: 258px;\"><strong>18. nede\u013ea v Cezro\u010dnom obdob\u00ed<\/strong><\/td>\n<\/tr>\n<tr style=\"height: 23px;\">\n<td style=\"text-align: center; height: 23px; width: 104px;\"><strong>Nede\u013ea 12.8.<\/strong><\/td>\n<td style=\"text-align: center; height: 23px; width: 71px;\"><strong style=\"font-family: inherit; font-size: inherit;\">8:00<\/strong><\/td>\n<td style=\"text-align: center; height: 23px; width: 258px;\"><strong>19. nede\u013ea v Cezro\u010dnom obdob\u00ed<\/strong><\/td>\n<\/tr>\n<\/tbody>\n<\/table>\n<ul>\n<li>25. augusta sa uskuto\u010dn\u00ed tradi\u010dn\u00fd &#8222;De\u0148 farnosti&#8220;. Za\u010diatok o 13:00. V\u0161etci ste srde\u010dne pozvan\u00ed!<\/li>\n<li>upratovanie kostola v tomto t\u00fd\u017edni: pod\u013ea <a href=\"http:\/\/www.paludzka.fara.sk\/?p=481\">rozpisu<\/a><\/li>\n<\/ul>\n<\/div>\n","protected":false},"excerpt":{"rendered":"<p>Liturgick\u00fd preh\u013ead a program bohoslu\u017eieb na t\u00fd\u017ede\u0148 5.8. &#8211; 12.8. 2018 Oznamy pre farsk\u00fd kostol: d\u00e1tum sv. om\u0161a liturgick\u00fd de\u0148 \u00famysel Nede\u013ea 5.8. 9:30 18. nede\u013ea v Cezro\u010dnom obdob\u00ed za farnos\u0165 Pondelok 6.8. 18:00 Premenenie P\u00e1na + Zuzana Utorok 7.8. 18:00 Utorok 18. t\u00fd\u017ed\u0148a v Cezro\u010dnom obdob\u00ed + Ernest, M\u00e1ria Streda 8.8. 18:00 Sv\u00e4t\u00e9ho Dominika, [&hellip;]<\/p>\n","protected":false},"author":1,"featured_media":0,"comment_status":"open","ping_status":"open","sticky":false,"template":"","format":"standard","meta":{"_links_to":"","_links_to_target":""},"categories":[4,19],"tags":[],"_links":{"self":[{"href":"http:\/\/www.paludzka.fara.sk\/index.php?rest_route=\/wp\/v2\/posts\/609"}],"collection":[{"href":"http:\/\/www.paludzka.fara.sk\/index.php?rest_route=\/wp\/v2\/posts"}],"about":[{"href":"http:\/\/www.paludzka.fara.sk\/index.php?rest_route=\/wp\/v2\/types\/post"}],"author":[{"embeddable":true,"href":"http:\/\/www.paludzka.fara.sk\/index.php?rest_route=\/wp\/v2\/users\/1"}],"replies":[{"embeddable":true,"href":"http:\/\/www.paludzka.fara.sk\/index.php?rest_route=%2Fwp%2Fv2%2Fcomments&post=609"}],"version-history":[{"count":2,"href":"http:\/\/www.paludzka.fara.sk\/index.php?rest_route=\/wp\/v2\/posts\/609\/revisions"}],"predecessor-version":[{"id":611,"href":"http:\/\/www.paludzka.fara.sk\/index.php?rest_route=\/wp\/v2\/posts\/609\/revisions\/611"}],"wp:attachment":[{"href":"http:\/\/www.paludzka.fara.sk\/index.php?rest_route=%2Fwp%2Fv2%2Fmedia&parent=609"}],"wp:term":[{"taxonomy":"category","embeddable":true,"href":"http:\/\/www.paludzka.fara.sk\/index.php?rest_route=%2Fwp%2Fv2%2Fcategories&post=609"},{"taxonomy":"post_tag","embeddable":true,"href":"http:\/\/www.paludzka.fara.sk\/index.php?rest_route=%2Fwp%2Fv2%2Ftags&post=609"}],"curies":[{"name":"wp","href":"https:\/\/api.w.org\/{rel}","templated":true}]}}