
{"id":6061,"date":"2025-03-16T00:00:49","date_gmt":"2025-03-15T23:00:49","guid":{"rendered":"http:\/\/www.paludzka.fara.sk\/?p=6061"},"modified":"2025-03-15T15:05:20","modified_gmt":"2025-03-15T14:05:20","slug":"farske-oznamy-16-3-23-3-2025","status":"publish","type":"post","link":"http:\/\/www.paludzka.fara.sk\/?p=6061","title":{"rendered":"Farsk\u00e9 oznamy 16.3.-23.3.2025"},"content":{"rendered":"<div class=\"table-responsive\">\n<table class=\"table table-bordered\">\n<thead>\n<tr>\n<th style=\"text-align: center; vertical-align: middle;\">De\u0148<\/th>\n<th style=\"text-align: center; vertical-align: middle;\">\u010cas<\/th>\n<th style=\"text-align: center; vertical-align: middle;\">Liturgick\u00fd kalend\u00e1r<\/th>\n<th style=\"text-align: center; vertical-align: middle;\">\u00damysel<\/th>\n<th style=\"text-align: center; vertical-align: middle;\">O\u010dak\u00e1vame<\/th>\n<\/tr>\n<\/thead>\n<tbody>\n<tr>\n<td style=\"text-align: center; vertical-align: middle;\"><strong>Nede\u013ea 16.3.<\/strong><\/td>\n<td style=\"text-align: center; vertical-align: middle;\">7:00<\/p>\n<p><strong>8:15<\/strong><\/p>\n<p>9:45<\/td>\n<td style=\"text-align: center; vertical-align: middle;\"><span style=\"color: #800080;\"><strong>2. p\u00f4stna nede\u013ea<\/strong><\/span><\/td>\n<td style=\"text-align: center; vertical-align: middle;\">+ Vavrinec, Ivana a Verona<\/p>\n<p><strong>Bodice:<\/strong> na \u00famysel<\/p>\n<p>za veriacich<\/td>\n<td style=\"text-align: center; vertical-align: middle;\">Kr\u00ed\u017eov\u00e1 cesta o 14:00 \u2013 seniori<\/td>\n<\/tr>\n<tr>\n<td style=\"text-align: center; vertical-align: middle;\">Pondelok 17.3.<\/td>\n<td style=\"text-align: center; vertical-align: middle;\">17:30<\/td>\n<td style=\"text-align: center; vertical-align: middle;\"><span style=\"color: #800080;\">Pondelok po 2. p\u00f4stnej nedeli<\/span><\/td>\n<td style=\"text-align: center; vertical-align: middle;\">+ Vendel\u00edn a rodi\u010dia<\/td>\n<td style=\"text-align: center; vertical-align: middle;\"><\/td>\n<\/tr>\n<tr>\n<td style=\"text-align: center; vertical-align: middle;\">Utorok 18.3.<\/td>\n<td style=\"text-align: center; vertical-align: middle;\"><span style=\"color: #ff0000;\">7:00<\/span><\/td>\n<td style=\"text-align: center; vertical-align: middle;\"><span style=\"color: #800080;\">Utorok po 2. p\u00f4stnej nedeli<\/span><\/td>\n<td style=\"text-align: center; vertical-align: middle;\">za zdravie a Bo\u017eie po\u017eehnanie pre Jozefa<\/td>\n<td style=\"text-align: center; vertical-align: middle;\">O 18:00 modlitbov\u00e9 stretnutie vo fare<\/td>\n<\/tr>\n<tr>\n<td style=\"text-align: center; vertical-align: middle;\">Streda 19.3.<\/td>\n<td style=\"text-align: center; vertical-align: middle;\"><strong>16:00<\/strong><\/p>\n<p><span style=\"color: #ff0000;\">17:30<\/span><\/td>\n<td style=\"text-align: center; vertical-align: middle;\"><span style=\"color: #808000;\">Sv\u00e4t\u00e9ho Jozefa, \u017een\u00edcha preblahoslavenej Panny M\u00e1rie<\/span><\/p>\n<p><span style=\"color: #808000;\">sl\u00e1vnos\u0165<\/span><\/td>\n<td style=\"text-align: center; vertical-align: middle;\"><strong>Bodice:<\/strong> na \u00famysel<\/p>\n<p>+ rodi\u010dia Urbanovi a Benick\u00fd<\/td>\n<td style=\"text-align: center; vertical-align: middle;\"><\/td>\n<\/tr>\n<tr>\n<td style=\"text-align: center; vertical-align: middle;\">\u0160tvrtok 20.3.<\/td>\n<td style=\"text-align: center; vertical-align: middle;\">17:30<\/td>\n<td style=\"text-align: center; vertical-align: middle;\"><span style=\"color: #800080;\">\u0160tvrtok po 2. p\u00f4stnej nedeli<\/span><\/td>\n<td style=\"text-align: center; vertical-align: middle;\">+ rodi\u010dia Pavol a M\u00e1ria<\/td>\n<td style=\"text-align: center; vertical-align: middle;\">Ador\u00e1cia od 16:45<\/td>\n<\/tr>\n<tr>\n<td style=\"text-align: center; vertical-align: middle;\">Piatok 21.3.<\/td>\n<td style=\"text-align: center; vertical-align: middle;\">17:30<\/td>\n<td style=\"text-align: center; vertical-align: middle;\"><span style=\"color: #800080;\">Piatok po 2. p\u00f4stnej nedeli<\/span><\/td>\n<td style=\"text-align: center; vertical-align: middle;\">+ Zuzana, Ladislav, a Milan<\/td>\n<td style=\"text-align: center; vertical-align: middle;\">Kr\u00ed\u017eov\u00e1 cesta o 17:30 \u2013 deti<\/p>\n<p>sv. om\u0161a za \u00fa\u010dasti det\u00ed.<br \/>\nPoz\u00fdvame deti a rodi\u010dov<\/td>\n<\/tr>\n<tr>\n<td style=\"text-align: center; vertical-align: middle;\">Sobota 22.3.<\/td>\n<td style=\"text-align: center; vertical-align: middle;\">8:00<\/td>\n<td style=\"text-align: center; vertical-align: middle;\"><span style=\"color: #800080;\">Sobota po 2. p\u00f4stnej nedeli<\/span><\/td>\n<td style=\"text-align: center; vertical-align: middle;\">za Bo\u017eiu pomoc a dary Ducha<br \/>\nSv\u00e4t\u00e9ho pre Silviu a Samuela<\/td>\n<td style=\"text-align: center; vertical-align: middle;\">Brig\u00e1da o\u00a010:00<\/td>\n<\/tr>\n<tr>\n<td style=\"text-align: center; vertical-align: middle;\"><strong>Nede\u013ea 23.3.<\/strong><\/td>\n<td style=\"text-align: center; vertical-align: middle;\">7:00<\/p>\n<p><strong>8:15<\/strong><\/p>\n<p>9:45<\/td>\n<td style=\"text-align: center; vertical-align: middle;\"><span style=\"color: #800080;\"><strong>3. p\u00f4stna nede\u013ea<\/strong><\/span><\/td>\n<td style=\"text-align: center; vertical-align: middle;\">za zdravie matky<\/p>\n<p><strong>Bodice:<\/strong> na \u00famysel<\/p>\n<p>za veriacich<\/td>\n<td style=\"text-align: center; vertical-align: middle;\">Kr\u00ed\u017eov\u00e1 cesta o 14:00 \u2013 lektori<\/td>\n<\/tr>\n<\/tbody>\n<\/table>\n<\/div>\n<ul>\n<li>v utorok o 18:00 v\u00e1s poz\u00fdvame na modlitbov\u00e9 stretnutie na fare.<\/li>\n<li>pros\u00edm bud\u00facich kandid\u00e1tov na prijatie sviatosti birmovania, aby \u010d\u00edm sk\u00f4r odovzdali prihl\u00e1\u0161ky.<\/li>\n<li>na bud\u00faci t\u00fd\u017ede\u0148 za\u010d\u00edname s pr\u00e1cami na v\u00fdmene stre\u0161nej krytiny na b\u00fdvalej katol\u00edckej \u0161kole pri farskom kostole v Pal\u00fadzke . Pros\u00edme o modlitby a pomoc na brig\u00e1de, ktor\u00e1 bude v sobotu o 10:00.<\/li>\n<li>v zbierke na charitu sme prispeli 495 \u20ac. Z toho 50 \u20ac darovalo ru\u017eencov\u00e9 spolo\u010denstvo. P\u00e1 Boh zapla\u0165 v\u0161etk\u00fdm darcom.<\/li>\n<li>o upratovanie kostola pros\u00edm rodiny Hunanov\u00fa, Adam\u010diakov\u00fa M., Slukov\u00fa a Jurisov\u00fa. Upratovanie bude v sobotu. P\u00e1n Boh zapla\u0165 za slu\u017ebu.<\/li>\n<\/ul>\n<p><strong>1. Jubileum mlad\u00fdch<\/strong><\/p>\n<p>26. apr\u00edla 2025 sa v Starej \u013dubovni uskuto\u010dn\u00ed Jubileum mlad\u00fdch. Na webe <a href=\"https:\/\/stretnutiespolu.sk\/\">stretnutiespolu.sk<\/a> je u\u017e mo\u017enos\u0165 registrova\u0165 sa &#8211; jednak pre jednotlivcov a tie\u017e pre skupiny. V programe tohtoro\u010dn\u00e9ho v\u00fdnimo\u010dn\u00e9ho stretnutia \u010dak\u00e1 mlad\u00fdch koncert kapely Rods, forma\u010dn\u00e9 impulzy na r\u00f4zne t\u00e9my, diskusia s otcami biskupmi, priestor na modlitbu i r\u00f4zne workshopy a z\u00e1bavn\u00e9 aktivity. Vrcholom bude sl\u00e1vnostn\u00e1 sv\u00e4t\u00e1 om\u0161a. \u00da\u010dastn\u00edcky poplatok je 7 eur pri registr\u00e1cii cez web, priamo na mieste bude a\u017e 10 eur. Na tomto webe postupne n\u00e1jdete aj \u010fal\u0161ie inform\u00e1cie.<\/p>\n<p><strong>2. Ve\u010dery milosrdenstva<\/strong><\/p>\n<p>Poz\u00fdvame v\u0161etk\u00fdch aj v mesiaci marec do Jubilejn\u00e9ho chr\u00e1mu v Ru\u017eomberku d\u0148a 28.3.2025 o 16:00 na Ve\u010der milosrdenstva, aby sme sa spolo\u010dne modlili a prosili Boha o odpustenie a po\u017eehnanie pre na\u0161e vz\u0165ahy. T\u00e9mou tohto mesiaca je Uzdravenie vz\u0165ahov s autoritami. Pros\u00edme aby ste tento \u00famysel zahrnuli aj do svojich osobn\u00fdch modlitieb a obiet. Term\u00edny v\u0161etk\u00fdch Ve\u010derov milosrdenstva s\u00fa zverejnen\u00e9 na webovej str\u00e1nke <a href=\"https:\/\/jubileum.kapitula.sk\/\">jubileum.kapitula.sk<\/a><\/p>\n","protected":false},"excerpt":{"rendered":"<p>De\u0148 \u010cas Liturgick\u00fd kalend\u00e1r \u00damysel O\u010dak\u00e1vame Nede\u013ea 16.3. 7:00 8:15 9:45 2. p\u00f4stna nede\u013ea + Vavrinec, Ivana a Verona Bodice: na \u00famysel za veriacich Kr\u00ed\u017eov\u00e1 cesta o 14:00 \u2013 seniori Pondelok 17.3. 17:30 Pondelok po 2. p\u00f4stnej nedeli + Vendel\u00edn a rodi\u010dia Utorok 18.3. 7:00 Utorok po 2. p\u00f4stnej nedeli za zdravie a Bo\u017eie po\u017eehnanie [&hellip;]<\/p>\n","protected":false},"author":1,"featured_media":0,"comment_status":"closed","ping_status":"closed","sticky":false,"template":"","format":"standard","meta":{"_links_to":"","_links_to_target":""},"categories":[4,19],"tags":[],"_links":{"self":[{"href":"http:\/\/www.paludzka.fara.sk\/index.php?rest_route=\/wp\/v2\/posts\/6061"}],"collection":[{"href":"http:\/\/www.paludzka.fara.sk\/index.php?rest_route=\/wp\/v2\/posts"}],"about":[{"href":"http:\/\/www.paludzka.fara.sk\/index.php?rest_route=\/wp\/v2\/types\/post"}],"author":[{"embeddable":true,"href":"http:\/\/www.paludzka.fara.sk\/index.php?rest_route=\/wp\/v2\/users\/1"}],"replies":[{"embeddable":true,"href":"http:\/\/www.paludzka.fara.sk\/index.php?rest_route=%2Fwp%2Fv2%2Fcomments&post=6061"}],"version-history":[{"count":4,"href":"http:\/\/www.paludzka.fara.sk\/index.php?rest_route=\/wp\/v2\/posts\/6061\/revisions"}],"predecessor-version":[{"id":6065,"href":"http:\/\/www.paludzka.fara.sk\/index.php?rest_route=\/wp\/v2\/posts\/6061\/revisions\/6065"}],"wp:attachment":[{"href":"http:\/\/www.paludzka.fara.sk\/index.php?rest_route=%2Fwp%2Fv2%2Fmedia&parent=6061"}],"wp:term":[{"taxonomy":"category","embeddable":true,"href":"http:\/\/www.paludzka.fara.sk\/index.php?rest_route=%2Fwp%2Fv2%2Fcategories&post=6061"},{"taxonomy":"post_tag","embeddable":true,"href":"http:\/\/www.paludzka.fara.sk\/index.php?rest_route=%2Fwp%2Fv2%2Ftags&post=6061"}],"curies":[{"name":"wp","href":"https:\/\/api.w.org\/{rel}","templated":true}]}}