
{"id":606,"date":"2018-07-29T00:00:40","date_gmt":"2018-07-28T22:00:40","guid":{"rendered":"http:\/\/www.paludzka.fara.sk\/?p=606"},"modified":"2018-07-29T12:21:04","modified_gmt":"2018-07-29T10:21:04","slug":"farske-oznamy-29-7-5-8-2018","status":"publish","type":"post","link":"http:\/\/www.paludzka.fara.sk\/?p=606","title":{"rendered":"Farsk\u00e9 oznamy 29.7.-5.8.2018"},"content":{"rendered":"<h3 style=\"text-align: center;\">Liturgick\u00fd preh\u013ead a program bohoslu\u017eieb na t\u00fd\u017ede\u0148 29.7. &#8211; 5.8. 2018<\/h3>\n<p><strong>Oznamy pre farsk\u00fd kostol:<\/strong><\/p>\n<div class=\"table-responsive\">\n<table class=\"table table-bordered\" style=\"height: 248px;\">\n<thead>\n<tr style=\"height: 24px;\">\n<th style=\"text-align: center; height: 24px;\">d\u00e1tum<\/th>\n<th style=\"text-align: center; height: 24px;\">sv. om\u0161a<\/th>\n<th style=\"text-align: center; height: 24px;\">liturgick\u00fd de\u0148<\/th>\n<th style=\"text-align: center; height: 24px;\">\u00famysel<\/th>\n<\/tr>\n<\/thead>\n<tbody>\n<tr style=\"height: 56px;\">\n<td style=\"text-align: center; height: 56px;\"><strong>Nede\u013ea 29.7.<\/strong><\/td>\n<td style=\"text-align: center; height: 56px;\"><strong>9:30<\/strong><\/td>\n<td style=\"text-align: center; height: 56px;\"><strong>17. nede\u013ea v Cezro\u010dnom obdob\u00ed<\/strong><\/td>\n<td style=\"text-align: center; height: 56px;\"><strong>za farnos\u0165<\/strong><\/td>\n<\/tr>\n<tr style=\"height: 24px;\">\n<td style=\"text-align: center; height: 24px;\">Pondelok 30.7.<\/td>\n<td style=\"text-align: center; height: 24px;\">18:00<\/td>\n<td style=\"text-align: center; height: 24px;\">Blahoslavenej Zdenky Schelingovej,<\/p>\n<p>panny a mu\u010denice<\/td>\n<td style=\"text-align: center; height: 24px;\">na \u00famysel<\/td>\n<\/tr>\n<tr style=\"height: 24px;\">\n<td style=\"text-align: center; height: 24px;\">Utorok 31.7.<\/td>\n<td style=\"text-align: center; height: 24px;\">18:00<\/td>\n<td style=\"text-align: center; height: 24px;\">Sv\u00e4t\u00e9ho Ign\u00e1ca z Loyoly, k\u0148aza<\/td>\n<td style=\"text-align: center; height: 24px;\">+ Vendel\u00edn<\/td>\n<\/tr>\n<tr style=\"height: 24px;\">\n<td style=\"text-align: center; height: 24px;\">Streda 1.8.<\/td>\n<td style=\"text-align: center; height: 24px;\">18:00<\/td>\n<td style=\"text-align: center; height: 24px;\">Sv\u00e4t\u00e9ho Alfonza M\u00e1riu de\u2019 Liguori,<\/p>\n<p>biskupa a\u00a0u\u010dite\u013ea Cirkvi<\/td>\n<td style=\"text-align: center; height: 24px;\">+ Du\u0161an, Milan,<\/p>\n<p>Rudolf, Ladislav<\/td>\n<\/tr>\n<tr style=\"height: 24px;\">\n<td style=\"text-align: center; height: 24px;\">\u0160tvrtok 2.8.<\/td>\n<td style=\"text-align: center; height: 24px;\">07:00<\/td>\n<td style=\"text-align: center; height: 24px;\">\u0160tvrtok 17.\u00a0t\u00fd\u017ed\u0148a v\u00a0Cezro\u010dnom obdob\u00ed<\/td>\n<td style=\"text-align: center; height: 24px;\">+ Bernard, Helena<\/td>\n<\/tr>\n<tr style=\"height: 24px;\">\n<td style=\"text-align: center; height: 24px;\">Piatok 3.8.<\/td>\n<td style=\"text-align: center; height: 24px;\">18:00<\/td>\n<td style=\"text-align: center; height: 24px;\">Piatok 17.\u00a0t\u00fd\u017ed\u0148a v\u00a0Cezro\u010dnom obdob\u00ed<\/td>\n<td style=\"text-align: center; height: 24px;\">na \u00famysel<\/td>\n<\/tr>\n<tr style=\"height: 24px;\">\n<td style=\"text-align: center; height: 24px;\">Sobota 4.8.<\/td>\n<td style=\"text-align: center; height: 24px;\">8:00<\/td>\n<td style=\"text-align: center; height: 24px;\">Sv\u00e4t\u00e9ho J\u00e1na M\u00e1riu Vianneya, k\u0148aza<\/td>\n<td style=\"text-align: center; height: 24px;\">+ \u013dudov\u00edt, M\u00e1ria<\/p>\n<p>a rodi\u010dia<\/td>\n<\/tr>\n<tr style=\"height: 24px;\">\n<td style=\"text-align: center; height: 24px;\"><strong>Nede\u013ea 5.8.<\/strong><\/td>\n<td style=\"text-align: center; height: 24px;\"><strong>9:30<\/strong><\/td>\n<td style=\"text-align: center; height: 24px;\"><strong>18. nede\u013ea v Cezro\u010dnom obdob\u00ed<\/strong><\/td>\n<td style=\"text-align: center; height: 24px;\"><b>za farnos\u0165<\/b><\/td>\n<\/tr>\n<\/tbody>\n<\/table>\n<\/div>\n<p><strong>Oznamy pre fili\u00e1lku Bodice:<\/strong><\/p>\n<div class=\"table-responsive\">\n<table class=\"table table-bordered\" style=\"height: 69px;\">\n<thead>\n<tr style=\"height: 23px;\">\n<th style=\"text-align: center; height: 23px;\">d\u00e1tum<\/th>\n<th style=\"text-align: center; height: 23px;\">sv. om\u0161a<\/th>\n<th style=\"text-align: center; height: 23px;\">liturgick\u00fd de\u0148<\/th>\n<\/tr>\n<\/thead>\n<tbody>\n<tr style=\"height: 23px;\">\n<td style=\"text-align: center; height: 23px;\"><strong>Nede\u013ea 29.7.<\/strong><\/td>\n<td style=\"text-align: center; height: 23px;\"><b>8:00<\/b><\/td>\n<td style=\"text-align: center; height: 23px;\"><strong>17. nede\u013ea v Cezro\u010dnom obdob\u00ed<\/strong><\/td>\n<\/tr>\n<tr style=\"height: 24px;\">\n<td style=\"text-align: center; height: 24px;\">Piatok 3.8.<\/td>\n<td style=\"text-align: center; height: 24px;\">17:00<\/td>\n<td style=\"text-align: center; height: 24px;\">Piatok 17.\u00a0t\u00fd\u017ed\u0148a v\u00a0Cezro\u010dnom obdob\u00ed<\/td>\n<\/tr>\n<tr style=\"height: 23px;\">\n<td style=\"text-align: center; height: 23px;\"><strong>Nede\u013ea 5.8.<\/strong><\/td>\n<td style=\"text-align: center; height: 23px;\"><strong style=\"font-family: inherit; font-size: inherit;\">8:00<\/strong><\/td>\n<td style=\"text-align: center; height: 23px;\"><strong>18. nede\u013ea v Cezro\u010dnom obdob\u00ed<\/strong><\/td>\n<\/tr>\n<\/tbody>\n<\/table>\n<ul>\n<li>v tomto t\u00fd\u017edni je prv\u00fd piatok v mesiaci august. Spovedanie v Pal\u00fadzke bude v pondelok, utorok a stredu 17:30-18:00, v piatok 14:00-16:00. V Bodiciach v piatok 16:30-17:00.<\/li>\n<li>upratovanie kostola v tomto t\u00fd\u017edni: pod\u013ea <a href=\"http:\/\/www.paludzka.fara.sk\/?p=481\">rozpisu<\/a><\/li>\n<\/ul>\n<\/div>\n","protected":false},"excerpt":{"rendered":"<p>Liturgick\u00fd preh\u013ead a program bohoslu\u017eieb na t\u00fd\u017ede\u0148 29.7. &#8211; 5.8. 2018 Oznamy pre farsk\u00fd kostol: d\u00e1tum sv. om\u0161a liturgick\u00fd de\u0148 \u00famysel Nede\u013ea 29.7. 9:30 17. nede\u013ea v Cezro\u010dnom obdob\u00ed za farnos\u0165 Pondelok 30.7. 18:00 Blahoslavenej Zdenky Schelingovej, panny a mu\u010denice na \u00famysel Utorok 31.7. 18:00 Sv\u00e4t\u00e9ho Ign\u00e1ca z Loyoly, k\u0148aza + Vendel\u00edn Streda 1.8. 18:00 [&hellip;]<\/p>\n","protected":false},"author":1,"featured_media":0,"comment_status":"open","ping_status":"open","sticky":false,"template":"","format":"standard","meta":{"_links_to":"","_links_to_target":""},"categories":[4,19],"tags":[],"_links":{"self":[{"href":"http:\/\/www.paludzka.fara.sk\/index.php?rest_route=\/wp\/v2\/posts\/606"}],"collection":[{"href":"http:\/\/www.paludzka.fara.sk\/index.php?rest_route=\/wp\/v2\/posts"}],"about":[{"href":"http:\/\/www.paludzka.fara.sk\/index.php?rest_route=\/wp\/v2\/types\/post"}],"author":[{"embeddable":true,"href":"http:\/\/www.paludzka.fara.sk\/index.php?rest_route=\/wp\/v2\/users\/1"}],"replies":[{"embeddable":true,"href":"http:\/\/www.paludzka.fara.sk\/index.php?rest_route=%2Fwp%2Fv2%2Fcomments&post=606"}],"version-history":[{"count":1,"href":"http:\/\/www.paludzka.fara.sk\/index.php?rest_route=\/wp\/v2\/posts\/606\/revisions"}],"predecessor-version":[{"id":607,"href":"http:\/\/www.paludzka.fara.sk\/index.php?rest_route=\/wp\/v2\/posts\/606\/revisions\/607"}],"wp:attachment":[{"href":"http:\/\/www.paludzka.fara.sk\/index.php?rest_route=%2Fwp%2Fv2%2Fmedia&parent=606"}],"wp:term":[{"taxonomy":"category","embeddable":true,"href":"http:\/\/www.paludzka.fara.sk\/index.php?rest_route=%2Fwp%2Fv2%2Fcategories&post=606"},{"taxonomy":"post_tag","embeddable":true,"href":"http:\/\/www.paludzka.fara.sk\/index.php?rest_route=%2Fwp%2Fv2%2Ftags&post=606"}],"curies":[{"name":"wp","href":"https:\/\/api.w.org\/{rel}","templated":true}]}}