
{"id":601,"date":"2018-07-15T00:00:25","date_gmt":"2018-07-14T22:00:25","guid":{"rendered":"http:\/\/www.paludzka.fara.sk\/?p=601"},"modified":"2018-07-14T19:26:31","modified_gmt":"2018-07-14T17:26:31","slug":"farske-oznamy-15-7-22-7-2018","status":"publish","type":"post","link":"http:\/\/www.paludzka.fara.sk\/?p=601","title":{"rendered":"Farsk\u00e9 oznamy 15.7.-22.7.2018"},"content":{"rendered":"<h3 style=\"text-align: center;\">Liturgick\u00fd preh\u013ead a program bohoslu\u017eieb na t\u00fd\u017ede\u0148 15.7. &#8211; 22.7. 2018<\/h3>\n<p><strong>Oznamy pre farsk\u00fd kostol:<\/strong><\/p>\n<div class=\"table-responsive\">\n<table class=\"table table-bordered\" style=\"height: 248px;\">\n<thead>\n<tr style=\"height: 24px;\">\n<th style=\"text-align: center; height: 24px;\">d\u00e1tum<\/th>\n<th style=\"text-align: center; height: 24px;\">sv. om\u0161a<\/th>\n<th style=\"text-align: center; height: 24px;\">liturgick\u00fd de\u0148<\/th>\n<th style=\"text-align: center; height: 24px;\">\u00famysel<\/th>\n<\/tr>\n<\/thead>\n<tbody>\n<tr style=\"height: 56px;\">\n<td style=\"text-align: center; height: 56px;\"><strong>Nede\u013ea 15.7.<\/strong><\/td>\n<td style=\"text-align: center; height: 56px;\"><strong>9:30<\/strong><\/td>\n<td style=\"text-align: center; height: 56px;\"><strong>15. nede\u013ea v Cezro\u010dnom obdob\u00ed<\/strong><\/td>\n<td style=\"text-align: center; height: 56px;\"><strong>za farnos\u0165<\/strong><\/td>\n<\/tr>\n<tr style=\"height: 24px;\">\n<td style=\"text-align: center; height: 24px;\">Pondelok 16.7.<\/td>\n<td style=\"text-align: center; height: 24px;\">18:00<\/td>\n<td style=\"text-align: center; height: 24px;\">Preblahoslavenej Panny M\u00e1rie Karmelskej<\/td>\n<td style=\"text-align: center; height: 24px;\">+ Ondrej, Peter, Andrej, Katar\u00edna<\/td>\n<\/tr>\n<tr style=\"height: 24px;\">\n<td style=\"text-align: center; height: 24px;\">Utorok 17.7.<\/td>\n<td style=\"text-align: center; height: 24px;\">18:00<\/td>\n<td style=\"text-align: center; height: 24px;\">Sv\u00e4t\u00fdch Andreja, Svorada a Benedikta, pustovn\u00edkov<\/td>\n<td style=\"text-align: center; height: 24px;\">na \u00famysel<\/td>\n<\/tr>\n<tr style=\"height: 24px;\">\n<td style=\"text-align: center; height: 24px;\">Streda 18.7.<\/td>\n<td style=\"text-align: center; height: 24px;\">18:00<\/td>\n<td style=\"text-align: center; height: 24px;\">Streda\u00a015. t\u00fd\u017ed\u0148a v Cezro\u010dnom obdob\u00ed<\/td>\n<td style=\"text-align: center; height: 24px;\">+ Vendel\u00edn<\/td>\n<\/tr>\n<tr style=\"height: 24px;\">\n<td style=\"text-align: center; height: 24px;\">\u0160tvrtok 19.7.<\/td>\n<td style=\"text-align: center; height: 24px;\">07:00<\/td>\n<td style=\"text-align: center; height: 24px;\">\u0160tvrtok 15. t\u00fd\u017ed\u0148a v Cezro\u010dnom obdob\u00ed<\/td>\n<td style=\"text-align: center; height: 24px;\">+ Karol, Marta<\/td>\n<\/tr>\n<tr style=\"height: 24px;\">\n<td style=\"text-align: center; height: 24px;\">Piatok 20.7.<\/td>\n<td style=\"text-align: center; height: 24px;\"><strong>17:00<\/strong><\/td>\n<td style=\"text-align: center; height: 24px;\">Piatok 15. t\u00fd\u017ed\u0148a v Cezro\u010dnom obdob\u00ed<\/td>\n<td style=\"text-align: center; height: 24px;\">+ J\u00falius, Em\u00edlia<\/td>\n<\/tr>\n<tr style=\"height: 24px;\">\n<td style=\"text-align: center; height: 24px;\">Sobota 21.7.<\/td>\n<td style=\"text-align: center; height: 24px;\">8:00<\/td>\n<td style=\"text-align: center; height: 24px;\">Panny M\u00e1rie v sobotu<\/td>\n<td style=\"text-align: center; height: 24px;\">+ Karol, Apol\u00f3nia<\/td>\n<\/tr>\n<tr style=\"height: 24px;\">\n<td style=\"text-align: center; height: 24px;\"><strong>Nede\u013ea 22.7.<\/strong><\/td>\n<td style=\"text-align: center; height: 24px;\"><strong>9:30<\/strong><\/td>\n<td style=\"text-align: center; height: 24px;\"><strong>16. nede\u013ea v Cezro\u010dnom obdob\u00ed<\/strong><\/td>\n<td style=\"text-align: center; height: 24px;\"><b>za farnos\u0165<\/b><\/td>\n<\/tr>\n<\/tbody>\n<\/table>\n<\/div>\n<p><strong>Oznamy pre fili\u00e1lku Bodice:<\/strong><\/p>\n<div class=\"table-responsive\">\n<table class=\"table table-bordered\" style=\"height: 69px;\">\n<thead>\n<tr style=\"height: 23px;\">\n<th style=\"text-align: center; height: 23px;\">d\u00e1tum<\/th>\n<th style=\"text-align: center; height: 23px;\">sv. om\u0161a<\/th>\n<th style=\"text-align: center; height: 23px;\">liturgick\u00fd de\u0148<\/th>\n<\/tr>\n<\/thead>\n<tbody>\n<tr style=\"height: 23px;\">\n<td style=\"text-align: center; height: 23px;\"><strong>Nede\u013ea 8.7.<\/strong><\/td>\n<td style=\"text-align: center; height: 23px;\"><b>8:00<\/b><\/td>\n<td style=\"text-align: center; height: 23px;\"><strong>15. nede\u013ea v Cezro\u010dnom obdob\u00ed<\/strong><\/td>\n<\/tr>\n<tr style=\"height: 23px;\">\n<td style=\"text-align: center; height: 23px;\"><strong>Nede\u013ea 15.7.<\/strong><\/td>\n<td style=\"text-align: center; height: 23px;\"><strong style=\"font-family: inherit; font-size: inherit;\">8:00<\/strong><\/td>\n<td style=\"text-align: center; height: 23px;\"><strong>16. nede\u013ea v Cezro\u010dnom obdob\u00ed<\/strong><\/td>\n<\/tr>\n<\/tbody>\n<\/table>\n<ul>\n<li>upratovanie kostola v tomto t\u00fd\u017edni: pod\u013ea <a href=\"http:\/\/www.paludzka.fara.sk\/?p=481\">rozpisu<\/a><\/li>\n<\/ul>\n<\/div>\n","protected":false},"excerpt":{"rendered":"<p>Liturgick\u00fd preh\u013ead a program bohoslu\u017eieb na t\u00fd\u017ede\u0148 15.7. &#8211; 22.7. 2018 Oznamy pre farsk\u00fd kostol: d\u00e1tum sv. om\u0161a liturgick\u00fd de\u0148 \u00famysel Nede\u013ea 15.7. 9:30 15. nede\u013ea v Cezro\u010dnom obdob\u00ed za farnos\u0165 Pondelok 16.7. 18:00 Preblahoslavenej Panny M\u00e1rie Karmelskej + Ondrej, Peter, Andrej, Katar\u00edna Utorok 17.7. 18:00 Sv\u00e4t\u00fdch Andreja, Svorada a Benedikta, pustovn\u00edkov na \u00famysel Streda [&hellip;]<\/p>\n","protected":false},"author":1,"featured_media":0,"comment_status":"open","ping_status":"open","sticky":false,"template":"","format":"standard","meta":{"_links_to":"","_links_to_target":""},"categories":[4,19],"tags":[],"_links":{"self":[{"href":"http:\/\/www.paludzka.fara.sk\/index.php?rest_route=\/wp\/v2\/posts\/601"}],"collection":[{"href":"http:\/\/www.paludzka.fara.sk\/index.php?rest_route=\/wp\/v2\/posts"}],"about":[{"href":"http:\/\/www.paludzka.fara.sk\/index.php?rest_route=\/wp\/v2\/types\/post"}],"author":[{"embeddable":true,"href":"http:\/\/www.paludzka.fara.sk\/index.php?rest_route=\/wp\/v2\/users\/1"}],"replies":[{"embeddable":true,"href":"http:\/\/www.paludzka.fara.sk\/index.php?rest_route=%2Fwp%2Fv2%2Fcomments&post=601"}],"version-history":[{"count":1,"href":"http:\/\/www.paludzka.fara.sk\/index.php?rest_route=\/wp\/v2\/posts\/601\/revisions"}],"predecessor-version":[{"id":602,"href":"http:\/\/www.paludzka.fara.sk\/index.php?rest_route=\/wp\/v2\/posts\/601\/revisions\/602"}],"wp:attachment":[{"href":"http:\/\/www.paludzka.fara.sk\/index.php?rest_route=%2Fwp%2Fv2%2Fmedia&parent=601"}],"wp:term":[{"taxonomy":"category","embeddable":true,"href":"http:\/\/www.paludzka.fara.sk\/index.php?rest_route=%2Fwp%2Fv2%2Fcategories&post=601"},{"taxonomy":"post_tag","embeddable":true,"href":"http:\/\/www.paludzka.fara.sk\/index.php?rest_route=%2Fwp%2Fv2%2Ftags&post=601"}],"curies":[{"name":"wp","href":"https:\/\/api.w.org\/{rel}","templated":true}]}}