
{"id":5459,"date":"2024-12-08T00:00:17","date_gmt":"2024-12-07T23:00:17","guid":{"rendered":"http:\/\/www.paludzka.fara.sk\/?p=5459"},"modified":"2024-12-07T19:41:04","modified_gmt":"2024-12-07T18:41:04","slug":"farske-oznamy-8-12-15-12-2024","status":"publish","type":"post","link":"http:\/\/www.paludzka.fara.sk\/?p=5459","title":{"rendered":"Farsk\u00e9 oznamy 8.12.-15.12.2024"},"content":{"rendered":"<div class=\"table-responsive\">\n<table class=\"table table-bordered\">\n<thead>\n<tr>\n<th style=\"text-align: center; vertical-align: middle;\">De\u0148<\/th>\n<th style=\"text-align: center; vertical-align: middle;\">\u010cas<\/th>\n<th style=\"text-align: center; vertical-align: middle;\">Liturgick\u00fd kalend\u00e1r<\/th>\n<th style=\"text-align: center; vertical-align: middle;\">\u00damysel<\/th>\n<th style=\"text-align: center; vertical-align: middle;\">O\u010dak\u00e1vame<\/th>\n<\/tr>\n<\/thead>\n<tbody>\n<tr>\n<td style=\"text-align: center; vertical-align: middle;\"><strong>Nede\u013ea 8.12.<\/strong><\/td>\n<td style=\"text-align: center; vertical-align: middle;\">7:00<\/p>\n<p><strong>8:15<\/strong><\/p>\n<p>9:45<\/td>\n<td style=\"text-align: center; vertical-align: middle;\"><span style=\"color: #808000;\"><span style=\"color: #800080;\"><strong>2. adventn\u00e1 nede\u013ea<\/strong><\/span><\/span><\/td>\n<td style=\"text-align: center; vertical-align: middle;\">za rodinu Pav\u010dov\u00fa<\/p>\n<p><strong>Bodice:<\/strong> na \u00famysel<\/p>\n<p>za veriacich<\/td>\n<td style=\"text-align: center; vertical-align: middle;\"><\/td>\n<\/tr>\n<tr>\n<td style=\"text-align: center; vertical-align: middle;\">Pondelok 9.12.<\/td>\n<td style=\"text-align: center; vertical-align: middle;\"><strong>16:00<\/strong><\/p>\n<p>17:30<\/td>\n<td style=\"text-align: center; vertical-align: middle;\"><strong><span style=\"color: #0000ff;\">Nepo\u0161kvrnen\u00e9 po\u010datie Panny M\u00e1rie<\/span><\/strong><\/p>\n<p><span style=\"color: #0000ff;\">sl\u00e1vnos\u0165<\/span><\/td>\n<td style=\"text-align: center; vertical-align: middle;\"><strong>Bodice:<\/strong> na \u00famysel<\/p>\n<p>za zdravie a Bo\u017eie po\u017eehnanie rodiny<\/td>\n<td style=\"text-align: center; vertical-align: middle;\"><\/td>\n<\/tr>\n<tr>\n<td style=\"text-align: center; vertical-align: middle;\">Utorok 10.12.<\/td>\n<td style=\"text-align: center; vertical-align: middle;\">17:30<\/td>\n<td style=\"text-align: center; vertical-align: middle;\"><span style=\"color: #800080;\">Utorok po 2. adventnej nedeli<\/span><\/td>\n<td style=\"text-align: center; vertical-align: middle;\">+ Rudolf<\/td>\n<td style=\"text-align: center; vertical-align: middle;\"><\/td>\n<\/tr>\n<tr>\n<td style=\"text-align: center; vertical-align: middle;\">Streda 11.12.<\/td>\n<td style=\"text-align: center; vertical-align: middle;\"><span style=\"color: #ff0000;\">6:30<\/span><\/td>\n<td style=\"text-align: center; vertical-align: middle;\"><span style=\"color: #0000ff;\">Ror\u00e1tna sv\u00e4t\u00e1 om\u0161a<\/span><\/td>\n<td style=\"text-align: center; vertical-align: middle;\">za deti<\/td>\n<td style=\"text-align: center; vertical-align: middle;\"><\/td>\n<\/tr>\n<tr>\n<td style=\"text-align: center; vertical-align: middle;\">\u0160tvrtok 12.12.<\/td>\n<td style=\"text-align: center; vertical-align: middle;\">17:30<\/td>\n<td style=\"text-align: center; vertical-align: middle;\"><span style=\"color: #800080;\">\u0160tvrtok po 2. adventnej nedeli<\/span><\/td>\n<td style=\"text-align: center; vertical-align: middle;\">+ Helena, Franti\u0161ek, Anna a \u0160tefan<\/td>\n<td style=\"text-align: center; vertical-align: middle;\">Ador\u00e1cia od\u00a017:00<\/td>\n<\/tr>\n<tr>\n<td style=\"text-align: center; vertical-align: middle;\">Piatok 13.12.<\/td>\n<td style=\"text-align: center; vertical-align: middle;\">17:30<\/td>\n<td style=\"text-align: center; vertical-align: middle;\"><span style=\"color: #ff0000;\">Sv\u00e4tej Lucie, panny a mu\u010denice<\/span><\/p>\n<p><span style=\"color: #ff0000;\">spomienka<\/span><\/td>\n<td style=\"text-align: center; vertical-align: middle;\">za Bo\u017eie po\u017eehnanie rodiny<\/td>\n<td style=\"text-align: center; vertical-align: middle;\">N\u00e1cvik na jasli\u010dkov\u00fa po sv. om\u0161i na fare<\/td>\n<\/tr>\n<tr>\n<td style=\"text-align: center; vertical-align: middle;\">Sobota 14.12.<\/td>\n<td style=\"text-align: center; vertical-align: middle;\"><span style=\"color: #ff0000;\">6:30<\/span><\/td>\n<td style=\"text-align: center; vertical-align: middle;\"><span style=\"color: #808000;\">Sv\u00e4t\u00e9ho J\u00e1na od Kr\u00ed\u017ea, k\u0148aza a u\u010dite\u013ea Cirkvi<\/span><\/p>\n<p><span style=\"color: #808000;\">spomienka<\/span><\/p>\n<p><span style=\"color: #0000ff;\">Ror\u00e1tna sv\u00e4t\u00e1 om\u0161a<\/span><\/td>\n<td style=\"text-align: center; vertical-align: middle;\">+ z rodiny<\/td>\n<td style=\"text-align: center; vertical-align: middle;\"><\/td>\n<\/tr>\n<tr>\n<td style=\"text-align: center; vertical-align: middle;\"><strong>Nede\u013ea 15.12.<\/strong><\/td>\n<td style=\"text-align: center; vertical-align: middle;\">7:00<\/p>\n<p><strong>8:15<\/strong><\/p>\n<p>9:45<\/td>\n<td style=\"text-align: center; vertical-align: middle;\"><span style=\"color: #ff00ff;\"><strong>3. adventn\u00e1 nede\u013ea<\/strong><\/span><\/p>\n<p><span style=\"color: #ff00ff;\"><strong>Nede\u013ea Gaudete<\/strong><\/span><\/td>\n<td style=\"text-align: center; vertical-align: middle;\">za veriacich<\/p>\n<p><strong>Bodice:<\/strong> na \u00famysel<\/p>\n<p>+ Jozef a M\u00e1ria \u0160kerda<\/td>\n<td style=\"text-align: center; vertical-align: middle;\"><\/td>\n<\/tr>\n<\/tbody>\n<\/table>\n<\/div>\n<ul>\n<li>sl\u00e1vnos\u0165 Nepo\u0161kvrnen\u00e9ho po\u010datia preblahoslavenej Panny M\u00e1rie sa tento rok preklad\u00e1 na pondelok 9.12. V tomto roku to nie prik\u00e1zan\u00fd sviatok.<\/li>\n<li>zimn\u00e9 k\u00e1ntrov\u00e9 dni s\u00fa na bud\u00faci t\u00fd\u017ede\u0148 v stredu, piatok a sobotu. Z\u00e1v\u00e4zn\u00fd je iba jeden de\u0148. Obsah zimn\u00fdch k\u00e1ntrov\u00fdch dn\u00ed: pr\u00edchod Kristovho kr\u00e1\u013eovstva do rod\u00edn, duchovn\u00e1 obnova rod\u00edn, pokoj a spravodlivos\u0165 vo svete.<\/li>\n<li>v piatok poz\u00fdvame deti a rodi\u010dov na sv. om\u0161u, ktor\u00fa budem sl\u00e1vi\u0165 pri svie\u010dkach. Po sv. om\u0161i bude n\u00e1cvik na jasli\u010dkov\u00fa pobo\u017enos\u0165.<\/li>\n<li>v zbierke na charitu sme prispeli 320 \u20ac. V\u0161etk\u00fdm darcom P\u00e1n Boh zapla\u0165.<\/li>\n<li>Bohuzn\u00e1ma na kostol v Bodiciach darovala 50 \u20ac. Bohuzn\u00e1me na kostol v Pal\u00fadzke obetovali 100, 50 a 100 \u20ac. P\u00e1n Boh zapla\u0165 a po\u017eehnaj!<\/li>\n<li>Vincentsk\u00e1 rodina organizuje 18. ro\u010dn\u00edk celoslovenskej verejnej zbierky Boj proti hladu. K\u00fapou medovn\u00edkov\u00e9ho srdie\u010dka, za dobrovo\u013en\u00fd pr\u00edspevok, pom\u00f4\u017eete zmierni\u0165 chudobu.<\/li>\n<li>o upratovanie kostola pros\u00edm rodiny Koh\u00fatov\u00fa, Vdovcov\u00fa, Bebkov\u00fa, Rybovi\u010dov\u00fa a \u0160e\u010fov\u00fa. Upratovanie v sobotu. P\u00e1n Boh zapla\u0165 za slu\u017ebu.<\/li>\n<\/ul>\n","protected":false},"excerpt":{"rendered":"<p>De\u0148 \u010cas Liturgick\u00fd kalend\u00e1r \u00damysel O\u010dak\u00e1vame Nede\u013ea 8.12. 7:00 8:15 9:45 2. adventn\u00e1 nede\u013ea za rodinu Pav\u010dov\u00fa Bodice: na \u00famysel za veriacich Pondelok 9.12. 16:00 17:30 Nepo\u0161kvrnen\u00e9 po\u010datie Panny M\u00e1rie sl\u00e1vnos\u0165 Bodice: na \u00famysel za zdravie a Bo\u017eie po\u017eehnanie rodiny Utorok 10.12. 17:30 Utorok po 2. adventnej nedeli + Rudolf Streda 11.12. 6:30 Ror\u00e1tna sv\u00e4t\u00e1 [&hellip;]<\/p>\n","protected":false},"author":1,"featured_media":0,"comment_status":"closed","ping_status":"closed","sticky":false,"template":"","format":"standard","meta":{"_links_to":"","_links_to_target":""},"categories":[4,19],"tags":[],"_links":{"self":[{"href":"http:\/\/www.paludzka.fara.sk\/index.php?rest_route=\/wp\/v2\/posts\/5459"}],"collection":[{"href":"http:\/\/www.paludzka.fara.sk\/index.php?rest_route=\/wp\/v2\/posts"}],"about":[{"href":"http:\/\/www.paludzka.fara.sk\/index.php?rest_route=\/wp\/v2\/types\/post"}],"author":[{"embeddable":true,"href":"http:\/\/www.paludzka.fara.sk\/index.php?rest_route=\/wp\/v2\/users\/1"}],"replies":[{"embeddable":true,"href":"http:\/\/www.paludzka.fara.sk\/index.php?rest_route=%2Fwp%2Fv2%2Fcomments&post=5459"}],"version-history":[{"count":2,"href":"http:\/\/www.paludzka.fara.sk\/index.php?rest_route=\/wp\/v2\/posts\/5459\/revisions"}],"predecessor-version":[{"id":5462,"href":"http:\/\/www.paludzka.fara.sk\/index.php?rest_route=\/wp\/v2\/posts\/5459\/revisions\/5462"}],"wp:attachment":[{"href":"http:\/\/www.paludzka.fara.sk\/index.php?rest_route=%2Fwp%2Fv2%2Fmedia&parent=5459"}],"wp:term":[{"taxonomy":"category","embeddable":true,"href":"http:\/\/www.paludzka.fara.sk\/index.php?rest_route=%2Fwp%2Fv2%2Fcategories&post=5459"},{"taxonomy":"post_tag","embeddable":true,"href":"http:\/\/www.paludzka.fara.sk\/index.php?rest_route=%2Fwp%2Fv2%2Ftags&post=5459"}],"curies":[{"name":"wp","href":"https:\/\/api.w.org\/{rel}","templated":true}]}}