
{"id":5427,"date":"2024-12-01T00:00:11","date_gmt":"2024-11-30T23:00:11","guid":{"rendered":"http:\/\/www.paludzka.fara.sk\/?p=5427"},"modified":"2024-11-30T11:48:53","modified_gmt":"2024-11-30T10:48:53","slug":"farske-oznamy-1-12-8-12-2024","status":"publish","type":"post","link":"http:\/\/www.paludzka.fara.sk\/?p=5427","title":{"rendered":"Farsk\u00e9 oznamy 1.12.-8.12.2024"},"content":{"rendered":"<div class=\"table-responsive\">\n<table class=\"table table-bordered\">\n<thead>\n<tr>\n<th style=\"text-align: center; vertical-align: middle;\">De\u0148<\/th>\n<th style=\"text-align: center; vertical-align: middle;\">\u010cas<\/th>\n<th style=\"text-align: center; vertical-align: middle;\">Liturgick\u00fd kalend\u00e1r<\/th>\n<th style=\"text-align: center; vertical-align: middle;\">\u00damysel<\/th>\n<th style=\"text-align: center; vertical-align: middle;\">O\u010dak\u00e1vame<\/th>\n<\/tr>\n<\/thead>\n<tbody>\n<tr>\n<td style=\"text-align: center; vertical-align: middle;\"><strong>Nede\u013ea 1.12.<\/strong><\/td>\n<td style=\"text-align: center; vertical-align: middle;\">7:00<\/p>\n<p><strong>8:15<\/strong><\/p>\n<p>9:45<\/td>\n<td style=\"text-align: center; vertical-align: middle;\"><span style=\"color: #808000;\"><span style=\"color: #800080;\"><strong>1. adventn\u00e1 nede\u013ea<\/strong><\/span><\/span><\/td>\n<td style=\"text-align: center; vertical-align: middle;\">za rodinu Pav\u010dov\u00fa<\/p>\n<p><strong>Bodice:<\/strong> na \u00famysel<\/p>\n<p>za veriacich<\/td>\n<td style=\"text-align: center; vertical-align: middle;\"><strong>Zbierka na charitu<\/strong><\/p>\n<p><span style=\"color: #ff0000;\">Pri sv. om\u0161iach po\u017eehnanie<\/span><br \/>\n<span style=\"color: #ff0000;\">adventn\u00fdch vencov<\/span><\/td>\n<\/tr>\n<tr>\n<td style=\"text-align: center; vertical-align: middle;\">Pondelok 2.12.<\/td>\n<td style=\"text-align: center; vertical-align: middle;\">17:30<\/td>\n<td style=\"text-align: center; vertical-align: middle;\"><span style=\"color: #800080;\">Pondelok po 1. adventnej nedeli<\/span><\/td>\n<td style=\"text-align: center; vertical-align: middle;\">za \u017eiv\u00fdch \u010dlenov spolku sv. ru\u017eenca<\/td>\n<td style=\"text-align: center; vertical-align: middle;\">vysluhovanie sv. zmierenia od 17:00<\/td>\n<\/tr>\n<tr>\n<td style=\"text-align: center; vertical-align: middle;\">Utorok 3.12.<\/td>\n<td style=\"text-align: center; vertical-align: middle;\">17:30<\/td>\n<td style=\"text-align: center; vertical-align: middle;\"><span style=\"color: #808000;\">Sv\u00e4t\u00e9ho Franti\u0161ka Xaversk\u00e9ho, k\u0148aza<\/span><\/p>\n<p><span style=\"color: #808000;\">spomienka<\/span><\/td>\n<td style=\"text-align: center; vertical-align: middle;\">za deti, vn\u00fa\u010dat\u00e1 a pravn\u00fa\u010dat\u00e1<\/td>\n<td style=\"text-align: center; vertical-align: middle;\">vysluhovanie sv. zmierenia od 17:00<\/td>\n<\/tr>\n<tr>\n<td style=\"text-align: center; vertical-align: middle;\">Streda 4.12.<\/td>\n<td style=\"text-align: center; vertical-align: middle;\"><span style=\"color: #ff0000;\">6:30<\/span><\/td>\n<td style=\"text-align: center; vertical-align: middle;\"><span style=\"color: #800080;\">Streda po 1. adventnej nedeli<\/span><\/p>\n<p><span style=\"color: #0000ff;\">Ror\u00e1tna sv\u00e4t\u00e1 om\u0161a<\/span><\/td>\n<td style=\"text-align: center; vertical-align: middle;\">za Bo\u017eiu pomoc pre Martina<\/td>\n<td style=\"text-align: center; vertical-align: middle;\"><\/td>\n<\/tr>\n<tr>\n<td style=\"text-align: center; vertical-align: middle;\">\u0160tvrtok 5.12.<\/td>\n<td style=\"text-align: center; vertical-align: middle;\">17:30<\/td>\n<td style=\"text-align: center; vertical-align: middle;\"><span style=\"color: #800080;\">\u0160tvrtok po 1. adventnej nedeli<\/span><\/td>\n<td style=\"text-align: center; vertical-align: middle;\">za zdravie a Bo\u017eie po\u017eehnanie pre rodinu<\/td>\n<td style=\"text-align: center; vertical-align: middle;\">Prv\u00fd \u0161tvrtok: de\u0148 modlitieb za duchovn\u00e9 povolania<\/p>\n<p>ador\u00e1cia od 16:30<\/p>\n<p>vysluhovanie sv. zmierenia od 16:30<\/td>\n<\/tr>\n<tr>\n<td style=\"text-align: center; vertical-align: middle;\">Piatok 6.12.<\/td>\n<td style=\"text-align: center; vertical-align: middle;\"><strong>16:00<\/strong><\/p>\n<p>17:30<\/td>\n<td style=\"text-align: center; vertical-align: middle;\"><span style=\"color: #800080;\">Piatok po 1. adventnej nedeli<\/span><\/p>\n<p><span style=\"color: #ff0000;\">Prv\u00fd piatok<\/span><\/td>\n<td style=\"text-align: center; vertical-align: middle;\"><strong>Bodice:<\/strong> na \u00famysel<\/p>\n<p>+ Jozef a Jaroslav<\/td>\n<td style=\"text-align: center; vertical-align: middle;\">N\u00e1v\u0161teva chor\u00fdch od 8:00<\/p>\n<p><strong>Bodice:<\/strong> sv. zmierenia od 15:30<\/p>\n<p>N\u00e1cvik na jasli\u010dkov\u00fa po sv. om\u0161i na fare<\/td>\n<\/tr>\n<tr>\n<td style=\"text-align: center; vertical-align: middle;\">Sobota 7.12.<\/td>\n<td style=\"text-align: center; vertical-align: middle;\">8:00<\/td>\n<td style=\"text-align: center; vertical-align: middle;\"><span style=\"color: #0000ff;\">O nepo\u0161kvrnenom Srdci Panny M\u00e1rie<\/span><\/td>\n<td style=\"text-align: center; vertical-align: middle;\">za Bo\u017eie po\u017eehnanie pre dc\u00e9ru<\/td>\n<td style=\"text-align: center; vertical-align: middle;\"><strong>Fatimsk\u00e1 pobo\u017enos\u0165 po sv. om\u0161i<\/strong><\/p>\n<p>O 14:00 poz\u00fdvame deti na faru piec\u0165 medovn\u00edky<\/td>\n<\/tr>\n<tr>\n<td style=\"text-align: center; vertical-align: middle;\"><strong>Nede\u013ea 8.12.<\/strong><\/td>\n<td style=\"text-align: center; vertical-align: middle;\">7:00<\/p>\n<p><strong>8:15<\/strong><\/p>\n<p>9:45<\/td>\n<td style=\"text-align: center; vertical-align: middle;\"><span style=\"color: #800080;\"><strong>2. adventn\u00e1 nede\u013ea<\/strong><\/span><\/td>\n<td style=\"text-align: center; vertical-align: middle;\">za rodinu Pav\u010dov\u00fa<\/p>\n<p><strong>Bodice:<\/strong> na \u00famysel<\/p>\n<p>za veriacich<\/td>\n<td style=\"text-align: center; vertical-align: middle;\"><\/td>\n<\/tr>\n<\/tbody>\n<\/table>\n<\/div>\n<ul>\n<li>v dne\u0161n\u00fa nede\u013eu je jesenn\u00e1 zbierka na charitu. Vopred v\u0161etk\u00fdm darcom P\u00e1n Boh zapla\u0165.<\/li>\n<li>v sobotu 7.12. 2024 o 14:00 poz\u00fdvame deti na faru piec\u0165 medovn\u00edky. K\u00fapou, ktor\u00fdch, potom za dobrovo\u013en\u00fd pr\u00edspevok podpor\u00edme zbierku Boj proti hladu.<\/li>\n<li>pon\u00fakame do pren\u00e1jmu priestory v b\u00fdvalej katol\u00edckej \u0161kole \u2013 cel\u00e9 1. poschodie. Kto by mal z\u00e1ujem nech sa prihl\u00e1si na farskom \u00farade.<\/li>\n<li>Bohuzn\u00e1mi na kostol v Pal\u00fadzke obetoval 50 a 50 \u20ac. Novoman\u017eelia Kru\u017eel\u00e1kovi darovali na kostol 100 \u20ac. P\u00e1n Boh zapla\u0165.<\/li>\n<li>inform\u00e1cie k Jubilejn\u00e9mu roku 2025:<\/li>\n<li style=\"list-style-type: none;\">\n<ol>\n<li>Diec\u00e9zny biskup Franti\u0161ek poz\u00fdva v\u0161etk\u00fdch veriacich na Sl\u00e1vnostn\u00e9 otvorenie Jubilejn\u00e9ho roka 2025 v na\u0161ej diec\u00e9ze, ktor\u00e9 bude v nede\u013eu 29.12.2024 o 16.00 hod. v Poprade. Za\u010diatok sl\u00e1vnosti bude pri Kostole sv. Eg\u00eddia, kde sa zhroma\u017edia v\u0161etci veriaci. Odtia\u013e sa v procesii presunieme do Konkatedr\u00e1ly Sedembolestnej Panny M\u00e1rie. Na z\u00e1ver sv\u00e4tej om\u0161e otec biskup Franti\u0161ek udel\u00ed jubilejn\u00e9 p\u00e1pe\u017esk\u00e9 po\u017eehnanie spojen\u00e9 s \u00fapln\u00fdmi odpustkami.<\/li>\n<li>Pripravili sme pre v\u00e1s <a href=\"https:\/\/jubileum.kapitula.sk\/wp-content\/uploads\/2024\/11\/Brozura_Jubileum2025-compressed.pdf\" target=\"_blank\" rel=\"noopener\">bro\u017e\u00farku<\/a> so z\u00e1kladn\u00fdmi inform\u00e1ciami o Jubilejnom roku 2025, ktor\u00fa si m\u00f4\u017eete vzia\u0165 po sv\u00e4tej om\u0161i do ka\u017edej rodiny.<\/li>\n<li>D\u00e1vame do pozornosti diec\u00e9znu webov\u00fa str\u00e1nku <a href=\"https:\/\/jubileum.kapitula.sk\/\" target=\"_blank\" rel=\"noopener\">jubileum.kapitula.sk<\/a>, kde n\u00e1jdete inform\u00e1cie o priebehu Jubilea v na\u0161ej diec\u00e9ze. Na tejto str\u00e1nke je mo\u017enos\u0165 prihl\u00e1si\u0165 sa na odber pravideln\u00e9ho newsletter-a, ktor\u00fd budeme posiela\u0165 v\u0161etk\u00fdm prihl\u00e1sen\u00fdm po\u010das cel\u00e9ho roka so v\u0161etk\u00fdmi aktu\u00e1lnymi inform\u00e1ciami o Jubileu.<\/li>\n<\/ol>\n<\/li>\n<li>o upratovanie kostola pros\u00edm rodiny Go\u0148ov\u00fa, Kuskov\u00fa, Plevov\u00fa, Tur\u010dinov\u00fa a Je\u017eov\u00fa. Upratovanie v sobotu. P\u00e1n Boh zapla\u0165 za slu\u017ebu.<\/li>\n<\/ul>\n","protected":false},"excerpt":{"rendered":"<p>De\u0148 \u010cas Liturgick\u00fd kalend\u00e1r \u00damysel O\u010dak\u00e1vame Nede\u013ea 1.12. 7:00 8:15 9:45 1. adventn\u00e1 nede\u013ea za rodinu Pav\u010dov\u00fa Bodice: na \u00famysel za veriacich Zbierka na charitu Pri sv. om\u0161iach po\u017eehnanie adventn\u00fdch vencov Pondelok 2.12. 17:30 Pondelok po 1. adventnej nedeli za \u017eiv\u00fdch \u010dlenov spolku sv. ru\u017eenca vysluhovanie sv. zmierenia od 17:00 Utorok 3.12. 17:30 Sv\u00e4t\u00e9ho Franti\u0161ka [&hellip;]<\/p>\n","protected":false},"author":1,"featured_media":0,"comment_status":"closed","ping_status":"closed","sticky":false,"template":"","format":"standard","meta":{"_links_to":"","_links_to_target":""},"categories":[4,19],"tags":[],"_links":{"self":[{"href":"http:\/\/www.paludzka.fara.sk\/index.php?rest_route=\/wp\/v2\/posts\/5427"}],"collection":[{"href":"http:\/\/www.paludzka.fara.sk\/index.php?rest_route=\/wp\/v2\/posts"}],"about":[{"href":"http:\/\/www.paludzka.fara.sk\/index.php?rest_route=\/wp\/v2\/types\/post"}],"author":[{"embeddable":true,"href":"http:\/\/www.paludzka.fara.sk\/index.php?rest_route=\/wp\/v2\/users\/1"}],"replies":[{"embeddable":true,"href":"http:\/\/www.paludzka.fara.sk\/index.php?rest_route=%2Fwp%2Fv2%2Fcomments&post=5427"}],"version-history":[{"count":4,"href":"http:\/\/www.paludzka.fara.sk\/index.php?rest_route=\/wp\/v2\/posts\/5427\/revisions"}],"predecessor-version":[{"id":5460,"href":"http:\/\/www.paludzka.fara.sk\/index.php?rest_route=\/wp\/v2\/posts\/5427\/revisions\/5460"}],"wp:attachment":[{"href":"http:\/\/www.paludzka.fara.sk\/index.php?rest_route=%2Fwp%2Fv2%2Fmedia&parent=5427"}],"wp:term":[{"taxonomy":"category","embeddable":true,"href":"http:\/\/www.paludzka.fara.sk\/index.php?rest_route=%2Fwp%2Fv2%2Fcategories&post=5427"},{"taxonomy":"post_tag","embeddable":true,"href":"http:\/\/www.paludzka.fara.sk\/index.php?rest_route=%2Fwp%2Fv2%2Ftags&post=5427"}],"curies":[{"name":"wp","href":"https:\/\/api.w.org\/{rel}","templated":true}]}}