
{"id":5376,"date":"2024-11-24T00:00:54","date_gmt":"2024-11-23T23:00:54","guid":{"rendered":"http:\/\/www.paludzka.fara.sk\/?p=5376"},"modified":"2024-11-23T12:27:34","modified_gmt":"2024-11-23T11:27:34","slug":"farske-oznamy-24-11-1-12-2024","status":"publish","type":"post","link":"http:\/\/www.paludzka.fara.sk\/?p=5376","title":{"rendered":"Farsk\u00e9 oznamy 24.11.-1.12.2024"},"content":{"rendered":"<div class=\"table-responsive\">\n<table class=\"table table-bordered\">\n<thead>\n<tr>\n<th style=\"text-align: center; vertical-align: middle;\">De\u0148<\/th>\n<th style=\"text-align: center; vertical-align: middle;\">\u010cas<\/th>\n<th style=\"text-align: center; vertical-align: middle;\">Liturgick\u00fd kalend\u00e1r<\/th>\n<th style=\"text-align: center; vertical-align: middle;\">\u00damysel<\/th>\n<th style=\"text-align: center; vertical-align: middle;\">O\u010dak\u00e1vame<\/th>\n<\/tr>\n<\/thead>\n<tbody>\n<tr>\n<td style=\"text-align: center; vertical-align: middle;\"><strong>Nede\u013ea 24.11.<\/strong><\/td>\n<td style=\"text-align: center; vertical-align: middle;\">7:00<\/p>\n<p><strong>8:15<\/strong><\/p>\n<p>9:45<\/td>\n<td style=\"text-align: center; vertical-align: middle;\"><strong><span style=\"color: #808000;\">N\u00e1\u0161ho P\u00e1na Je\u017ei\u0161a Krista,<br \/>\nKr\u00e1\u013ea neba i zeme<\/span><\/strong><\/p>\n<p><span style=\"color: #808000;\">sl\u00e1vnos\u0165<\/span><\/td>\n<td style=\"text-align: center; vertical-align: middle;\">za veriacich<\/p>\n<p><strong>Bodice:<\/strong> na \u00famysel<\/p>\n<p>+ Anna<\/td>\n<td style=\"text-align: center; vertical-align: middle;\"><strong>Zasv\u00e4tenie Najsv\u00e4tej\u0161iemu Srdcu Je\u017ei\u0161ovmu<\/strong><\/td>\n<\/tr>\n<tr>\n<td style=\"text-align: center; vertical-align: middle;\">Pondelok 25.11.<\/td>\n<td style=\"text-align: center; vertical-align: middle;\">17:30<\/td>\n<td style=\"text-align: center; vertical-align: middle;\"><span style=\"color: #ff0000;\">Sv\u00e4tej Katar\u00edny Alexandrijskej, panny a mu\u010denice<\/span><\/p>\n<p><span style=\"color: #ff0000;\">\u013eubovo\u013en\u00e1 spomienka<\/span><\/td>\n<td style=\"text-align: center; vertical-align: middle;\">za + pr\u00edbuzn\u00fdch a zn\u00e1mych<\/td>\n<td style=\"text-align: center; vertical-align: middle;\"><\/td>\n<\/tr>\n<tr>\n<td style=\"text-align: center; vertical-align: middle;\">Utorok 26.11.<\/td>\n<td style=\"text-align: center; vertical-align: middle;\">17:30<\/td>\n<td style=\"text-align: center; vertical-align: middle;\"><span style=\"color: #008000;\">Utorok 34. t\u00fd\u017ed\u0148a v Cezro\u010dnom obdob\u00ed<\/span><\/td>\n<td style=\"text-align: center; vertical-align: middle;\">+ M\u00e1ria, Veronika, Franti\u0161ek a Ondrej<\/td>\n<td style=\"text-align: center; vertical-align: middle;\"><\/td>\n<\/tr>\n<tr>\n<td style=\"text-align: center; vertical-align: middle;\">Streda 27.11.<\/td>\n<td style=\"text-align: center; vertical-align: middle;\">7:00<\/td>\n<td style=\"text-align: center; vertical-align: middle;\"><span style=\"color: #008000;\">Streda 34. t\u00fd\u017ed\u0148a v Cezro\u010dnom obdob\u00ed<\/span><\/td>\n<td style=\"text-align: center; vertical-align: middle;\">za zdravie a Bo\u017eie po\u017eehnanie pre Mariana Povalu<\/td>\n<td style=\"text-align: center; vertical-align: middle;\"><\/td>\n<\/tr>\n<tr>\n<td style=\"text-align: center; vertical-align: middle;\">\u0160tvrtok 28.11.<\/td>\n<td style=\"text-align: center; vertical-align: middle;\">17:30<\/td>\n<td style=\"text-align: center; vertical-align: middle;\"><span style=\"color: #008000;\">\u0160tvrtok 34. t\u00fd\u017ed\u0148a v Cezro\u010dnom obdob\u00ed<\/span><\/td>\n<td style=\"text-align: center; vertical-align: middle;\">+ J\u00e1n a Marta Kov\u00e1\u010dik<\/td>\n<td style=\"text-align: center; vertical-align: middle;\">Ador\u00e1cia o\u00a017:00<\/td>\n<\/tr>\n<tr>\n<td style=\"text-align: center; vertical-align: middle;\">Piatok 29.11.<\/td>\n<td style=\"text-align: center; vertical-align: middle;\">17:30<\/td>\n<td style=\"text-align: center; vertical-align: middle;\"><span style=\"color: #008000;\">Piatok 34. t\u00fd\u017ed\u0148a v Cezro\u010dnom obdob\u00ed<\/span><\/td>\n<td style=\"text-align: center; vertical-align: middle;\">za zdravie a Bo\u017eie po\u017eehnanie rod\u00edn<\/td>\n<td style=\"text-align: center; vertical-align: middle;\">N\u00e1cvik na jasli\u010dkov\u00fa po sv. om\u0161i na fare<\/td>\n<\/tr>\n<tr>\n<td style=\"text-align: center; vertical-align: middle;\">Sobota 30.11.<\/td>\n<td style=\"text-align: center; vertical-align: middle;\">8:00<\/td>\n<td style=\"text-align: center; vertical-align: middle;\"><span style=\"color: #ff0000;\">Sv\u00e4t\u00e9ho Ondreja, apo\u0161tola<\/span><\/p>\n<p><span style=\"color: #ff0000;\">sviatok<\/span><\/td>\n<td style=\"text-align: center; vertical-align: middle;\">+ Daniel a Andrea<\/td>\n<td style=\"text-align: center; vertical-align: middle;\"><\/td>\n<\/tr>\n<tr>\n<td style=\"text-align: center; vertical-align: middle;\"><strong>Nede\u013ea 1.12.<\/strong><\/td>\n<td style=\"text-align: center; vertical-align: middle;\">7:00<\/p>\n<p><strong>8:15<\/strong><\/p>\n<p>9:45<\/td>\n<td style=\"text-align: center; vertical-align: middle;\"><span style=\"color: #800080;\"><strong>1. adventn\u00e1 nede\u013ea<\/strong><\/span><\/td>\n<td style=\"text-align: center; vertical-align: middle;\">za rodinu Pav\u010dov\u00fa<\/p>\n<p><strong>Bodice:<\/strong> na \u00famysel<\/p>\n<p>za veriacich<\/td>\n<td style=\"text-align: center; vertical-align: middle;\"><strong>Zbierka na charitu<\/strong><\/p>\n<p><span style=\"color: #ff0000;\">Pri sv. om\u0161iach po\u017eehnanie<\/span><br \/>\n<span style=\"color: #ff0000;\">adventn\u00fdch vencov<\/span><\/td>\n<\/tr>\n<\/tbody>\n<\/table>\n<\/div>\n<ul>\n<li>dnes v z\u00e1vere sv. om\u0161e bude pred vylo\u017eenou Olt\u00e1rnou sviatos\u0165ou obnova zasv\u00e4tenia \u013eudsk\u00e9ho pokolenia Najsv\u00e4tej\u0161iemu Srdcu Je\u017ei\u0161ovmu. Pri verejnom recitovan\u00ed modlitby <em>Je\u017ei\u0161u, Vykupite\u013e \u013eudsk\u00e9ho pokolenia<\/em> ur\u010denej na sl\u00e1vnos\u0165 Krista Kr\u00e1\u013ea, m\u00f4\u017eeme z\u00edska\u0165 za obvykl\u00fdch podmienok \u00fapln\u00e9 odpustky.<\/li>\n<li>v piatok poz\u00fdvame deti na sv. om\u0161u a po nej na n\u00e1cvik na jasli\u010dkov\u00fa pobo\u017enos\u0165.<\/li>\n<li>na bud\u00facu nede\u013ea sa uskuto\u010dn\u00ed jesenn\u00e1 zbierka na charitu. Vopred v\u0161etk\u00fdm darcom P\u00e1n Boh zapla\u0165.<\/li>\n<li>pon\u00fakame do pren\u00e1jmu priestory v b\u00fdvalej katol\u00edckej \u0161kole \u2013 cel\u00e9 1. poschodie. Kto by mal z\u00e1ujem nech sa prihl\u00e1si na farskom \u00farade.<\/li>\n<li>Bohuzn\u00e1ma na kostol v Pal\u00fadzke obetovala 50 \u20ac. P\u00e1n Boh zapla\u0165.<\/li>\n<li><strong>v stredu 27. novembra 2024 sa na Slovensku uskuto\u010dn\u00ed \u010cerven\u00e1 streda<\/strong>. P\u00e1pe\u017esk\u00e1 nad\u00e1cia ACN &#8211; Pomoc trpiacej Cirkvi poz\u00fdva jednotlivcov, rodiny, spolo\u010denstv\u00e1 zapoji\u0165 sa do \u010cervenej stredy \u010derven\u00fdm odevom, modlitbou \u010di inou aktivitou. Inform\u00e1cie a materi\u00e1ly na stiahnutie n\u00e1jdete na str\u00e1nke <a href=\"https:\/\/www.cervenastreda.sk\/\" target=\"_blank\" rel=\"noopener\">www.cervenastreda.sk<\/a>. V tento de\u0148 sa mnoh\u00e9 chr\u00e1my a verejn\u00e9 budovy na svietia na \u010derveno. Farba mu\u010den\u00edctva m\u00e1 pouk\u00e1za\u0165 na prenasledovanie a \u00fatlak kres\u0165anov v dne\u0161nom svete.<\/li>\n<li>o upratovanie kostola pros\u00edm rodiny Ra\u010dkov\u00fa, Mra\u010dnov\u00fa, Bobulov\u00fa a Gub\u00e1\u0161ov\u00fa. Upratovanie v sobotu. P\u00e1n Boh zapla\u0165 za slu\u017ebu<\/li>\n<\/ul>\n","protected":false},"excerpt":{"rendered":"<p>De\u0148 \u010cas Liturgick\u00fd kalend\u00e1r \u00damysel O\u010dak\u00e1vame Nede\u013ea 24.11. 7:00 8:15 9:45 N\u00e1\u0161ho P\u00e1na Je\u017ei\u0161a Krista, Kr\u00e1\u013ea neba i zeme sl\u00e1vnos\u0165 za veriacich Bodice: na \u00famysel + Anna Zasv\u00e4tenie Najsv\u00e4tej\u0161iemu Srdcu Je\u017ei\u0161ovmu Pondelok 25.11. 17:30 Sv\u00e4tej Katar\u00edny Alexandrijskej, panny a mu\u010denice \u013eubovo\u013en\u00e1 spomienka za + pr\u00edbuzn\u00fdch a zn\u00e1mych Utorok 26.11. 17:30 Utorok 34. t\u00fd\u017ed\u0148a v Cezro\u010dnom [&hellip;]<\/p>\n","protected":false},"author":1,"featured_media":0,"comment_status":"closed","ping_status":"closed","sticky":false,"template":"","format":"standard","meta":{"_links_to":"","_links_to_target":""},"categories":[4,19],"tags":[],"_links":{"self":[{"href":"http:\/\/www.paludzka.fara.sk\/index.php?rest_route=\/wp\/v2\/posts\/5376"}],"collection":[{"href":"http:\/\/www.paludzka.fara.sk\/index.php?rest_route=\/wp\/v2\/posts"}],"about":[{"href":"http:\/\/www.paludzka.fara.sk\/index.php?rest_route=\/wp\/v2\/types\/post"}],"author":[{"embeddable":true,"href":"http:\/\/www.paludzka.fara.sk\/index.php?rest_route=\/wp\/v2\/users\/1"}],"replies":[{"embeddable":true,"href":"http:\/\/www.paludzka.fara.sk\/index.php?rest_route=%2Fwp%2Fv2%2Fcomments&post=5376"}],"version-history":[{"count":2,"href":"http:\/\/www.paludzka.fara.sk\/index.php?rest_route=\/wp\/v2\/posts\/5376\/revisions"}],"predecessor-version":[{"id":5379,"href":"http:\/\/www.paludzka.fara.sk\/index.php?rest_route=\/wp\/v2\/posts\/5376\/revisions\/5379"}],"wp:attachment":[{"href":"http:\/\/www.paludzka.fara.sk\/index.php?rest_route=%2Fwp%2Fv2%2Fmedia&parent=5376"}],"wp:term":[{"taxonomy":"category","embeddable":true,"href":"http:\/\/www.paludzka.fara.sk\/index.php?rest_route=%2Fwp%2Fv2%2Fcategories&post=5376"},{"taxonomy":"post_tag","embeddable":true,"href":"http:\/\/www.paludzka.fara.sk\/index.php?rest_route=%2Fwp%2Fv2%2Ftags&post=5376"}],"curies":[{"name":"wp","href":"https:\/\/api.w.org\/{rel}","templated":true}]}}