
{"id":5270,"date":"2024-11-10T00:00:40","date_gmt":"2024-11-09T23:00:40","guid":{"rendered":"http:\/\/www.paludzka.fara.sk\/?p=5270"},"modified":"2024-11-09T12:31:19","modified_gmt":"2024-11-09T11:31:19","slug":"farske-oznamy-10-11-17-11-2024","status":"publish","type":"post","link":"http:\/\/www.paludzka.fara.sk\/?p=5270","title":{"rendered":"Farsk\u00e9 oznamy 10.11.-17.11.2024"},"content":{"rendered":"<div class=\"table-responsive\">\n<table class=\"table table-bordered\">\n<thead>\n<tr>\n<th style=\"text-align: center; vertical-align: middle;\">De\u0148<\/th>\n<th style=\"text-align: center; vertical-align: middle;\">\u010cas<\/th>\n<th style=\"text-align: center; vertical-align: middle;\">Liturgick\u00fd kalend\u00e1r<\/th>\n<th style=\"text-align: center; vertical-align: middle;\">\u00damysel<\/th>\n<th style=\"text-align: center; vertical-align: middle;\">O\u010dak\u00e1vame<\/th>\n<\/tr>\n<\/thead>\n<tbody>\n<tr>\n<td style=\"text-align: center; vertical-align: middle;\"><strong>Nede\u013ea 10.11.<\/strong><\/td>\n<td style=\"text-align: center; vertical-align: middle;\">7:00<\/p>\n<p><strong>8:15<\/strong><\/p>\n<p>9:45<\/td>\n<td style=\"text-align: center; vertical-align: middle;\"><span style=\"color: #008000;\"><strong>32. nede\u013ea v Cezro\u010dnom obdob\u00ed<\/strong><\/span><\/td>\n<td style=\"text-align: center; vertical-align: middle;\">za veriacich<\/p>\n<p><strong>Bodice:<\/strong> na \u00famysel<\/p>\n<p>za zdravie a Bo\u017eie po\u017eehnanie pre rodinu Valekov\u00fa<\/td>\n<td style=\"text-align: center; vertical-align: middle;\"><\/td>\n<\/tr>\n<tr>\n<td style=\"text-align: center; vertical-align: middle;\">Pondelok 11.11.<\/td>\n<td style=\"text-align: center; vertical-align: middle;\">17:30<\/td>\n<td style=\"text-align: center; vertical-align: middle;\"><span style=\"color: #808000;\">Sv\u00e4t\u00e9ho Martina z Tours, biskupa<\/span><\/p>\n<p><span style=\"color: #808000;\">spomienka<\/span><\/td>\n<td style=\"text-align: center; vertical-align: middle;\">+ J\u00e1n a Em\u00edlia<\/td>\n<td style=\"text-align: center; vertical-align: middle;\"><\/td>\n<\/tr>\n<tr>\n<td style=\"text-align: center; vertical-align: middle;\">Utorok 12.11.<\/td>\n<td style=\"text-align: center; vertical-align: middle;\">17:30<\/td>\n<td style=\"text-align: center; vertical-align: middle;\"><span style=\"color: #ff0000;\">Sv\u00e4t\u00e9ho Jozaf\u00e1ta, biskupa a mu\u010den\u00edka<\/span><\/p>\n<p><span style=\"color: #ff0000;\">spomienka<\/span><\/td>\n<td style=\"text-align: center; vertical-align: middle;\">za uzdravenie Sofie<\/td>\n<td style=\"text-align: center; vertical-align: middle;\"><\/td>\n<\/tr>\n<tr>\n<td style=\"text-align: center; vertical-align: middle;\">Streda 13.11.<\/td>\n<td style=\"text-align: center; vertical-align: middle;\">7:00<\/td>\n<td style=\"text-align: center; vertical-align: middle;\"><span style=\"color: #008000;\">Streda 32. t\u00fd\u017ed\u0148a v Cezro\u010dnom obdob\u00ed<\/span><\/td>\n<td style=\"text-align: center; vertical-align: middle;\">+ Jozef a Monika, J\u00e1n a Zuzana<\/td>\n<td style=\"text-align: center; vertical-align: middle;\"><\/td>\n<\/tr>\n<tr>\n<td style=\"text-align: center; vertical-align: middle;\">\u0160tvrtok 14.11.<\/td>\n<td style=\"text-align: center; vertical-align: middle;\">17:30<\/td>\n<td style=\"text-align: center; vertical-align: middle;\"><span style=\"color: #008000;\">\u0160tvrtok 32. t\u00fd\u017ed\u0148a v Cezro\u010dnom obdob\u00ed<\/span><\/td>\n<td style=\"text-align: center; vertical-align: middle;\">+ M\u00e1ria a Katar\u00edna<\/td>\n<td style=\"text-align: center; vertical-align: middle;\">Ador\u00e1cia o\u00a017:00<\/td>\n<\/tr>\n<tr>\n<td style=\"text-align: center; vertical-align: middle;\">Piatok 15.11.<\/td>\n<td style=\"text-align: center; vertical-align: middle;\">17:30<\/td>\n<td style=\"text-align: center; vertical-align: middle;\"><span style=\"color: #008000;\">Piatok 32. t\u00fd\u017ed\u0148a v Cezro\u010dnom obdob\u00ed<\/span><\/td>\n<td style=\"text-align: center; vertical-align: middle;\">+ Karol a rodi\u010dia<\/td>\n<td style=\"text-align: center; vertical-align: middle;\">N\u00e1cvik na jasli\u010dkov\u00fa po sv. om\u0161i na fare<\/td>\n<\/tr>\n<tr>\n<td style=\"text-align: center; vertical-align: middle;\">Sobota 16.11.<\/td>\n<td style=\"text-align: center; vertical-align: middle;\">8:00<\/td>\n<td style=\"text-align: center; vertical-align: middle;\"><span style=\"color: #0000ff;\">Preblahoslavenej Panny M\u00e1rie v sobotu<\/span><\/p>\n<p><span style=\"color: #0000ff;\">\u013eubovo\u013en\u00e1 spomienka<\/span><\/td>\n<td style=\"text-align: center; vertical-align: middle;\">+ J\u00e1n, Jozef a M\u00e1ria<\/td>\n<td style=\"text-align: center; vertical-align: middle;\"><\/td>\n<\/tr>\n<tr>\n<td style=\"text-align: center; vertical-align: middle;\"><strong>Nede\u013ea 17.11.<\/strong><\/td>\n<td style=\"text-align: center; vertical-align: middle;\">7:00<\/p>\n<p><strong>8:15<\/strong><\/p>\n<p>9:45<\/td>\n<td style=\"text-align: center; vertical-align: middle;\"><span style=\"color: #008000;\"><strong>33. nede\u013ea v Cezro\u010dnom obdob\u00ed<\/strong><\/span><\/td>\n<td style=\"text-align: center; vertical-align: middle;\">na \u00famysel<\/p>\n<p><strong>Bodice:<\/strong> na \u00famysel<\/p>\n<p>za veriacich<\/td>\n<td style=\"text-align: center; vertical-align: middle;\">8. SVETOV\u00dd DE\u0147 CHUDOBN\u00ddCH<\/td>\n<\/tr>\n<\/tbody>\n<\/table>\n<\/div>\n<ul>\n<li>ve\u013ek\u00e1 v\u010faka patr\u00ed v\u0161etk\u00fdm, ktor\u00ed sa v pondelok z\u00fa\u010dastnili na brig\u00e1de. Nech V\u00e1s za to P\u00e1n odmen\u00ed a po\u017eehn\u00e1.<\/li>\n<li>ve\u013emi pekne pros\u00edm o pomoc pri \u00faprave kostola a fary v pondelok o 09:00. Potrebn\u00e9 je prinies\u0165 si hrable. Vopred v\u0161etk\u00fdm P\u00e1n Boh zapla\u0165.<\/li>\n<li>v piatok poz\u00fdvame deti na sv. om\u0161u a po nej na n\u00e1cvik na jasli\u010dkov\u00fa.<\/li>\n<li>z krstov darovali na kostol 30 a 50 \u20ac. Srde\u010dn\u00e9 P\u00e1n Boh zapla\u0165.<\/li>\n<li>o upratovanie kostola pros\u00edm rodiny Hri\u010d\u00e1kov\u00fa, Dia\u010dikov\u00fa, Korman\u00edkov\u00fa a S\u00e1lusov\u00fa. Upratovanie v sobotu. P\u00e1n Boh zapla\u0165 za slu\u017ebu<\/li>\n<\/ul>\n","protected":false},"excerpt":{"rendered":"<p>De\u0148 \u010cas Liturgick\u00fd kalend\u00e1r \u00damysel O\u010dak\u00e1vame Nede\u013ea 10.11. 7:00 8:15 9:45 32. nede\u013ea v Cezro\u010dnom obdob\u00ed za veriacich Bodice: na \u00famysel za zdravie a Bo\u017eie po\u017eehnanie pre rodinu Valekov\u00fa Pondelok 11.11. 17:30 Sv\u00e4t\u00e9ho Martina z Tours, biskupa spomienka + J\u00e1n a Em\u00edlia Utorok 12.11. 17:30 Sv\u00e4t\u00e9ho Jozaf\u00e1ta, biskupa a mu\u010den\u00edka spomienka za uzdravenie Sofie Streda [&hellip;]<\/p>\n","protected":false},"author":1,"featured_media":0,"comment_status":"closed","ping_status":"closed","sticky":false,"template":"","format":"standard","meta":{"_links_to":"","_links_to_target":""},"categories":[4,19],"tags":[],"_links":{"self":[{"href":"http:\/\/www.paludzka.fara.sk\/index.php?rest_route=\/wp\/v2\/posts\/5270"}],"collection":[{"href":"http:\/\/www.paludzka.fara.sk\/index.php?rest_route=\/wp\/v2\/posts"}],"about":[{"href":"http:\/\/www.paludzka.fara.sk\/index.php?rest_route=\/wp\/v2\/types\/post"}],"author":[{"embeddable":true,"href":"http:\/\/www.paludzka.fara.sk\/index.php?rest_route=\/wp\/v2\/users\/1"}],"replies":[{"embeddable":true,"href":"http:\/\/www.paludzka.fara.sk\/index.php?rest_route=%2Fwp%2Fv2%2Fcomments&post=5270"}],"version-history":[{"count":3,"href":"http:\/\/www.paludzka.fara.sk\/index.php?rest_route=\/wp\/v2\/posts\/5270\/revisions"}],"predecessor-version":[{"id":5299,"href":"http:\/\/www.paludzka.fara.sk\/index.php?rest_route=\/wp\/v2\/posts\/5270\/revisions\/5299"}],"wp:attachment":[{"href":"http:\/\/www.paludzka.fara.sk\/index.php?rest_route=%2Fwp%2Fv2%2Fmedia&parent=5270"}],"wp:term":[{"taxonomy":"category","embeddable":true,"href":"http:\/\/www.paludzka.fara.sk\/index.php?rest_route=%2Fwp%2Fv2%2Fcategories&post=5270"},{"taxonomy":"post_tag","embeddable":true,"href":"http:\/\/www.paludzka.fara.sk\/index.php?rest_route=%2Fwp%2Fv2%2Ftags&post=5270"}],"curies":[{"name":"wp","href":"https:\/\/api.w.org\/{rel}","templated":true}]}}