
{"id":524,"date":"2018-06-24T00:00:13","date_gmt":"2018-06-23T22:00:13","guid":{"rendered":"http:\/\/www.paludzka.fara.sk\/?p=524"},"modified":"2022-10-08T21:36:50","modified_gmt":"2022-10-08T19:36:50","slug":"farske-oznamy-24-6-1-7-2018","status":"publish","type":"post","link":"http:\/\/www.paludzka.fara.sk\/?p=524","title":{"rendered":"Farsk\u00e9 oznamy 23.6.-1.7.2018"},"content":{"rendered":"<h3 style=\"text-align: center;\">Liturgick\u00fd preh\u013ead a program bohoslu\u017eieb na t\u00fd\u017ede\u0148 23.6. &#8211; 1.7. 2018<\/h3>\n<p><strong>Oznamy pre farsk\u00fd kostol:<\/strong><\/p>\n<div class=\"table-responsive\">\n<table class=\"table table-bordered\" style=\"height: 248px;\">\n<thead>\n<tr style=\"height: 24px;\">\n<th style=\"text-align: center; height: 24px;\">d\u00e1tum<\/th>\n<th style=\"text-align: center; height: 24px;\">sv. om\u0161a<\/th>\n<th style=\"text-align: center; height: 24px;\">liturgick\u00fd de\u0148<\/th>\n<th style=\"text-align: center; height: 24px;\">\u00famysel<\/th>\n<\/tr>\n<\/thead>\n<tbody>\n<tr>\n<td style=\"text-align: center;\"><strong>Sobota 23.6.<\/strong><\/td>\n<td style=\"text-align: center;\"><strong>17:00<\/strong><\/td>\n<td style=\"text-align: center;\"><strong>Narodenie sv\u00e4t\u00e9ho J\u00e1na Krstite\u013ea\u00a0<\/strong><\/p>\n<p><strong>nede\u013en\u00e1 platnos\u0165<\/strong><\/td>\n<td style=\"text-align: center;\"><strong>za farnos\u0165<\/strong><\/td>\n<\/tr>\n<tr style=\"height: 56px;\">\n<td style=\"text-align: center; height: 56px;\"><strong>Nede\u013ea 24.6.<\/strong><\/td>\n<td style=\"text-align: center; height: 56px;\"><strong>nebude<\/strong><\/td>\n<td style=\"text-align: center; height: 56px;\"><strong>Narodenie sv\u00e4t\u00e9ho J\u00e1na Krstite\u013ea<\/strong><\/td>\n<td style=\"text-align: center; height: 56px;\"><\/td>\n<\/tr>\n<tr style=\"height: 24px;\">\n<td style=\"text-align: center; height: 24px;\">Pondelok 25.6.<\/td>\n<td style=\"text-align: center; height: 24px;\"><strong>17:00<\/strong><\/td>\n<td style=\"text-align: center; height: 24px;\">Pondelok 12. t\u00fd\u017ed\u0148a v Cezro\u010dnom obdob\u00ed<\/td>\n<td style=\"text-align: center; height: 24px;\">+<\/td>\n<\/tr>\n<tr style=\"height: 24px;\">\n<td style=\"text-align: center; height: 24px;\">Utorok 26.6.<\/td>\n<td style=\"text-align: center; height: 24px;\"><strong>nebude<\/strong><\/td>\n<td style=\"text-align: center; height: 24px;\">Utorok 12. t\u00fd\u017ed\u0148a v Cezro\u010dnom obdob\u00ed<\/td>\n<td style=\"text-align: center; height: 24px;\"><\/td>\n<\/tr>\n<tr style=\"height: 24px;\">\n<td style=\"text-align: center; height: 24px;\">Streda 27.6.<\/td>\n<td style=\"text-align: center; height: 24px;\"><strong>nebude<\/strong><\/td>\n<td style=\"text-align: center; height: 24px;\">Streda 12. t\u00fd\u017ed\u0148a v Cezro\u010dnom obdob\u00ed<\/td>\n<td style=\"text-align: center; height: 24px;\"><\/td>\n<\/tr>\n<tr style=\"height: 24px;\">\n<td style=\"text-align: center; height: 24px;\">\u0160tvrtok 28.6.<\/td>\n<td style=\"text-align: center; height: 24px;\"><strong>17:00<\/strong><\/td>\n<td style=\"text-align: center; height: 24px;\"><strong>Sv\u00e4t\u00fdch Petra a Pavla, apo\u0161tolov<\/strong><\/p>\n<p>platnos\u0165 za sviatok nasleduj\u00faceho d\u0148a<\/td>\n<td style=\"text-align: center; height: 24px;\">+<\/td>\n<\/tr>\n<tr style=\"height: 24px;\">\n<td style=\"text-align: center; height: 24px;\">Piatok 29.6.<\/td>\n<td style=\"text-align: center; height: 24px;\"><strong>nebude<\/strong><\/td>\n<td style=\"text-align: center; height: 24px;\"><em>Sv\u00e4t\u00e1ch Petra a Pavla, apo\u0161tolov<\/em><\/td>\n<td style=\"text-align: center; height: 24px;\"><\/td>\n<\/tr>\n<tr style=\"height: 24px;\">\n<td style=\"text-align: center; height: 24px;\">Sobota 30.6.<\/td>\n<td style=\"text-align: center; height: 24px;\"><strong>nebude<\/strong><\/td>\n<td style=\"text-align: center; height: 24px;\">Prv\u00fdch sv\u00e4t\u00fdch mu\u010den\u00edkov cirkvi<\/td>\n<td style=\"text-align: center; height: 24px;\">+<\/td>\n<\/tr>\n<tr style=\"height: 24px;\">\n<td style=\"text-align: center; height: 24px;\"><strong>Nede\u013ea 1.7.<\/strong><\/td>\n<td style=\"text-align: center; height: 24px;\"><strong>9:30<\/strong><\/td>\n<td style=\"text-align: center; height: 24px;\"><strong>13. nede\u013ea v Cezro\u010dnom obdob\u00ed<\/strong><\/td>\n<td style=\"text-align: center; height: 24px;\"><b>za farnos\u0165<\/b><\/td>\n<\/tr>\n<\/tbody>\n<\/table>\n<\/div>\n<p><strong>Oznamy pre fili\u00e1lku Bodice:<\/strong><\/p>\n<div class=\"table-responsive\">\n<table class=\"table table-bordered\" style=\"height: 69px;\">\n<thead>\n<tr style=\"height: 23px;\">\n<th style=\"text-align: center; height: 23px;\">d\u00e1tum<\/th>\n<th style=\"text-align: center; height: 23px;\">sv. om\u0161a<\/th>\n<th style=\"text-align: center; height: 23px;\">liturgick\u00fd de\u0148<\/th>\n<\/tr>\n<\/thead>\n<tbody>\n<tr>\n<td style=\"text-align: center;\"><strong>Sobota 23.6.<\/strong><\/td>\n<td style=\"text-align: center;\"><b>16:00<\/b><\/td>\n<td style=\"text-align: center;\"><strong>Narodenie sv\u00e4t\u00e9ho J\u00e1na Krstite\u013ea<\/strong><\/p>\n<p><strong>nede\u013en\u00e1 platnos\u0165<\/strong><\/td>\n<\/tr>\n<tr style=\"height: 23px;\">\n<td style=\"text-align: center; height: 23px;\"><strong>Nede\u013ea 24.6.<\/strong><\/td>\n<td style=\"text-align: center; height: 23px;\"><b>nebude<\/b><\/td>\n<td style=\"text-align: center; height: 23px;\"><strong>Narodenie sv\u00e4t\u00e9ho J\u00e1na Krstite\u013ea<\/strong><\/td>\n<\/tr>\n<tr style=\"height: 23px;\">\n<td style=\"text-align: center; height: 23px;\"><strong>Nede\u013ea 1.7.<\/strong><\/td>\n<td style=\"text-align: center; height: 23px;\"><strong style=\"font-family: inherit; font-size: inherit;\">7:30<\/strong><\/td>\n<td style=\"text-align: center; height: 23px;\"><strong>13. nede\u013ea v Cezro\u010dnom obdob\u00ed<\/strong><\/td>\n<\/tr>\n<\/tbody>\n<\/table>\n<p>&nbsp;<\/p>\n<\/div>\n","protected":false},"excerpt":{"rendered":"<p>Liturgick\u00fd preh\u013ead a program bohoslu\u017eieb na t\u00fd\u017ede\u0148 23.6. &#8211; 1.7. 2018 Oznamy pre farsk\u00fd kostol: d\u00e1tum sv. om\u0161a liturgick\u00fd de\u0148 \u00famysel Sobota 23.6. 17:00 Narodenie sv\u00e4t\u00e9ho J\u00e1na Krstite\u013ea\u00a0 nede\u013en\u00e1 platnos\u0165 za farnos\u0165 Nede\u013ea 24.6. nebude Narodenie sv\u00e4t\u00e9ho J\u00e1na Krstite\u013ea Pondelok 25.6. 17:00 Pondelok 12. t\u00fd\u017ed\u0148a v Cezro\u010dnom obdob\u00ed + Utorok 26.6. nebude Utorok 12. t\u00fd\u017ed\u0148a [&hellip;]<\/p>\n","protected":false},"author":1,"featured_media":0,"comment_status":"open","ping_status":"open","sticky":false,"template":"","format":"standard","meta":{"_links_to":"","_links_to_target":""},"categories":[4,19],"tags":[],"_links":{"self":[{"href":"http:\/\/www.paludzka.fara.sk\/index.php?rest_route=\/wp\/v2\/posts\/524"}],"collection":[{"href":"http:\/\/www.paludzka.fara.sk\/index.php?rest_route=\/wp\/v2\/posts"}],"about":[{"href":"http:\/\/www.paludzka.fara.sk\/index.php?rest_route=\/wp\/v2\/types\/post"}],"author":[{"embeddable":true,"href":"http:\/\/www.paludzka.fara.sk\/index.php?rest_route=\/wp\/v2\/users\/1"}],"replies":[{"embeddable":true,"href":"http:\/\/www.paludzka.fara.sk\/index.php?rest_route=%2Fwp%2Fv2%2Fcomments&post=524"}],"version-history":[{"count":5,"href":"http:\/\/www.paludzka.fara.sk\/index.php?rest_route=\/wp\/v2\/posts\/524\/revisions"}],"predecessor-version":[{"id":597,"href":"http:\/\/www.paludzka.fara.sk\/index.php?rest_route=\/wp\/v2\/posts\/524\/revisions\/597"}],"wp:attachment":[{"href":"http:\/\/www.paludzka.fara.sk\/index.php?rest_route=%2Fwp%2Fv2%2Fmedia&parent=524"}],"wp:term":[{"taxonomy":"category","embeddable":true,"href":"http:\/\/www.paludzka.fara.sk\/index.php?rest_route=%2Fwp%2Fv2%2Fcategories&post=524"},{"taxonomy":"post_tag","embeddable":true,"href":"http:\/\/www.paludzka.fara.sk\/index.php?rest_route=%2Fwp%2Fv2%2Ftags&post=524"}],"curies":[{"name":"wp","href":"https:\/\/api.w.org\/{rel}","templated":true}]}}