
{"id":522,"date":"2018-06-17T00:00:48","date_gmt":"2018-06-16T22:00:48","guid":{"rendered":"http:\/\/www.paludzka.fara.sk\/?p=522"},"modified":"2018-07-08T12:04:08","modified_gmt":"2018-07-08T10:04:08","slug":"farske-oznamy-17-6-24-6-2018","status":"publish","type":"post","link":"http:\/\/www.paludzka.fara.sk\/?p=522","title":{"rendered":"Farsk\u00e9 oznamy 17.6.-24.6.2018"},"content":{"rendered":"<h3 style=\"text-align: center;\">Liturgick\u00fd preh\u013ead a program bohoslu\u017eieb na t\u00fd\u017ede\u0148 17.6. &#8211; 24.6. 2018<\/h3>\n<p><strong>Oznamy pre farsk\u00fd kostol:<\/strong><\/p>\n<div class=\"table-responsive\">\n<table class=\"table table-bordered\" style=\"height: 248px;\">\n<thead>\n<tr style=\"height: 24px;\">\n<th style=\"text-align: center; height: 24px;\">d\u00e1tum<\/th>\n<th style=\"text-align: center; height: 24px;\">sv. om\u0161a<\/th>\n<th style=\"text-align: center; height: 24px;\">liturgick\u00fd de\u0148<\/th>\n<th style=\"text-align: center; height: 24px;\">\u00famysel<\/th>\n<\/tr>\n<\/thead>\n<tbody>\n<tr style=\"height: 56px;\">\n<td style=\"text-align: center; height: 56px;\"><strong>Nede\u013ea 17.6.<\/strong><\/td>\n<td style=\"text-align: center; height: 56px;\"><strong>9:30<\/strong><\/td>\n<td style=\"text-align: center; height: 56px;\"><strong>11. nede\u013ea v Cezro\u010dnom obdob\u00ed<\/strong><\/td>\n<td style=\"text-align: center; height: 56px;\"><strong>za farnos\u0165<\/strong><\/td>\n<\/tr>\n<tr style=\"height: 24px;\">\n<td style=\"text-align: center; height: 24px;\">Pondelok 18.6.<\/td>\n<td style=\"text-align: center; height: 24px;\">18:00<\/td>\n<td style=\"text-align: center; height: 24px;\">Pondelok 11. t\u00fd\u017ed\u0148a v Cezro\u010dnom obdob\u00ed<\/td>\n<td style=\"text-align: center; height: 24px;\">+<\/td>\n<\/tr>\n<tr style=\"height: 24px;\">\n<td style=\"text-align: center; height: 24px;\">Utorok 19.6.<\/td>\n<td style=\"text-align: center; height: 24px;\">18:00<\/td>\n<td style=\"text-align: center; height: 24px;\">Utorok 11. t\u00fd\u017ed\u0148a v Cezro\u010dnom obdob\u00ed<\/td>\n<td style=\"text-align: center; height: 24px;\">+<\/td>\n<\/tr>\n<tr style=\"height: 24px;\">\n<td style=\"text-align: center; height: 24px;\">Streda 20.6.<\/td>\n<td style=\"text-align: center; height: 24px;\">18:00<\/td>\n<td style=\"text-align: center; height: 24px;\">Streda 11. t\u00fd\u017ed\u0148a v Cezro\u010dnom obdob\u00ed<\/td>\n<td style=\"text-align: center; height: 24px;\">+<\/td>\n<\/tr>\n<tr style=\"height: 24px;\">\n<td style=\"text-align: center; height: 24px;\">\u0160tvrtok 21.6.<\/td>\n<td style=\"text-align: center; height: 24px;\"><strong>18:00<\/strong><\/td>\n<td style=\"text-align: center; height: 24px;\">Sv\u00e4t\u00e9ho Alojza Gonz\u00e1gu, reho\u013en\u00edka<\/td>\n<td style=\"text-align: center; height: 24px;\">+<\/td>\n<\/tr>\n<tr style=\"height: 24px;\">\n<td style=\"text-align: center; height: 24px;\">Piatok 22.6.<\/td>\n<td style=\"text-align: center; height: 24px;\"><strong>nebude<\/strong><\/td>\n<td style=\"text-align: center; height: 24px;\">Piatok 11. t\u00fd\u017ed\u0148a v Cezro\u010dnom obdob\u00ed<\/td>\n<td style=\"text-align: center; height: 24px;\"><\/td>\n<\/tr>\n<tr style=\"height: 24px;\">\n<td style=\"text-align: center; height: 24px;\">Sobota 23.6.<\/td>\n<td style=\"text-align: center; height: 24px;\">17:00<\/td>\n<td style=\"text-align: center; height: 24px;\"><strong>Narodenie sv\u00e4t\u00e9ho J\u00e1na Krstite\u013ea<\/strong><\/p>\n<p>(nede\u013en\u00e1 platnos\u0165)<\/td>\n<td style=\"text-align: center; height: 24px;\"><strong>za farnos\u0165<\/strong><\/td>\n<\/tr>\n<tr style=\"height: 24px;\">\n<td style=\"text-align: center; height: 24px;\"><strong>Nede\u013ea 24.6.<\/strong><\/td>\n<td style=\"text-align: center; height: 24px;\"><strong>nebude<\/strong><\/td>\n<td style=\"text-align: center; height: 24px;\"><strong>Narodenie sv\u00e4t\u00e9ho J\u00e1na Krstite\u013ea<\/strong><\/td>\n<td style=\"text-align: center; height: 24px;\"><\/td>\n<\/tr>\n<\/tbody>\n<\/table>\n<\/div>\n<p><strong>Oznamy pre fili\u00e1lku Bodice:<\/strong><\/p>\n<div class=\"table-responsive\">\n<table class=\"table table-bordered\">\n<thead>\n<tr>\n<th style=\"text-align: center;\">d\u00e1tum<\/th>\n<th style=\"text-align: center;\">sv. om\u0161a<\/th>\n<th style=\"text-align: center;\">liturgick\u00fd de\u0148<\/th>\n<\/tr>\n<\/thead>\n<tbody>\n<tr>\n<td style=\"text-align: center;\"><strong>Nede\u013ea 17.6.<\/strong><\/td>\n<td style=\"text-align: center;\"><b>8:00<\/b><\/td>\n<td style=\"text-align: center;\"><strong>11. nede\u013ea v Cezro\u010dnom obdob\u00ed<\/strong><\/td>\n<\/tr>\n<tr>\n<td style=\"text-align: center;\">Sobota 23.6.<\/td>\n<td style=\"text-align: center;\"><b>16:00<\/b><\/td>\n<td style=\"text-align: center;\"><strong>Narodenie sv\u00e4t\u00e9ho J\u00e1na Krstite\u013ea<\/strong><\/p>\n<p>(nede\u013en\u00e1 platnos\u0165)<\/td>\n<\/tr>\n<tr>\n<td style=\"text-align: center;\"><strong>Nede\u013ea 24.6.<\/strong><\/td>\n<td style=\"text-align: center;\"><strong>nebude<\/strong><\/td>\n<td style=\"text-align: center;\"><strong>Narodenie sv\u00e4t\u00e9ho J\u00e1na Krstite\u013ea<\/strong><\/td>\n<\/tr>\n<\/tbody>\n<\/table>\n<p>&nbsp;<\/p>\n<\/div>\n","protected":false},"excerpt":{"rendered":"<p>Liturgick\u00fd preh\u013ead a program bohoslu\u017eieb na t\u00fd\u017ede\u0148 17.6. &#8211; 24.6. 2018 Oznamy pre farsk\u00fd kostol: d\u00e1tum sv. om\u0161a liturgick\u00fd de\u0148 \u00famysel Nede\u013ea 17.6. 9:30 11. nede\u013ea v Cezro\u010dnom obdob\u00ed za farnos\u0165 Pondelok 18.6. 18:00 Pondelok 11. t\u00fd\u017ed\u0148a v Cezro\u010dnom obdob\u00ed + Utorok 19.6. 18:00 Utorok 11. t\u00fd\u017ed\u0148a v Cezro\u010dnom obdob\u00ed + Streda 20.6. 18:00 Streda [&hellip;]<\/p>\n","protected":false},"author":1,"featured_media":0,"comment_status":"open","ping_status":"open","sticky":false,"template":"","format":"standard","meta":{"_links_to":"","_links_to_target":""},"categories":[4,19],"tags":[],"_links":{"self":[{"href":"http:\/\/www.paludzka.fara.sk\/index.php?rest_route=\/wp\/v2\/posts\/522"}],"collection":[{"href":"http:\/\/www.paludzka.fara.sk\/index.php?rest_route=\/wp\/v2\/posts"}],"about":[{"href":"http:\/\/www.paludzka.fara.sk\/index.php?rest_route=\/wp\/v2\/types\/post"}],"author":[{"embeddable":true,"href":"http:\/\/www.paludzka.fara.sk\/index.php?rest_route=\/wp\/v2\/users\/1"}],"replies":[{"embeddable":true,"href":"http:\/\/www.paludzka.fara.sk\/index.php?rest_route=%2Fwp%2Fv2%2Fcomments&post=522"}],"version-history":[{"count":4,"href":"http:\/\/www.paludzka.fara.sk\/index.php?rest_route=\/wp\/v2\/posts\/522\/revisions"}],"predecessor-version":[{"id":598,"href":"http:\/\/www.paludzka.fara.sk\/index.php?rest_route=\/wp\/v2\/posts\/522\/revisions\/598"}],"wp:attachment":[{"href":"http:\/\/www.paludzka.fara.sk\/index.php?rest_route=%2Fwp%2Fv2%2Fmedia&parent=522"}],"wp:term":[{"taxonomy":"category","embeddable":true,"href":"http:\/\/www.paludzka.fara.sk\/index.php?rest_route=%2Fwp%2Fv2%2Fcategories&post=522"},{"taxonomy":"post_tag","embeddable":true,"href":"http:\/\/www.paludzka.fara.sk\/index.php?rest_route=%2Fwp%2Fv2%2Ftags&post=522"}],"curies":[{"name":"wp","href":"https:\/\/api.w.org\/{rel}","templated":true}]}}