
{"id":5216,"date":"2024-11-03T00:00:41","date_gmt":"2024-11-02T23:00:41","guid":{"rendered":"http:\/\/www.paludzka.fara.sk\/?p=5216"},"modified":"2024-11-02T23:22:18","modified_gmt":"2024-11-02T22:22:18","slug":"farske-oznamy-3-11-10-11-2024","status":"publish","type":"post","link":"http:\/\/www.paludzka.fara.sk\/?p=5216","title":{"rendered":"Farsk\u00e9 oznamy 3.11.-10.11.2024"},"content":{"rendered":"<div class=\"table-responsive\">\n<table class=\"table table-bordered\">\n<thead>\n<tr>\n<th style=\"text-align: center; vertical-align: middle;\">De\u0148<\/th>\n<th style=\"text-align: center; vertical-align: middle;\">\u010cas<\/th>\n<th style=\"text-align: center; vertical-align: middle;\">Liturgick\u00fd kalend\u00e1r<\/th>\n<th style=\"text-align: center; vertical-align: middle;\">\u00damysel<\/th>\n<th style=\"text-align: center; vertical-align: middle;\">O\u010dak\u00e1vame<\/th>\n<\/tr>\n<\/thead>\n<tbody>\n<tr>\n<td style=\"text-align: center; vertical-align: middle;\"><strong>Nede\u013ea 3.11.<\/strong><\/td>\n<td style=\"text-align: center; vertical-align: middle;\">7:00<\/p>\n<p><strong>8:15<\/strong><\/p>\n<p>9:45<\/td>\n<td style=\"text-align: center; vertical-align: middle;\"><span style=\"color: #008000;\"><strong>31. nede\u013ea v Cezro\u010dnom obdob\u00ed<\/strong><\/span><\/td>\n<td style=\"text-align: center; vertical-align: middle;\">za veriacich<\/p>\n<p><strong>Bodice:<\/strong> na \u00famysel<\/p>\n<p>za zdravie a Bo\u017eie po\u017eehnanie pre rodinu Bebejov\u00fa<\/td>\n<td style=\"text-align: center; vertical-align: middle;\"><\/td>\n<\/tr>\n<tr>\n<td style=\"text-align: center; vertical-align: middle;\">Pondelok 4.11.<\/td>\n<td style=\"text-align: center; vertical-align: middle;\">17:30<\/td>\n<td style=\"text-align: center; vertical-align: middle;\"><span style=\"color: #808000;\">Sv\u00e4t\u00e9ho Karola Boromejsk\u00e9ho, biskupa<\/span><\/p>\n<p><span style=\"color: #808000;\">spomienka<\/span><\/td>\n<td style=\"text-align: center; vertical-align: middle;\">+ Celest\u00edn, Silvia a rodi\u010dia<\/td>\n<td style=\"text-align: center; vertical-align: middle;\">&nbsp;<\/td>\n<\/tr>\n<tr>\n<td style=\"text-align: center; vertical-align: middle;\">Utorok 5.11.<\/td>\n<td style=\"text-align: center; vertical-align: middle;\"><strong>16:00<\/strong><\/p>\n<p>17:30<\/td>\n<td style=\"text-align: center; vertical-align: middle;\"><span style=\"color: #808000;\">V\u00fdro\u010die posviacky kostolov<\/span><\/td>\n<td style=\"text-align: center; vertical-align: middle;\"><strong>Bodice:<\/strong> na \u00famysel<\/p>\n<p>+ Du\u0161an Poliak<\/td>\n<td style=\"text-align: center; vertical-align: middle;\"><strong>V\u00fdro\u010die posviacky kostolov:<\/strong><br \/>\n<strong>Bodice 1850<\/strong><br \/>\n<strong>Pal\u00fadzka 1854 \u2013 170 rokov<\/strong><\/td>\n<\/tr>\n<tr>\n<td style=\"text-align: center; vertical-align: middle;\">Streda 6.11.<\/td>\n<td style=\"text-align: center; vertical-align: middle;\">7:00<\/td>\n<td style=\"text-align: center; vertical-align: middle;\"><span style=\"color: #008000;\">Streda 31. t\u00fd\u017ed\u0148a v Cezro\u010dnom obdob\u00ed<\/span><\/td>\n<td style=\"text-align: center; vertical-align: middle;\">+ z rodiny Kov\u00e1\u010dovej<\/td>\n<td style=\"text-align: center; vertical-align: middle;\"><\/td>\n<\/tr>\n<tr>\n<td style=\"text-align: center; vertical-align: middle;\">\u0160tvrtok 7.11.<\/td>\n<td style=\"text-align: center; vertical-align: middle;\">17:30<\/td>\n<td style=\"text-align: center; vertical-align: middle;\"><span style=\"color: #008000;\">\u0160tvrtok 31. t\u00fd\u017ed\u0148a v Cezro\u010dnom obdob\u00ed<\/span><\/td>\n<td style=\"text-align: center; vertical-align: middle;\">za + \u010dlenov ru\u017eencov\u00e9ho spolo\u010denstva<\/td>\n<td style=\"text-align: center; vertical-align: middle;\">Ador\u00e1cia \u2013 de\u0148 modlitieb za duchovn\u00e9 povolania<\/td>\n<\/tr>\n<tr>\n<td style=\"text-align: center; vertical-align: middle;\">Piatok 8.11.<\/td>\n<td style=\"text-align: center; vertical-align: middle;\">17:30<\/td>\n<td style=\"text-align: center; vertical-align: middle;\"><span style=\"color: #008000;\">Piatok 31. t\u00fd\u017ed\u0148a v Cezro\u010dnom obdob\u00ed<\/span><\/td>\n<td style=\"text-align: center; vertical-align: middle;\">+ Vincent a Pavl\u00edna<\/td>\n<td style=\"text-align: center; vertical-align: middle;\">N\u00e1cvik na jasli\u010dkov\u00fa po sv. om\u0161i vo fare<\/td>\n<\/tr>\n<tr>\n<td style=\"text-align: center; vertical-align: middle;\">Sobota 9.11.<\/td>\n<td style=\"text-align: center; vertical-align: middle;\">8:00<\/td>\n<td style=\"text-align: center; vertical-align: middle;\"><span style=\"color: #808000;\">V\u00fdro\u010die posviacky Later\u00e1nskej baziliky<\/span><\/p>\n<p><span style=\"color: #808000;\">sviatok<\/span><\/td>\n<td style=\"text-align: center; vertical-align: middle;\">za zdravie a Bo\u017eie po\u017eehnanie pre rodinu \u0160\u00e1lkov\u00fa<\/td>\n<td style=\"text-align: center; vertical-align: middle;\"><\/td>\n<\/tr>\n<tr>\n<td style=\"text-align: center; vertical-align: middle;\"><strong>Nede\u013ea 10.11.<\/strong><\/td>\n<td style=\"text-align: center; vertical-align: middle;\">7:00<\/p>\n<p><strong>8:15<\/strong><\/p>\n<p>9:45<\/td>\n<td style=\"text-align: center; vertical-align: middle;\"><span style=\"color: #008000;\"><strong>32. nede\u013ea v Cezro\u010dnom obdob\u00ed<\/strong><\/span><\/td>\n<td style=\"text-align: center; vertical-align: middle;\">za veriacich<\/p>\n<p><strong>Bodice:<\/strong> na \u00famysel<\/p>\n<p>za zdravie a Bo\u017eie po\u017eehnanie pre rodinu Valekov\u00fa<\/td>\n<td style=\"text-align: center; vertical-align: middle;\"><strong>\u00a0<\/strong><\/td>\n<\/tr>\n<\/tbody>\n<\/table>\n<\/div>\n<ul>\n<li>veriaci, ktor\u00fd n\u00e1bo\u017ene nav\u0161t\u00edvi cintor\u00edn a pomodl\u00ed sa za zosnul\u00fdch, m\u00f4\u017ee z\u00edska\u0165 odpustky, ktor\u00e9 sa m\u00f4\u017eu privlastni\u0165 iba du\u0161iam v o\u010distci, raz denne od 1. novembra do 8. novembra. Treba splni\u0165 aj obvykl\u00e9 podmienky. Jedna sv\u00e4t\u00e1 spove\u010f v\u0161ak sta\u010d\u00ed na v\u0161etky odpustky.<\/li>\n<li>v pondelok o 9:00 v\u00e1s ve\u013emi pekne poz\u00fdvam na brig\u00e1du. Potrebujeme o\u010disti\u0165 dla\u017ebu pred kostolom a upravi\u0165 okolie kostola a fary. P\u00e1n Boh zapla\u0165 za Va\u0161u ochotu.<\/li>\n<li>v piatok poz\u00fdvame deti na sv. om\u0161u a po nej na n\u00e1cvik na jasli\u010dkov\u00fa.<\/li>\n<li>Bohuzn\u00e1ma na kostol v Bodiciach darovala 50 \u20ac. P\u00e1n Boh zapla\u0165. Bohuzn\u00e1mi na potreby farnosti obetovali 50, 100, 100 \u20ac. Srde\u010dn\u00e9 P\u00e1n Boh zapla\u0165.<\/li>\n<li>o upratovanie kostola pros\u00edm rodiny Jantol\u00e1kov\u00fa, Kov\u00e1\u010dov\u00fa, Slafkovsk\u00fa a Ko\u0161\u00fatov\u00fa. Upratovanie v sobotu. P\u00e1n Boh zapla\u0165 za slu\u017ebu<\/li>\n<\/ul>\n","protected":false},"excerpt":{"rendered":"<p>De\u0148 \u010cas Liturgick\u00fd kalend\u00e1r \u00damysel O\u010dak\u00e1vame Nede\u013ea 3.11. 7:00 8:15 9:45 31. nede\u013ea v Cezro\u010dnom obdob\u00ed za veriacich Bodice: na \u00famysel za zdravie a Bo\u017eie po\u017eehnanie pre rodinu Bebejov\u00fa Pondelok 4.11. 17:30 Sv\u00e4t\u00e9ho Karola Boromejsk\u00e9ho, biskupa spomienka + Celest\u00edn, Silvia a rodi\u010dia &nbsp; Utorok 5.11. 16:00 17:30 V\u00fdro\u010die posviacky kostolov Bodice: na \u00famysel + Du\u0161an [&hellip;]<\/p>\n","protected":false},"author":1,"featured_media":0,"comment_status":"closed","ping_status":"closed","sticky":false,"template":"","format":"standard","meta":{"_links_to":"","_links_to_target":""},"categories":[4,19],"tags":[],"_links":{"self":[{"href":"http:\/\/www.paludzka.fara.sk\/index.php?rest_route=\/wp\/v2\/posts\/5216"}],"collection":[{"href":"http:\/\/www.paludzka.fara.sk\/index.php?rest_route=\/wp\/v2\/posts"}],"about":[{"href":"http:\/\/www.paludzka.fara.sk\/index.php?rest_route=\/wp\/v2\/types\/post"}],"author":[{"embeddable":true,"href":"http:\/\/www.paludzka.fara.sk\/index.php?rest_route=\/wp\/v2\/users\/1"}],"replies":[{"embeddable":true,"href":"http:\/\/www.paludzka.fara.sk\/index.php?rest_route=%2Fwp%2Fv2%2Fcomments&post=5216"}],"version-history":[{"count":1,"href":"http:\/\/www.paludzka.fara.sk\/index.php?rest_route=\/wp\/v2\/posts\/5216\/revisions"}],"predecessor-version":[{"id":5217,"href":"http:\/\/www.paludzka.fara.sk\/index.php?rest_route=\/wp\/v2\/posts\/5216\/revisions\/5217"}],"wp:attachment":[{"href":"http:\/\/www.paludzka.fara.sk\/index.php?rest_route=%2Fwp%2Fv2%2Fmedia&parent=5216"}],"wp:term":[{"taxonomy":"category","embeddable":true,"href":"http:\/\/www.paludzka.fara.sk\/index.php?rest_route=%2Fwp%2Fv2%2Fcategories&post=5216"},{"taxonomy":"post_tag","embeddable":true,"href":"http:\/\/www.paludzka.fara.sk\/index.php?rest_route=%2Fwp%2Fv2%2Ftags&post=5216"}],"curies":[{"name":"wp","href":"https:\/\/api.w.org\/{rel}","templated":true}]}}