
{"id":5176,"date":"2024-10-27T00:00:18","date_gmt":"2024-10-26T22:00:18","guid":{"rendered":"http:\/\/www.paludzka.fara.sk\/?p=5176"},"modified":"2024-11-02T23:32:15","modified_gmt":"2024-11-02T22:32:15","slug":"farske-oznamy-27-10-3-11-2024","status":"publish","type":"post","link":"http:\/\/www.paludzka.fara.sk\/?p=5176","title":{"rendered":"Farsk\u00e9 oznamy 27.10.-3.11.2024"},"content":{"rendered":"<div class=\"table-responsive\">\n<table class=\"table table-bordered\">\n<thead>\n<tr>\n<th style=\"text-align: center; vertical-align: middle;\">De\u0148<\/th>\n<th style=\"text-align: center; vertical-align: middle;\">\u010cas<\/th>\n<th style=\"text-align: center; vertical-align: middle;\">Liturgick\u00fd kalend\u00e1r<\/th>\n<th style=\"text-align: center; vertical-align: middle;\">\u00damysel<\/th>\n<th style=\"text-align: center; vertical-align: middle;\">O\u010dak\u00e1vame<\/th>\n<\/tr>\n<\/thead>\n<tbody>\n<tr>\n<td style=\"text-align: center; vertical-align: middle;\"><strong>Nede\u013ea 27.10.<\/strong><\/td>\n<td style=\"text-align: center; vertical-align: middle;\">7:00<\/p>\n<p><strong>8:15<\/strong><\/p>\n<p>9:45<\/td>\n<td style=\"text-align: center; vertical-align: middle;\"><span style=\"color: #008000;\"><strong>30. nede\u013ea v Cezro\u010dnom obdob\u00ed<\/strong><\/span><\/td>\n<td style=\"text-align: center; vertical-align: middle;\">za zdravie a Bo\u017eie po\u017eehnanie pre Mirku<\/p>\n<p><strong>Bodice:<\/strong> na \u00famysel<\/p>\n<p>+ Katar\u00edna, Helena a Ladislav<\/td>\n<td style=\"text-align: center; vertical-align: middle;\"><strong>Ru\u017eencov\u00e1 pobo\u017enos\u0165 o 14:00<\/strong><\/td>\n<\/tr>\n<tr>\n<td style=\"text-align: center; vertical-align: middle;\">Pondelok 28.10.<\/td>\n<td style=\"text-align: center; vertical-align: middle;\">17:00<\/td>\n<td style=\"text-align: center; vertical-align: middle;\"><span style=\"color: #ff0000;\">Sv\u00e4t\u00fdch \u0160imona a J\u00fadu, apo\u0161tolov<\/span><\/p>\n<p><span style=\"color: #ff0000;\">sviatok<\/span><\/td>\n<td style=\"text-align: center; vertical-align: middle;\">+ Vendel\u00edn a rodi\u010dia<\/td>\n<td style=\"text-align: center; vertical-align: middle;\"><strong>Bodice:<\/strong> sv. zmierenia od 15:00<\/p>\n<p>Vysluhovanie sv. zmierenia od 16:15<\/td>\n<\/tr>\n<tr>\n<td style=\"text-align: center; vertical-align: middle;\">Utorok 29.10.<\/td>\n<td style=\"text-align: center; vertical-align: middle;\">17:00<\/td>\n<td style=\"text-align: center; vertical-align: middle;\"><span style=\"color: #008000;\">Utorok 30. t\u00fd\u017ed\u0148a v Cezro\u010dnom obdob\u00ed<\/span><\/td>\n<td style=\"text-align: center; vertical-align: middle;\">+ rodi\u010dia J\u00e1n a Helena<\/td>\n<td style=\"text-align: center; vertical-align: middle;\">Vysluhovanie sv. zmierenia od 16:00<\/td>\n<\/tr>\n<tr>\n<td style=\"text-align: center; vertical-align: middle;\">Streda 30.10.<\/td>\n<td style=\"text-align: center; vertical-align: middle;\">7:00<\/td>\n<td style=\"text-align: center; vertical-align: middle;\"><span style=\"color: #008000;\">Streda 30. t\u00fd\u017ed\u0148a v Cezro\u010dnom obdob\u00ed<\/span><\/td>\n<td style=\"text-align: center; vertical-align: middle;\">+ Eduard Tylka<\/td>\n<td style=\"text-align: center; vertical-align: middle;\"><\/td>\n<\/tr>\n<tr>\n<td style=\"text-align: center; vertical-align: middle;\">\u0160tvrtok 31.10.<\/td>\n<td style=\"text-align: center; vertical-align: middle;\">17:00<\/td>\n<td style=\"text-align: center; vertical-align: middle;\"><span style=\"color: #008000;\">\u0160tvrtok 30. t\u00fd\u017ed\u0148a v Cezro\u010dnom obdob\u00ed<\/span><\/p>\n<p><span style=\"color: #808000;\">Sv. om\u0161a je z\u00a0nasleduj\u00facej sl\u00e1vnosti<\/span><\/td>\n<td style=\"text-align: center; vertical-align: middle;\">za zdravie M\u00e1rie a pokoj v rodine<\/td>\n<td style=\"text-align: center; vertical-align: middle;\">Vysluhovanie sv. zmierenia od 16:00<\/td>\n<\/tr>\n<tr>\n<td style=\"text-align: center; vertical-align: middle;\">Piatok 1.11.<\/td>\n<td style=\"text-align: center; vertical-align: middle;\">7:00<\/p>\n<p><strong>8:15<\/strong><\/p>\n<p>9:45<\/td>\n<td style=\"text-align: center; vertical-align: middle;\"><span style=\"color: #808000;\"><strong>V\u0161etk\u00fdch sv\u00e4t\u00fdch<\/strong><\/span><\/p>\n<p><span style=\"color: #808000;\">sl\u00e1vnos\u0165<\/span><\/p>\n<p><span style=\"color: #ff0000;\">Prik\u00e1zan\u00fd sviatok<\/span><\/td>\n<td style=\"text-align: center; vertical-align: middle;\">za veriacich<\/p>\n<p><strong>Bodice:<\/strong> na \u00famysel<\/p>\n<p>za sp\u00e1su \u017eiv\u00fdch a zomrel\u00fdch pr\u00edbuzn\u00fdch a priate\u013eov<\/td>\n<td style=\"text-align: center; vertical-align: middle;\">Pobo\u017enos\u0165 na cintor\u00edne:<br \/>\nBodice po sv. om\u0161i<br \/>\nPal\u00fadzka o 14:00 &#8211; cintor\u00edn pri Z\u0160<\/p>\n<p>N\u00e1v\u0161teva chor\u00fdch od 15:00<\/td>\n<\/tr>\n<tr>\n<td style=\"text-align: center; vertical-align: middle;\">Sobota 2.11.<\/td>\n<td style=\"text-align: center; vertical-align: middle;\">7:00<\/p>\n<p><strong>8:15<\/strong><\/p>\n<p>9:45<\/td>\n<td style=\"text-align: center; vertical-align: middle;\"><span style=\"color: #800080;\">Spomienka na V\u0161etk\u00fdch zosnul\u00fdch veriacich<\/span><\/p>\n<p><span style=\"color: #800080;\">spomienka<\/span><\/td>\n<td style=\"text-align: center; vertical-align: middle;\">na \u00famysel sv. Otca<\/p>\n<p><strong>Bodice:<\/strong> na \u00famysel<\/p>\n<p>za v\u0161etk\u00fdch zomrel\u00fdch<\/td>\n<td style=\"text-align: center; vertical-align: middle;\">Osobitn\u00e1 pobo\u017enos\u0165 v\u00a0z\u00e1vere sv. om\u0161\u00ed<\/td>\n<\/tr>\n<tr>\n<td style=\"text-align: center; vertical-align: middle;\"><strong>Nede\u013ea 3.11.<\/strong><\/td>\n<td style=\"text-align: center; vertical-align: middle;\">7:00<\/p>\n<p><strong>8:15<\/strong><\/p>\n<p>9:45<\/td>\n<td style=\"text-align: center; vertical-align: middle;\"><span style=\"color: #008000;\"><strong>31. nede\u013ea v Cezro\u010dnom obdob\u00ed<\/strong><\/span><\/td>\n<td style=\"text-align: center; vertical-align: middle;\">za veriacich<\/p>\n<p><strong>Bodice:<\/strong> na \u00famysel<\/p>\n<p>za zdravie a Bo\u017eie po\u017eehnanie pre rodinu Bebejov\u00fa<\/td>\n<td style=\"text-align: center; vertical-align: middle;\"><strong>\u00a0<\/strong><\/td>\n<\/tr>\n<\/tbody>\n<\/table>\n<\/div>\n<ul>\n<li>\u00famysly sv. om\u0161\u00ed na mesiace november a december budem zapisova\u0165 v pondelok po sv. om\u0161i.<\/li>\n<li>v zbierke na misie sme prispeli 795 \u20ac. Z toho 50 \u20ac obetovalo ru\u017eencov\u00e9 spolo\u010denstvo. Za va\u0161e milodary vyslovujem srde\u010dn\u00e9 P\u00e1n Boh zapla\u0165.<\/li>\n<li>veriaci, ktor\u00fd v de\u0148 Spomienky na v\u0161etk\u00fdch vern\u00fdch zosnul\u00fdch n\u00e1bo\u017ene nav\u0161t\u00edvi kostol alebo kaplnku a pomodl\u00ed sa Ot\u010den\u00e1\u0161 a urob\u00ed vyznanie viery (Ver\u00edm v Boha), m\u00f4\u017ee z\u00edska\u0165 \u00fapln\u00e9 odpustky, ktor\u00e9 sa m\u00f4\u017eu privlastni\u0165 iba du\u0161iam v o\u010distci. Okrem toho sa \u017eiada splni\u0165 obvykl\u00e9 podmienky: spove\u010f, sv. prij\u00edmanie, modlitba na \u00famysel Sv. Otca (Ot\u010den\u00e1\u0161, Zdravas, Sl\u00e1va) a tie\u017e sa \u017eiada vyl\u00fa\u010di\u0165 ak\u00fako\u013evek prip\u00fatanos\u0165 ku hriechu, aj k \u013eahk\u00e9mu. Mo\u017eno ich z\u00edska\u0165 <strong>od poludnia 1. novembra do polnoci 2. novembra<\/strong>.<\/li>\n<li>veriaci, ktor\u00fd n\u00e1bo\u017ene nav\u0161t\u00edvi cintor\u00edn a pomodl\u00ed sa za zosnul\u00fdch, m\u00f4\u017ee z\u00edska\u0165 odpustky, ktor\u00e9 sa m\u00f4\u017eu privlastni\u0165 iba du\u0161iam v o\u010distci, <strong>raz denne od 1. novembra do 8. novembra<\/strong>. Treba splni\u0165 aj obvykl\u00e9 podmienky. Jedna sv\u00e4t\u00e1 spove\u010f v\u0161ak sta\u010d\u00ed na v\u0161etky odpustky.<\/li>\n<li>F\u00f3rum \u017eivota po 22. kr\u00e1t organizuje Svie\u010dku za nenaroden\u00e9 deti. Poz\u00fdvame v\u00e1s v \u010dase okolo 2. novembra k modlitbe a k zap\u00e1leniu svie\u010dky za nenaroden\u00e9 deti na cintor\u00ednoch alebo pri pam\u00e4tn\u00edkoch nenaroden\u00fdm de\u0165om. Kampa\u0148 m\u00f4\u017eete podpori\u0165 k\u00fapou svie\u010dky, ktor\u00fa n\u00e1jdete pred kostolom alebo v zadnej \u010dasti kostola. Cena malej plastovej s\u00fa 2 eur\u00e1 a sklenenej 5 eur. Aj tento kr\u00e1t je mo\u017en\u00e9 svie\u010dku podpori\u0165 online na str\u00e1nke <a href=\"http:\/\/www.sviecka.forumzivota.sk\">www.sviecka.forumzivota.sk<\/a> alebo zaslan\u00edm darcovskej SMS. K\u00fapou svie\u010dky podpor\u00edte \u010dinnos\u0165 a projekty F\u00f3ra \u017eivota. Viac inform\u00e1ci\u00ed n\u00e1jdete na spom\u00ednanej str\u00e1nke.<\/li>\n<li>o upratovanie kostola pros\u00edm rodiny Koh\u00fatov\u00fa, Vdovcov\u00fa, Bebkov\u00fa, Rybovi\u010dov\u00fa a \u0160e\u010fov\u00fa. Upratovanie v sobotu. P\u00e1n Boh zapla\u0165 za slu\u017ebu.<\/li>\n<\/ul>\n","protected":false},"excerpt":{"rendered":"<p>De\u0148 \u010cas Liturgick\u00fd kalend\u00e1r \u00damysel O\u010dak\u00e1vame Nede\u013ea 27.10. 7:00 8:15 9:45 30. nede\u013ea v Cezro\u010dnom obdob\u00ed za zdravie a Bo\u017eie po\u017eehnanie pre Mirku Bodice: na \u00famysel + Katar\u00edna, Helena a Ladislav Ru\u017eencov\u00e1 pobo\u017enos\u0165 o 14:00 Pondelok 28.10. 17:00 Sv\u00e4t\u00fdch \u0160imona a J\u00fadu, apo\u0161tolov sviatok + Vendel\u00edn a rodi\u010dia Bodice: sv. zmierenia od 15:00 Vysluhovanie sv. [&hellip;]<\/p>\n","protected":false},"author":1,"featured_media":0,"comment_status":"closed","ping_status":"closed","sticky":false,"template":"","format":"standard","meta":{"_links_to":"","_links_to_target":""},"categories":[4,19],"tags":[],"_links":{"self":[{"href":"http:\/\/www.paludzka.fara.sk\/index.php?rest_route=\/wp\/v2\/posts\/5176"}],"collection":[{"href":"http:\/\/www.paludzka.fara.sk\/index.php?rest_route=\/wp\/v2\/posts"}],"about":[{"href":"http:\/\/www.paludzka.fara.sk\/index.php?rest_route=\/wp\/v2\/types\/post"}],"author":[{"embeddable":true,"href":"http:\/\/www.paludzka.fara.sk\/index.php?rest_route=\/wp\/v2\/users\/1"}],"replies":[{"embeddable":true,"href":"http:\/\/www.paludzka.fara.sk\/index.php?rest_route=%2Fwp%2Fv2%2Fcomments&post=5176"}],"version-history":[{"count":2,"href":"http:\/\/www.paludzka.fara.sk\/index.php?rest_route=\/wp\/v2\/posts\/5176\/revisions"}],"predecessor-version":[{"id":5218,"href":"http:\/\/www.paludzka.fara.sk\/index.php?rest_route=\/wp\/v2\/posts\/5176\/revisions\/5218"}],"wp:attachment":[{"href":"http:\/\/www.paludzka.fara.sk\/index.php?rest_route=%2Fwp%2Fv2%2Fmedia&parent=5176"}],"wp:term":[{"taxonomy":"category","embeddable":true,"href":"http:\/\/www.paludzka.fara.sk\/index.php?rest_route=%2Fwp%2Fv2%2Fcategories&post=5176"},{"taxonomy":"post_tag","embeddable":true,"href":"http:\/\/www.paludzka.fara.sk\/index.php?rest_route=%2Fwp%2Fv2%2Ftags&post=5176"}],"curies":[{"name":"wp","href":"https:\/\/api.w.org\/{rel}","templated":true}]}}