
{"id":517,"date":"2018-06-10T00:00:40","date_gmt":"2018-06-09T22:00:40","guid":{"rendered":"http:\/\/www.paludzka.fara.sk\/?p=517"},"modified":"2018-06-09T23:41:49","modified_gmt":"2018-06-09T21:41:49","slug":"farske-oznamy-10-6-17-6-2018","status":"publish","type":"post","link":"http:\/\/www.paludzka.fara.sk\/?p=517","title":{"rendered":"Farsk\u00e9 oznamy 10.6.-17.6.2018"},"content":{"rendered":"<h3 style=\"text-align: center;\">Liturgick\u00fd preh\u013ead a program bohoslu\u017eieb na t\u00fd\u017ede\u0148 10.6. &#8211; 17.6. 2018<\/h3>\n<p><strong>Oznamy pre farsk\u00fd kostol:<\/strong><\/p>\n<div class=\"table-responsive\">\n<table class=\"table table-bordered\" style=\"height: 248px;\">\n<thead>\n<tr style=\"height: 24px;\">\n<th style=\"text-align: center; height: 24px;\">d\u00e1tum<\/th>\n<th style=\"text-align: center; height: 24px;\">sv. om\u0161a<\/th>\n<th style=\"text-align: center; height: 24px;\">liturgick\u00fd de\u0148<\/th>\n<th style=\"text-align: center; height: 24px;\">\u00famysel<\/th>\n<\/tr>\n<\/thead>\n<tbody>\n<tr style=\"height: 56px;\">\n<td style=\"text-align: center; height: 56px;\"><strong>Nede\u013ea 10.6.<\/strong><\/td>\n<td style=\"text-align: center; height: 56px;\"><strong>9:30<\/strong><\/td>\n<td style=\"text-align: center; height: 56px;\"><strong>10. nede\u013ea v Cezro\u010dnom obdob\u00ed<\/strong><\/td>\n<td style=\"text-align: center; height: 56px;\"><strong>za farnos\u0165<\/strong><\/td>\n<\/tr>\n<tr style=\"height: 24px;\">\n<td style=\"text-align: center; height: 24px;\">Pondelok 11.6.<\/td>\n<td style=\"text-align: center; height: 24px;\">18:00<\/td>\n<td style=\"text-align: center; height: 24px;\">Sv\u00e4t\u00e9ho Barnab\u00e1\u0161a, apo\u0161tola<\/td>\n<td style=\"text-align: center; height: 24px;\">na \u00famysel<\/td>\n<\/tr>\n<tr style=\"height: 24px;\">\n<td style=\"text-align: center; height: 24px;\">Utorok 12.6.<\/td>\n<td style=\"text-align: center; height: 24px;\">18:00<\/td>\n<td style=\"text-align: center; height: 24px;\">Utorok 10. t\u00fd\u017ed\u0148a v Cezro\u010dnom obdob\u00ed<\/td>\n<td style=\"text-align: center; height: 24px;\">na \u00famysel<\/td>\n<\/tr>\n<tr style=\"height: 24px;\">\n<td style=\"text-align: center; height: 24px;\">Streda 13.6.<\/td>\n<td style=\"text-align: center; height: 24px;\">18:00<\/td>\n<td style=\"text-align: center; height: 24px;\">Sv\u00e4t\u00e9ho Antona Padu\u00e1nsk\u00e9ho,<\/p>\n<p>k\u0148aza a u\u010dite\u013ea Cirkvi<\/td>\n<td style=\"text-align: center; height: 24px;\">+ Sv\u00e4topluk a rodi\u010dia<\/td>\n<\/tr>\n<tr style=\"height: 24px;\">\n<td style=\"text-align: center; height: 24px;\">\u0160tvrtok 14.6.<\/td>\n<td style=\"text-align: center; height: 24px;\">07:00<\/td>\n<td style=\"text-align: center; height: 24px;\">\u0160tvrtok 10. t\u00fd\u017ed\u0148a v Cezro\u010dnom obdob\u00ed<\/td>\n<td style=\"text-align: center; height: 24px;\">+ Jozef, k\u0148az<\/td>\n<\/tr>\n<tr style=\"height: 24px;\">\n<td style=\"text-align: center; height: 24px;\">Piatok 15.6.<\/td>\n<td style=\"text-align: center; height: 24px;\">18:00<\/td>\n<td style=\"text-align: center; height: 24px;\">Piatok 10. t\u00fd\u017ed\u0148a v Cezro\u010dnom obdob\u00ed<\/td>\n<td style=\"text-align: center; height: 24px;\">+ Jozef, Jaroslav, Imrich, Anna<\/td>\n<\/tr>\n<tr style=\"height: 24px;\">\n<td style=\"text-align: center; height: 24px;\">Sobota 16.6.<\/td>\n<td style=\"text-align: center; height: 24px;\">8:00<\/td>\n<td style=\"text-align: center; height: 24px;\">Panny M\u00e1rie v sobotu<\/td>\n<td style=\"text-align: center; height: 24px;\">+ Kliment, Helena, Alojz, Irena<\/td>\n<\/tr>\n<tr style=\"height: 24px;\">\n<td style=\"text-align: center; height: 24px;\"><strong>Nede\u013ea 17.6.<\/strong><\/td>\n<td style=\"text-align: center; height: 24px;\"><strong>9:30<\/strong><\/td>\n<td style=\"text-align: center; height: 24px;\"><strong>11. nede\u013ea v Cezro\u010dnom obdob\u00ed<\/strong><\/td>\n<td style=\"text-align: center; height: 24px;\"><b>za farnos\u0165<\/b><\/td>\n<\/tr>\n<\/tbody>\n<\/table>\n<\/div>\n<p><strong>Oznamy pre fili\u00e1lku Bodice:<\/strong><\/p>\n<div class=\"table-responsive\">\n<table class=\"table table-bordered\">\n<thead>\n<tr>\n<th style=\"text-align: center;\">d\u00e1tum<\/th>\n<th style=\"text-align: center;\">sv. om\u0161a<\/th>\n<th style=\"text-align: center;\">liturgick\u00fd de\u0148<\/th>\n<\/tr>\n<\/thead>\n<tbody>\n<tr>\n<td style=\"text-align: center;\"><strong>Nede\u013ea 10.6.<\/strong><\/td>\n<td style=\"text-align: center;\"><b>8:00<\/b><\/td>\n<td style=\"text-align: center;\"><strong>10. nede\u013ea v Cezro\u010dnom obdob\u00ed<\/strong><\/td>\n<\/tr>\n<tr>\n<td style=\"text-align: center;\"><strong>Nede\u013ea 17.6.<\/strong><\/td>\n<td style=\"text-align: center;\"><strong style=\"font-family: inherit; font-size: inherit;\">8:00<\/strong><\/td>\n<td style=\"text-align: center;\"><strong>11. nede\u013ea v Cezro\u010dnom obdob\u00ed<\/strong><\/td>\n<\/tr>\n<\/tbody>\n<\/table>\n<ul>\n<li>detsk\u00fd a ml\u00e1de\u017en\u00edcky spevokol m\u00e1 n\u00e1cvik v piatok po sv\u00e4tej om\u0161i<\/li>\n<li>na bud\u00facu nede\u013eu po\u010das sv\u00e4tej om\u0161e bud\u00fa po\u017eehnan\u00e9 symboly farnosti Pal\u00fadzka. Farsk\u00fd erb a vlajka.<\/li>\n<\/ul>\n<\/div>\n","protected":false},"excerpt":{"rendered":"<p>Liturgick\u00fd preh\u013ead a program bohoslu\u017eieb na t\u00fd\u017ede\u0148 10.6. &#8211; 17.6. 2018 Oznamy pre farsk\u00fd kostol: d\u00e1tum sv. om\u0161a liturgick\u00fd de\u0148 \u00famysel Nede\u013ea 10.6. 9:30 10. nede\u013ea v Cezro\u010dnom obdob\u00ed za farnos\u0165 Pondelok 11.6. 18:00 Sv\u00e4t\u00e9ho Barnab\u00e1\u0161a, apo\u0161tola na \u00famysel Utorok 12.6. 18:00 Utorok 10. t\u00fd\u017ed\u0148a v Cezro\u010dnom obdob\u00ed na \u00famysel Streda 13.6. 18:00 Sv\u00e4t\u00e9ho Antona [&hellip;]<\/p>\n","protected":false},"author":1,"featured_media":0,"comment_status":"open","ping_status":"open","sticky":false,"template":"","format":"standard","meta":{"_links_to":"","_links_to_target":""},"categories":[4,19],"tags":[],"_links":{"self":[{"href":"http:\/\/www.paludzka.fara.sk\/index.php?rest_route=\/wp\/v2\/posts\/517"}],"collection":[{"href":"http:\/\/www.paludzka.fara.sk\/index.php?rest_route=\/wp\/v2\/posts"}],"about":[{"href":"http:\/\/www.paludzka.fara.sk\/index.php?rest_route=\/wp\/v2\/types\/post"}],"author":[{"embeddable":true,"href":"http:\/\/www.paludzka.fara.sk\/index.php?rest_route=\/wp\/v2\/users\/1"}],"replies":[{"embeddable":true,"href":"http:\/\/www.paludzka.fara.sk\/index.php?rest_route=%2Fwp%2Fv2%2Fcomments&post=517"}],"version-history":[{"count":1,"href":"http:\/\/www.paludzka.fara.sk\/index.php?rest_route=\/wp\/v2\/posts\/517\/revisions"}],"predecessor-version":[{"id":518,"href":"http:\/\/www.paludzka.fara.sk\/index.php?rest_route=\/wp\/v2\/posts\/517\/revisions\/518"}],"wp:attachment":[{"href":"http:\/\/www.paludzka.fara.sk\/index.php?rest_route=%2Fwp%2Fv2%2Fmedia&parent=517"}],"wp:term":[{"taxonomy":"category","embeddable":true,"href":"http:\/\/www.paludzka.fara.sk\/index.php?rest_route=%2Fwp%2Fv2%2Fcategories&post=517"},{"taxonomy":"post_tag","embeddable":true,"href":"http:\/\/www.paludzka.fara.sk\/index.php?rest_route=%2Fwp%2Fv2%2Ftags&post=517"}],"curies":[{"name":"wp","href":"https:\/\/api.w.org\/{rel}","templated":true}]}}