
{"id":5061,"date":"2024-10-13T00:00:28","date_gmt":"2024-10-12T22:00:28","guid":{"rendered":"http:\/\/www.paludzka.fara.sk\/?p=5061"},"modified":"2024-10-13T01:09:47","modified_gmt":"2024-10-12T23:09:47","slug":"farske-oznamy-13-10-20-10-2024","status":"publish","type":"post","link":"http:\/\/www.paludzka.fara.sk\/?p=5061","title":{"rendered":"Farsk\u00e9 oznamy 13.10.-20.10.2024"},"content":{"rendered":"<div class=\"table-responsive\">\n<table class=\"table table-bordered\">\n<thead>\n<tr>\n<th style=\"text-align: center; vertical-align: middle;\">De\u0148<\/th>\n<th style=\"text-align: center; vertical-align: middle;\">\u010cas<\/th>\n<th style=\"text-align: center; vertical-align: middle;\">Liturgick\u00fd kalend\u00e1r<\/th>\n<th style=\"text-align: center; vertical-align: middle;\">\u00damysel<\/th>\n<th style=\"text-align: center; vertical-align: middle;\">O\u010dak\u00e1vame<\/th>\n<\/tr>\n<\/thead>\n<tbody>\n<tr>\n<td style=\"text-align: center; vertical-align: middle;\"><strong>Nede\u013ea 13.10.<\/strong><\/td>\n<td style=\"text-align: center; vertical-align: middle;\">7:00<\/p>\n<p><strong>8:15<\/strong><\/p>\n<p><span style=\"color: #000000;\">9:45<\/span><\/td>\n<td style=\"text-align: center; vertical-align: middle;\"><span style=\"color: #008000;\"><strong>28. nede\u013ea v Cezro\u010dnom obdob\u00ed<\/strong><\/span><\/td>\n<td style=\"text-align: center; vertical-align: middle;\">+ Rudolf<\/p>\n<p><strong>Bodice:<\/strong> na \u00famysel<\/p>\n<p>za veriacich<\/td>\n<td style=\"text-align: center; vertical-align: middle;\"><strong>Ru\u017eencov\u00e1 pobo\u017enos\u0165 o\u00a014:00<\/strong><\/td>\n<\/tr>\n<tr>\n<td style=\"text-align: center; vertical-align: middle;\">Pondelok 14.10.<\/td>\n<td style=\"text-align: center; vertical-align: middle;\">17:00<\/td>\n<td style=\"text-align: center; vertical-align: middle;\"><span style=\"color: #008000;\">Pondelok 28. t\u00fd\u017ed\u0148a v Cezro\u010dnom obdob\u00ed<\/span><\/td>\n<td style=\"text-align: center; vertical-align: middle;\">+ Ondrej, \u0160tef\u00e1nia, Irenka a Jana<\/td>\n<td style=\"text-align: center; vertical-align: middle;\"><\/td>\n<\/tr>\n<tr>\n<td style=\"text-align: center; vertical-align: middle;\">Utorok 15.10.<\/td>\n<td style=\"text-align: center; vertical-align: middle;\">17:00<\/td>\n<td style=\"text-align: center; vertical-align: middle;\"><span style=\"color: #808000;\">Sv\u00e4tej Ter\u00e9zie od Je\u017ei\u0161a (z Avily), panny a u\u010dite\u013eky Cirkvi<\/span><\/p>\n<p><span style=\"color: #808000;\">spomienka<\/span><\/td>\n<td style=\"text-align: center; vertical-align: middle;\">+ Jozef, M\u00e1ria a Pavol<\/td>\n<td style=\"text-align: center; vertical-align: middle;\"><\/td>\n<\/tr>\n<tr>\n<td style=\"text-align: center; vertical-align: middle;\">Streda 16.10.<\/td>\n<td style=\"text-align: center; vertical-align: middle;\">7:00<\/td>\n<td style=\"text-align: center; vertical-align: middle;\"><span style=\"color: #008000;\">Streda 28. t\u00fd\u017ed\u0148a v Cezro\u010dnom obdob\u00ed<\/span><\/td>\n<td style=\"text-align: center; vertical-align: middle;\">+ Elena<\/td>\n<td style=\"text-align: center; vertical-align: middle;\"><\/td>\n<\/tr>\n<tr>\n<td style=\"text-align: center; vertical-align: middle;\">\u0160tvrtok 17.10.<\/td>\n<td style=\"text-align: center; vertical-align: middle;\">17:00<\/td>\n<td style=\"text-align: center; vertical-align: middle;\"><span style=\"color: #ff0000;\">Sv\u00e4t\u00e9ho Ign\u00e1ca Antiochijsk\u00e9ho, biskupa a mu\u010den\u00edka<\/span><\/p>\n<p><span style=\"color: #ff0000;\">spomienka<\/span><\/td>\n<td style=\"text-align: center; vertical-align: middle;\">za zdravie, pokoj a Bo\u017eie po\u017eehnanie v rodin\u00e1ch<\/td>\n<td style=\"text-align: center; vertical-align: middle;\">Ador\u00e1cia od 17:00<\/td>\n<\/tr>\n<tr>\n<td style=\"text-align: center; vertical-align: middle;\">Piatok 18.10.<\/td>\n<td style=\"text-align: center; vertical-align: middle;\">17:00<\/td>\n<td style=\"text-align: center; vertical-align: middle;\"><span style=\"color: #ff0000;\">Sv\u00e4t\u00e9ho Luk\u00e1\u0161a, evanjelistu<\/span><\/p>\n<p><span style=\"color: #ff0000;\">sviatok<\/span><\/td>\n<td style=\"text-align: center; vertical-align: middle;\">+ Tibor<\/td>\n<td style=\"text-align: center; vertical-align: middle;\"><strong>Mili\u00f3n det\u00ed sa modl\u00ed ru\u017eenec za jednotu a mier<\/strong><\/td>\n<\/tr>\n<tr>\n<td style=\"text-align: center; vertical-align: middle;\">Sobota 19.10.<\/td>\n<td style=\"text-align: center; vertical-align: middle;\">7:30<\/td>\n<td style=\"text-align: center; vertical-align: middle;\"><span style=\"color: #0000ff;\">Preblahoslavenej Panny M\u00e1rie v sobotu<\/span><\/p>\n<p><span style=\"color: #0000ff;\">\u013eubovo\u013en\u00e1 spomienka<\/span><\/td>\n<td style=\"text-align: center; vertical-align: middle;\">za zdravie a Bo\u017eie po\u017eehnanie pre Tibora a Annu<\/td>\n<td style=\"text-align: center; vertical-align: middle;\"><\/td>\n<\/tr>\n<tr>\n<td style=\"text-align: center; vertical-align: middle;\"><strong>Nede\u013ea 20.10.<\/strong><\/td>\n<td style=\"text-align: center; vertical-align: middle;\">7:00<\/p>\n<p><strong>8:15<\/strong><\/p>\n<p>9:45<\/td>\n<td style=\"text-align: center; vertical-align: middle;\"><span style=\"color: #008000;\"><strong>29. nede\u013ea v Cezro\u010dnom obdob\u00ed<\/strong><\/span><\/td>\n<td style=\"text-align: center; vertical-align: middle;\">za veriacich<\/p>\n<p><strong>Bodice:<\/strong> na \u00famysel<\/p>\n<p>+ Vavrinec, Ivan a Verona<\/td>\n<td style=\"text-align: center; vertical-align: middle;\"><strong><span style=\"color: #ff0000;\">Zbierka na misie<\/span><\/strong><br \/>\nPo druhej sv. om\u0161i stretnutie rodi\u010dov prvoprij\u00edmaj\u00facich det\u00ed.<\/p>\n<p><strong>Ru\u017eencov\u00e1 pobo\u017enos\u0165 o\u00a014:00<\/strong><\/td>\n<\/tr>\n<\/tbody>\n<\/table>\n<\/div>\n<ul>\n<li>\u00faprimn\u00e9 P\u00e1n Boh zapla\u0165 firme \u0160tefana Bebeja zo Zuberca za dobre a pekne uroben\u00e9 tes\u00e1rske pr\u00e1ce na oprave krovu farsk\u00e9ho kostola v Pal\u00fadzke.<\/li>\n<li>v piatok poz\u00fdvame deti a rodi\u010dov na modlitbu ru\u017eenca v na\u0161om kostole o 17:00. V\u00fdsledkom bude ve\u013ek\u00e9 po\u017eehnanie \u2013 pre v\u00e1s sam\u00fdch, pre deti aj pre n\u00e1\u0161 tak mnohorako sk\u00fa\u0161an\u00fd svet.<\/li>\n<li>na bud\u00facu nede\u013eu po druhej sv. om\u0161i bude stretnutie rodi\u010dov det\u00ed, ktor\u00e9 sa pripravuj\u00fa na 1. sv. prij\u00edmanie.<\/li>\n<li>bud\u00facu nede\u013eu je Misijn\u00e1 nede\u013ea. Pri sv. om\u0161iach bude zbierka na misie. Tento rok bude na Slovensku venovan\u00e1 farnostiam a diec\u00e9zam v africkom Malawi. Svoj\u00edm pr\u00edspevkom d\u00e1vate chudobn\u00fdm n\u00e1dej a pom\u00e1hate im \u017ei\u0165 lep\u0161\u00ed \u017eivot. Za va\u0161e milodary vyslovujeme srde\u010dn\u00e9 P\u00e1n Boh zapla\u0165.<\/li>\n<li>z ru\u017eencov\u00e9ho bratstva obetovali na potreby farnosti 50 \u20ac. P\u00e1n Boh zapla\u0165.<\/li>\n<li>o upratovanie kostola pros\u00edm rodiny Go\u0148ov\u00fa, Kuskov\u00fa, Plevov\u00fa, Tur\u010dinov\u00fa a Je\u017eov\u00fa . Upratovanie bude v sobotu. P\u00e1n Boh zapla\u0165 za slu\u017ebu.<\/li>\n<\/ul>\n","protected":false},"excerpt":{"rendered":"<p>De\u0148 \u010cas Liturgick\u00fd kalend\u00e1r \u00damysel O\u010dak\u00e1vame Nede\u013ea 13.10. 7:00 8:15 9:45 28. nede\u013ea v Cezro\u010dnom obdob\u00ed + Rudolf Bodice: na \u00famysel za veriacich Ru\u017eencov\u00e1 pobo\u017enos\u0165 o\u00a014:00 Pondelok 14.10. 17:00 Pondelok 28. t\u00fd\u017ed\u0148a v Cezro\u010dnom obdob\u00ed + Ondrej, \u0160tef\u00e1nia, Irenka a Jana Utorok 15.10. 17:00 Sv\u00e4tej Ter\u00e9zie od Je\u017ei\u0161a (z Avily), panny a u\u010dite\u013eky Cirkvi spomienka [&hellip;]<\/p>\n","protected":false},"author":1,"featured_media":0,"comment_status":"closed","ping_status":"closed","sticky":false,"template":"","format":"standard","meta":{"_links_to":"","_links_to_target":""},"categories":[4,19],"tags":[],"_links":{"self":[{"href":"http:\/\/www.paludzka.fara.sk\/index.php?rest_route=\/wp\/v2\/posts\/5061"}],"collection":[{"href":"http:\/\/www.paludzka.fara.sk\/index.php?rest_route=\/wp\/v2\/posts"}],"about":[{"href":"http:\/\/www.paludzka.fara.sk\/index.php?rest_route=\/wp\/v2\/types\/post"}],"author":[{"embeddable":true,"href":"http:\/\/www.paludzka.fara.sk\/index.php?rest_route=\/wp\/v2\/users\/1"}],"replies":[{"embeddable":true,"href":"http:\/\/www.paludzka.fara.sk\/index.php?rest_route=%2Fwp%2Fv2%2Fcomments&post=5061"}],"version-history":[{"count":3,"href":"http:\/\/www.paludzka.fara.sk\/index.php?rest_route=\/wp\/v2\/posts\/5061\/revisions"}],"predecessor-version":[{"id":5130,"href":"http:\/\/www.paludzka.fara.sk\/index.php?rest_route=\/wp\/v2\/posts\/5061\/revisions\/5130"}],"wp:attachment":[{"href":"http:\/\/www.paludzka.fara.sk\/index.php?rest_route=%2Fwp%2Fv2%2Fmedia&parent=5061"}],"wp:term":[{"taxonomy":"category","embeddable":true,"href":"http:\/\/www.paludzka.fara.sk\/index.php?rest_route=%2Fwp%2Fv2%2Fcategories&post=5061"},{"taxonomy":"post_tag","embeddable":true,"href":"http:\/\/www.paludzka.fara.sk\/index.php?rest_route=%2Fwp%2Fv2%2Ftags&post=5061"}],"curies":[{"name":"wp","href":"https:\/\/api.w.org\/{rel}","templated":true}]}}