
{"id":4943,"date":"2024-09-15T00:00:05","date_gmt":"2024-09-14T22:00:05","guid":{"rendered":"http:\/\/www.paludzka.fara.sk\/?p=4943"},"modified":"2024-09-14T11:19:15","modified_gmt":"2024-09-14T09:19:15","slug":"farske-oznamy-15-9-22-9-2024","status":"publish","type":"post","link":"http:\/\/www.paludzka.fara.sk\/?p=4943","title":{"rendered":"Farsk\u00e9 oznamy 15.9.-22.9.2024"},"content":{"rendered":"<div class=\"table-responsive\">\n<table class=\"table table-bordered\">\n<thead>\n<tr>\n<th style=\"text-align: center; vertical-align: middle;\">De\u0148<\/th>\n<th style=\"text-align: center; vertical-align: middle;\">\u010cas<\/th>\n<th style=\"text-align: center; vertical-align: middle;\">Liturgick\u00fd kalend\u00e1r<\/th>\n<th style=\"text-align: center; vertical-align: middle;\">\u00damysel<\/th>\n<th style=\"text-align: center; vertical-align: middle;\">O\u010dak\u00e1vame<\/th>\n<\/tr>\n<\/thead>\n<tbody>\n<tr>\n<td style=\"text-align: center; vertical-align: middle;\"><strong>Nede\u013ea 15.9.<\/strong><\/td>\n<td style=\"text-align: center; vertical-align: middle;\">7:00<\/p>\n<p><strong>8:15<\/strong><\/p>\n<p><span style=\"color: #000000;\">9:45<\/span><\/td>\n<td style=\"text-align: center; vertical-align: middle;\"><span style=\"color: #008000;\"><strong>24. nede\u013ea v Cezro\u010dnom obdob\u00ed<\/strong><\/span><\/p>\n<p><span style=\"color: #0000ff;\">Sedembolestnej Panny M\u00e1rie, patr\u00f3nky Slovenska<\/span><\/p>\n<p><span style=\"color: #0000ff;\">sl\u00e1vnos\u0165<\/span><\/td>\n<td style=\"text-align: center; vertical-align: middle;\">za zdravie a Bo\u017eie po\u017eehnanie<br \/>\npre rodinu Pardekov\u00fa<\/p>\n<p><strong>Bodice:<\/strong> na \u00famysel<\/p>\n<p>za veriacich<\/td>\n<td style=\"text-align: center; vertical-align: middle;\"><strong>Zbierka na Diec\u00e9zny katechetick\u00fd \u00farad<\/strong><\/td>\n<\/tr>\n<tr>\n<td style=\"text-align: center; vertical-align: middle;\">Pondelok 16.9.<\/td>\n<td style=\"text-align: center; vertical-align: middle;\">18:00<\/td>\n<td style=\"text-align: center; vertical-align: middle;\"><span style=\"color: #ff0000;\">Sv\u00e4t\u00fdch Kornela, p\u00e1pe\u017ea, a Cypri\u00e1na, biskupa, mu\u010den\u00edkov<\/span><\/p>\n<p><span style=\"color: #ff0000;\">spomienka<\/span><\/td>\n<td style=\"text-align: center; vertical-align: middle;\">za zdravie a Bo\u017eie po\u017eehnanie pre rodinu<\/td>\n<td style=\"text-align: center; vertical-align: middle;\"><\/td>\n<\/tr>\n<tr>\n<td style=\"text-align: center; vertical-align: middle;\">Utorok 17.9.<\/td>\n<td style=\"text-align: center; vertical-align: middle;\">18:00<\/td>\n<td style=\"text-align: center; vertical-align: middle;\"><span style=\"color: #008000;\">Utorok 24. t\u00fd\u017ed\u0148a v Cezro\u010dnom obdob\u00ed<\/span><\/td>\n<td style=\"text-align: center; vertical-align: middle;\">+ Jozef a M\u00e1ria<\/td>\n<td style=\"text-align: center; vertical-align: middle;\"><\/td>\n<\/tr>\n<tr>\n<td style=\"text-align: center; vertical-align: middle;\">Streda 18.9.<\/td>\n<td style=\"text-align: center; vertical-align: middle;\">7:00<\/td>\n<td style=\"text-align: center; vertical-align: middle;\"><span style=\"color: #808000;\">Po\u010fakovanie za \u00farodu<\/span><\/td>\n<td style=\"text-align: center; vertical-align: middle;\">za dary Ducha Sv\u00e4t\u00e9ho pre Silviu a Samka<\/td>\n<td style=\"text-align: center; vertical-align: middle;\"><\/td>\n<\/tr>\n<tr>\n<td style=\"text-align: center; vertical-align: middle;\">\u0160tvrtok 19.9.<\/td>\n<td style=\"text-align: center; vertical-align: middle;\">18:00<\/td>\n<td style=\"text-align: center; vertical-align: middle;\"><span style=\"color: #008000;\">\u0160tvrtok 24. t\u00fd\u017ed\u0148a v Cezro\u010dnom obdob\u00ed<\/span><\/td>\n<td style=\"text-align: center; vertical-align: middle;\">+ rodi\u010dia Jozef a M\u00e1ria<\/td>\n<td style=\"text-align: center; vertical-align: middle;\">Ador\u00e1cia od 17:30<\/td>\n<\/tr>\n<tr>\n<td style=\"text-align: center; vertical-align: middle;\">Piatok 20.9.<\/td>\n<td style=\"text-align: center; vertical-align: middle;\">18:00<\/td>\n<td style=\"text-align: center; vertical-align: middle;\"><span style=\"color: #ff0000;\">Sv\u00e4t\u00fdch Andreja Kima Taegona, k\u0148aza, Pavla Chonga Hasanga a spolo\u010dn\u00edkov, mu\u010den\u00edkov<\/span><\/p>\n<p><span style=\"color: #ff0000;\">spomienka<\/span><\/td>\n<td style=\"text-align: center; vertical-align: middle;\">za obr\u00e1tenie det\u00ed a man\u017eela<\/td>\n<td style=\"text-align: center; vertical-align: middle;\"><\/td>\n<\/tr>\n<tr>\n<td style=\"text-align: center; vertical-align: middle;\">Sobota 21.9.<\/td>\n<td style=\"text-align: center; vertical-align: middle;\">8:00<\/td>\n<td style=\"text-align: center; vertical-align: middle;\"><span style=\"color: #ff0000;\">Sv\u00e4t\u00e9ho Mat\u00fa\u0161a, apo\u0161tola a evanjelistu<\/span><\/p>\n<p><span style=\"color: #ff0000;\">sviatok<\/span><\/td>\n<td style=\"text-align: center; vertical-align: middle;\">+ \u0160tefan, Vlasta, Edita a Anna<\/td>\n<td style=\"text-align: center; vertical-align: middle;\"><\/td>\n<\/tr>\n<tr>\n<td style=\"text-align: center; vertical-align: middle;\"><strong>Nede\u013ea 22.9.<\/strong><\/td>\n<td style=\"text-align: center; vertical-align: middle;\">7:00<\/p>\n<p><strong>8:15<\/strong><\/p>\n<p>9:45<\/td>\n<td style=\"text-align: center; vertical-align: middle;\"><span style=\"color: #008000;\"><strong>25. nede\u013ea v Cezro\u010dnom obdob\u00ed<\/strong><\/span><\/td>\n<td style=\"text-align: center; vertical-align: middle;\">za veriacich<\/p>\n<p><strong>Bodice:<\/strong> na \u00famysel<\/p>\n<p>Za zdravie a Bo\u017eie po\u017eehnanie pre rodinu \u0160uri\u0148\u00e1kov\u00fa<\/td>\n<td style=\"text-align: center; vertical-align: middle;\"><\/td>\n<\/tr>\n<\/tbody>\n<\/table>\n<\/div>\n<ul>\n<li>Jesenn\u00e9 k\u00e1ntrov\u00e9 dni s\u00fa v nasleduj\u00faci t\u00fd\u017ede\u0148 v stredu, v piatok a sobotu. Z\u00e1v\u00e4zn\u00fd je iba jeden z nich. Ich obsahom je po\u010fakovanie za \u00farodu. Po\u010fakujeme spolo\u010dne na bud\u00facu nede\u013eu pri sv. om\u0161i o 9:45.<\/li>\n<li>dnes je zbierka na potreby Diec\u00e9zneho katechetick\u00e9ho \u00faradu. P\u00e1n Boh zapla\u0165 v\u0161etk\u00fdm darcom.<\/li>\n<li>Bohuzn\u00e1ma na kostol obetovala 50 \u20ac. P\u00e1n Boh zapla\u0165 a po\u017eehnaj.<\/li>\n<li>aj v \u0161kolskom roku 2024\/2025 vych\u00e1dza <strong>katol\u00edcky \u010dasopis Rebr\u00edk<\/strong>, ktor\u00fd vyd\u00e1va Vydavate\u013estvo DON BOSCO. Je to jedin\u00fd katol\u00edcky \u010dasopis pre mlad\u0161\u00edch \u017eiakov na Slovensku. \u010casopis svoj\u00edm obsahom pom\u00e1ha de\u0165om v ich duchovnom raste a podporuje ich osobnostn\u00fd rozvoj. Je vhodn\u00fd aj ako s\u00fa\u010das\u0165 pr\u00edpravy det\u00ed na prv\u00e9 sv\u00e4t\u00e9 prij\u00edmanie, ale i na vyplnenie vo\u013en\u00e9ho \u010dasu v kruhu rodiny. Rebr\u00edk m\u00f4\u017eete objedna\u0165 svojim de\u0165om alebo vn\u00fa\u010dat\u00e1m prostredn\u00edctvom internetovej str\u00e1nky <strong><a href=\"https:\/\/rebrik.sk\/objednavky\/\">rebrik.sk<\/a><\/strong> alebo na telef\u00f3nnom \u010d\u00edsle 0910 777 587.<\/li>\n<li>o upratovanie kostola pros\u00edm rodiny Jantol\u00e1kov\u00fa, Kov\u00e1\u010dov\u00fa, Slafkovsk\u00fa a Ko\u0161\u00fatov\u00fa. Upratovanie bude v sobotu. P\u00e1n Boh zapla\u0165 za slu\u017ebu.<\/li>\n<\/ul>\n","protected":false},"excerpt":{"rendered":"<p>De\u0148 \u010cas Liturgick\u00fd kalend\u00e1r \u00damysel O\u010dak\u00e1vame Nede\u013ea 15.9. 7:00 8:15 9:45 24. nede\u013ea v Cezro\u010dnom obdob\u00ed Sedembolestnej Panny M\u00e1rie, patr\u00f3nky Slovenska sl\u00e1vnos\u0165 za zdravie a Bo\u017eie po\u017eehnanie pre rodinu Pardekov\u00fa Bodice: na \u00famysel za veriacich Zbierka na Diec\u00e9zny katechetick\u00fd \u00farad Pondelok 16.9. 18:00 Sv\u00e4t\u00fdch Kornela, p\u00e1pe\u017ea, a Cypri\u00e1na, biskupa, mu\u010den\u00edkov spomienka za zdravie a Bo\u017eie [&hellip;]<\/p>\n","protected":false},"author":1,"featured_media":0,"comment_status":"closed","ping_status":"closed","sticky":false,"template":"","format":"standard","meta":{"_links_to":"","_links_to_target":""},"categories":[4,19],"tags":[],"_links":{"self":[{"href":"http:\/\/www.paludzka.fara.sk\/index.php?rest_route=\/wp\/v2\/posts\/4943"}],"collection":[{"href":"http:\/\/www.paludzka.fara.sk\/index.php?rest_route=\/wp\/v2\/posts"}],"about":[{"href":"http:\/\/www.paludzka.fara.sk\/index.php?rest_route=\/wp\/v2\/types\/post"}],"author":[{"embeddable":true,"href":"http:\/\/www.paludzka.fara.sk\/index.php?rest_route=\/wp\/v2\/users\/1"}],"replies":[{"embeddable":true,"href":"http:\/\/www.paludzka.fara.sk\/index.php?rest_route=%2Fwp%2Fv2%2Fcomments&post=4943"}],"version-history":[{"count":4,"href":"http:\/\/www.paludzka.fara.sk\/index.php?rest_route=\/wp\/v2\/posts\/4943\/revisions"}],"predecessor-version":[{"id":4949,"href":"http:\/\/www.paludzka.fara.sk\/index.php?rest_route=\/wp\/v2\/posts\/4943\/revisions\/4949"}],"wp:attachment":[{"href":"http:\/\/www.paludzka.fara.sk\/index.php?rest_route=%2Fwp%2Fv2%2Fmedia&parent=4943"}],"wp:term":[{"taxonomy":"category","embeddable":true,"href":"http:\/\/www.paludzka.fara.sk\/index.php?rest_route=%2Fwp%2Fv2%2Fcategories&post=4943"},{"taxonomy":"post_tag","embeddable":true,"href":"http:\/\/www.paludzka.fara.sk\/index.php?rest_route=%2Fwp%2Fv2%2Ftags&post=4943"}],"curies":[{"name":"wp","href":"https:\/\/api.w.org\/{rel}","templated":true}]}}