
{"id":4834,"date":"2024-09-01T00:00:03","date_gmt":"2024-08-31T22:00:03","guid":{"rendered":"http:\/\/www.paludzka.fara.sk\/?p=4834"},"modified":"2024-09-01T00:29:46","modified_gmt":"2024-08-31T22:29:46","slug":"farske-oznamy-1-9-8-9-2024","status":"publish","type":"post","link":"http:\/\/www.paludzka.fara.sk\/?p=4834","title":{"rendered":"Farsk\u00e9 oznamy 1.9.-8.9.2024"},"content":{"rendered":"<div class=\"table-responsive\">\n<table class=\"table table-bordered\">\n<thead>\n<tr>\n<th style=\"text-align: center; vertical-align: middle;\">De\u0148<\/th>\n<th style=\"text-align: center; vertical-align: middle;\">\u010cas<\/th>\n<th style=\"text-align: center; vertical-align: middle;\">Liturgick\u00fd kalend\u00e1r<\/th>\n<th style=\"text-align: center; vertical-align: middle;\">\u00damysel<\/th>\n<th style=\"text-align: center; vertical-align: middle;\">O\u010dak\u00e1vame<\/th>\n<\/tr>\n<\/thead>\n<tbody>\n<tr>\n<td style=\"text-align: center; vertical-align: middle;\"><strong>Nede\u013ea 1.9.<\/strong><\/td>\n<td style=\"text-align: center; vertical-align: middle;\"><strong>8:15<\/strong><\/p>\n<p><span style=\"color: #000000;\">9:45<\/span><\/td>\n<td style=\"text-align: center; vertical-align: middle;\"><span style=\"color: #008000;\"><strong>22. nede\u013ea v Cezro\u010dnom obdob\u00ed<\/strong><\/span><\/td>\n<td style=\"text-align: center; vertical-align: middle;\"><strong>Bodice:<\/strong> na \u00famysel<\/p>\n<p>na \u00famysel<\/td>\n<td style=\"text-align: center; vertical-align: middle;\"><strong>pri sv. om\u0161iach hymnus k Duchu<\/strong><br \/>\n<strong>Sv\u00e4t\u00e9mu na za\u010diatku \u0161kolsk\u00e9ho roka.<\/strong>10. Svetov\u00fd de\u0148 za ochranu stvorenstva<\/td>\n<\/tr>\n<tr>\n<td style=\"text-align: center; vertical-align: middle;\">Pondelok 2.9.<\/td>\n<td style=\"text-align: center; vertical-align: middle;\"><\/td>\n<td style=\"text-align: center; vertical-align: middle;\"><span style=\"color: #008000;\">Pondelok 22. t\u00fd\u017ed\u0148a v Cezro\u010dnom obdob\u00ed<\/span><\/td>\n<td style=\"text-align: center; vertical-align: middle;\"><\/td>\n<td style=\"text-align: center; vertical-align: middle;\"><\/td>\n<\/tr>\n<tr>\n<td style=\"text-align: center; vertical-align: middle;\">Utorok 3.9.<\/td>\n<td style=\"text-align: center; vertical-align: middle;\">18:00<\/td>\n<td style=\"text-align: center; vertical-align: middle;\"><span style=\"color: #808000;\">Sv\u00e4t\u00e9ho Gregora Ve\u013ek\u00e9ho, p\u00e1pe\u017ea a u\u010dite\u013ea Cirkvi<\/span><\/p>\n<p><span style=\"color: #808000;\">spomienka<\/span><\/td>\n<td style=\"text-align: center; vertical-align: middle;\">za zdravie a Bo\u017eie po\u017eehnanie Am\u00e1lie<\/td>\n<td style=\"text-align: center; vertical-align: middle;\">vysluhovanie sv. zmierenia od 17:00<\/td>\n<\/tr>\n<tr>\n<td style=\"text-align: center; vertical-align: middle;\">Streda 4.9.<\/td>\n<td style=\"text-align: center; vertical-align: middle;\">7:00<\/td>\n<td style=\"text-align: center; vertical-align: middle;\"><span style=\"color: #008000;\">Streda 22. t\u00fd\u017ed\u0148a v Cezro\u010dnom obdob\u00ed<\/span><\/td>\n<td style=\"text-align: center; vertical-align: middle;\">za zdravie a Bo\u017eie po\u017eehnanie pre dc\u00e9ru a vnu\u010dku<\/td>\n<td style=\"text-align: center; vertical-align: middle;\"><\/td>\n<\/tr>\n<tr>\n<td style=\"text-align: center; vertical-align: middle;\">\u0160tvrtok 5.9.<\/td>\n<td style=\"text-align: center; vertical-align: middle;\">18:00<\/td>\n<td style=\"text-align: center; vertical-align: middle;\"><span style=\"color: #008000;\">\u0160tvrtok 22. t\u00fd\u017ed\u0148a v Cezro\u010dnom obdob\u00ed<\/span><\/td>\n<td style=\"text-align: center; vertical-align: middle;\">+ Alex<\/td>\n<td style=\"text-align: center; vertical-align: middle;\">ador\u00e1cia od 17:00 \u2013 za nov\u00e9 duchovn\u00e9 povolania<\/p>\n<p>vysluhovanie sv. zmierenia od 17:00<\/td>\n<\/tr>\n<tr>\n<td style=\"text-align: center; vertical-align: middle;\">Piatok 6.9.<\/td>\n<td style=\"text-align: center; vertical-align: middle;\"><strong>17:00<\/strong><\/p>\n<p>18:00<\/td>\n<td style=\"text-align: center; vertical-align: middle;\"><span style=\"color: #808000;\">O Najsv\u00e4tej\u0161om Srdci Je\u017ei\u0161ovom<\/span><\/p>\n<p><span style=\"color: #ff0000;\">Prv\u00fd piatok<\/span><\/td>\n<td style=\"text-align: center; vertical-align: middle;\">za zdravie a Bo\u017eie po\u017eehnanie pre Elenku<\/td>\n<td style=\"text-align: center; vertical-align: middle;\">N\u00e1v\u0161teva chor\u00fdch od 8:00<\/p>\n<p><strong>Bodice \u2013 sv. zmierenia od 16:15<\/strong><\/td>\n<\/tr>\n<tr>\n<td style=\"text-align: center; vertical-align: middle;\">Sobota 7.9.<\/td>\n<td style=\"text-align: center; vertical-align: middle;\">8:00<\/td>\n<td style=\"text-align: center; vertical-align: middle;\"><span style=\"color: #ff0000;\">Sv\u00e4t\u00fdch Marka Kri\u017eina, Melichara Grodzieckeho<\/span><br \/>\n<span style=\"color: #ff0000;\"> a \u0160tefana Pongr\u00e1cza, k\u0148azov a mu\u010den\u00edkov<\/span><\/p>\n<p><span style=\"color: #ff0000;\">spomienka<\/span><\/td>\n<td style=\"text-align: center; vertical-align: middle;\">po\u010fakovanie za 80 rokov \u017eivota Margity<\/td>\n<td style=\"text-align: center; vertical-align: middle;\">7:30 &#8211; Fatimsk\u00e1 pobo\u017enos\u0165<\/td>\n<\/tr>\n<tr>\n<td style=\"text-align: center; vertical-align: middle;\"><strong>Nede\u013ea 8.9.<\/strong><\/td>\n<td style=\"text-align: center; vertical-align: middle;\">7:00<\/p>\n<p><strong>8:15<\/strong><\/p>\n<p>9:45<\/td>\n<td style=\"text-align: center; vertical-align: middle;\"><span style=\"color: #008000;\"><strong>23. nede\u013ea v Cezro\u010dnom obdob\u00ed<\/strong><\/span><\/td>\n<td style=\"text-align: center; vertical-align: middle;\">za veriacich<\/p>\n<p><strong>Bodice:<\/strong> na \u00famysel<\/p>\n<p>na \u00famysel<\/td>\n<td style=\"text-align: center; vertical-align: middle;\"><\/td>\n<\/tr>\n<\/tbody>\n<\/table>\n<\/div>\n<ul>\n<li>v pr\u00edpade potreby vysl\u00fa\u017eenia sviatosti pomazania chor\u00fdch alebo pohrebu, obr\u00e1\u0165te sa na farsk\u00fd \u00farad v Liptovskom Mikul\u00e1\u0161i.<\/li>\n<li>v \u010dasoch bohoslu\u017eieb v nedele a prik\u00e1zan\u00e9 sviatky je mo\u017enos\u0165 parkovania \u00e1ut aj v are\u00e1li medzi kostolom a kaplnkou sv. J\u00e1na Nepomuck\u00e9ho.<\/li>\n<li>o upratovanie kostola pros\u00edm rodiny Hunanov\u00fa, Adam\u010diakov\u00fa M., Slukov\u00fa a Jurisov\u00fa. Upratovanie bude v sobotu. P\u00e1n Boh zapla\u0165 za slu\u017ebu.<\/li>\n<\/ul>\n","protected":false},"excerpt":{"rendered":"<p>De\u0148 \u010cas Liturgick\u00fd kalend\u00e1r \u00damysel O\u010dak\u00e1vame Nede\u013ea 1.9. 8:15 9:45 22. nede\u013ea v Cezro\u010dnom obdob\u00ed Bodice: na \u00famysel na \u00famysel pri sv. om\u0161iach hymnus k Duchu Sv\u00e4t\u00e9mu na za\u010diatku \u0161kolsk\u00e9ho roka.10. Svetov\u00fd de\u0148 za ochranu stvorenstva Pondelok 2.9. Pondelok 22. t\u00fd\u017ed\u0148a v Cezro\u010dnom obdob\u00ed Utorok 3.9. 18:00 Sv\u00e4t\u00e9ho Gregora Ve\u013ek\u00e9ho, p\u00e1pe\u017ea a u\u010dite\u013ea Cirkvi spomienka [&hellip;]<\/p>\n","protected":false},"author":1,"featured_media":0,"comment_status":"closed","ping_status":"closed","sticky":false,"template":"","format":"standard","meta":{"_links_to":"","_links_to_target":""},"categories":[4,19],"tags":[],"_links":{"self":[{"href":"http:\/\/www.paludzka.fara.sk\/index.php?rest_route=\/wp\/v2\/posts\/4834"}],"collection":[{"href":"http:\/\/www.paludzka.fara.sk\/index.php?rest_route=\/wp\/v2\/posts"}],"about":[{"href":"http:\/\/www.paludzka.fara.sk\/index.php?rest_route=\/wp\/v2\/types\/post"}],"author":[{"embeddable":true,"href":"http:\/\/www.paludzka.fara.sk\/index.php?rest_route=\/wp\/v2\/users\/1"}],"replies":[{"embeddable":true,"href":"http:\/\/www.paludzka.fara.sk\/index.php?rest_route=%2Fwp%2Fv2%2Fcomments&post=4834"}],"version-history":[{"count":1,"href":"http:\/\/www.paludzka.fara.sk\/index.php?rest_route=\/wp\/v2\/posts\/4834\/revisions"}],"predecessor-version":[{"id":4835,"href":"http:\/\/www.paludzka.fara.sk\/index.php?rest_route=\/wp\/v2\/posts\/4834\/revisions\/4835"}],"wp:attachment":[{"href":"http:\/\/www.paludzka.fara.sk\/index.php?rest_route=%2Fwp%2Fv2%2Fmedia&parent=4834"}],"wp:term":[{"taxonomy":"category","embeddable":true,"href":"http:\/\/www.paludzka.fara.sk\/index.php?rest_route=%2Fwp%2Fv2%2Fcategories&post=4834"},{"taxonomy":"post_tag","embeddable":true,"href":"http:\/\/www.paludzka.fara.sk\/index.php?rest_route=%2Fwp%2Fv2%2Ftags&post=4834"}],"curies":[{"name":"wp","href":"https:\/\/api.w.org\/{rel}","templated":true}]}}