
{"id":483,"date":"2018-05-27T00:00:15","date_gmt":"2018-05-26T22:00:15","guid":{"rendered":"http:\/\/www.paludzka.fara.sk\/?p=483"},"modified":"2018-06-09T23:42:27","modified_gmt":"2018-06-09T21:42:27","slug":"farske-oznamy-27-5-3-6-2018","status":"publish","type":"post","link":"http:\/\/www.paludzka.fara.sk\/?p=483","title":{"rendered":"Farsk\u00e9 oznamy 27.5.-3.6.2018"},"content":{"rendered":"<h3 style=\"text-align: center;\">Liturgick\u00fd preh\u013ead a program bohoslu\u017eieb na t\u00fd\u017ede\u0148 27.5. &#8211; 3.6. 2018<\/h3>\n<p><strong>Oznamy pre farsk\u00fd kostol:<\/strong><\/p>\n<div class=\"table-responsive\">\n<table class=\"table table-bordered\">\n<thead>\n<tr>\n<th style=\"text-align: center;\">d\u00e1tum<\/th>\n<th style=\"text-align: center;\">sv. om\u0161a<\/th>\n<th style=\"text-align: center;\">liturgick\u00fd de\u0148<\/th>\n<th style=\"text-align: center;\">\u00famysel<\/th>\n<\/tr>\n<\/thead>\n<tbody>\n<tr>\n<td style=\"text-align: center;\"><strong>Nede\u013ea 27.5.<\/strong><\/td>\n<td style=\"text-align: center;\"><strong>9:30<\/strong><\/td>\n<td style=\"text-align: center;\"><strong>Najsv\u00e4tej\u0161ej Trojice<\/strong><\/p>\n<p><em>Sl\u00e1vnos\u0165 1. sv\u00e4t\u00e9ho prij\u00edmania<\/em><\/td>\n<td style=\"text-align: center;\"><strong>za farnos\u0165<\/strong><\/td>\n<\/tr>\n<tr>\n<td style=\"text-align: center;\">Pondelok 28.5.<\/td>\n<td style=\"text-align: center;\">18:00<\/td>\n<td style=\"text-align: center;\">Pondelok 8. t\u00fd\u017ed\u0148a v Cezro\u010dnom obdob\u00ed<\/td>\n<td style=\"text-align: center;\">na \u00famysel<\/td>\n<\/tr>\n<tr>\n<td style=\"text-align: center;\">Utorok 29.5.<\/td>\n<td style=\"text-align: center;\">18:00<\/td>\n<td style=\"text-align: center;\">Utorok 8. t\u00fd\u017ed\u0148a v Cezro\u010dnom obdob\u00ed<\/td>\n<td style=\"text-align: center;\">na \u00famysel<\/td>\n<\/tr>\n<tr>\n<td style=\"text-align: center;\">Streda 30.5.<\/td>\n<td style=\"text-align: center;\"><strong>07:00<\/strong><\/td>\n<td style=\"text-align: center;\">Streda 8. t\u00fd\u017ed\u0148a v Cezro\u010dnom obdob\u00ed<\/td>\n<td style=\"text-align: center;\">+ Flori\u00e1n, Elena<\/td>\n<\/tr>\n<tr>\n<td style=\"text-align: center;\">\u0160tvrtok 31.5.<\/td>\n<td style=\"text-align: center;\"><strong>18:00<\/strong><\/td>\n<td style=\"text-align: center;\"><strong>Najsv\u00e4tej\u0161ieho Kristovho Tela a Krvi<\/strong><\/td>\n<td style=\"text-align: center;\">+ \u0160tefan<\/td>\n<\/tr>\n<tr>\n<td style=\"text-align: center;\">Piatok 1.6.<\/td>\n<td style=\"text-align: center;\">18:00<\/td>\n<td style=\"text-align: center;\">Sv\u00e4t\u00e9ho Just\u00edna, mu\u010den\u00edka<\/td>\n<td style=\"text-align: center;\">+<\/td>\n<\/tr>\n<tr>\n<td style=\"text-align: center;\">Sobota 2.6.<\/td>\n<td style=\"text-align: center;\">8:00<\/td>\n<td style=\"text-align: center;\">Panny M\u00e1rie v sobotu<\/td>\n<td style=\"text-align: center;\">+<\/td>\n<\/tr>\n<tr>\n<td style=\"text-align: center;\"><strong>Nede\u013ea 3.6.<\/strong><\/td>\n<td style=\"text-align: center;\"><strong>9:30<\/strong><\/td>\n<td style=\"text-align: center;\"><strong>9. nede\u013ea v Cezro\u010dnom obdob\u00ed<\/strong><\/td>\n<td style=\"text-align: center;\"><b>za farnos\u0165<\/b><\/td>\n<\/tr>\n<\/tbody>\n<\/table>\n<\/div>\n<p><strong>Oznamy pre fili\u00e1lku Bodice:<\/strong><\/p>\n<div class=\"table-responsive\">\n<table class=\"table table-bordered\">\n<thead>\n<tr>\n<th style=\"text-align: center;\">d\u00e1tum<\/th>\n<th style=\"text-align: center;\">sv. om\u0161a<\/th>\n<th style=\"text-align: center;\">liturgick\u00fd de\u0148<\/th>\n<\/tr>\n<\/thead>\n<tbody>\n<tr>\n<td style=\"text-align: center;\"><strong>Nede\u013ea 27.5.<\/strong><\/td>\n<td style=\"text-align: center;\"><b>8:00<\/b><\/td>\n<td style=\"text-align: center;\"><strong>Najsv\u00e4tej\u0161ej Trojice<\/strong><\/td>\n<\/tr>\n<tr>\n<td style=\"text-align: center;\">\u0160tvrtok 31.5.<\/td>\n<td style=\"text-align: center;\">17:00<\/td>\n<td style=\"text-align: center;\"><strong>Najsv\u00e4tej\u0161ieho Kristovho Tela a Krvi<\/strong><\/td>\n<\/tr>\n<tr>\n<td style=\"text-align: center;\">Piatok 1.6.<\/td>\n<td style=\"text-align: center;\">17:00<\/td>\n<td style=\"text-align: center;\">Sv\u00e4t\u00e9ho Just\u00edna, mu\u010den\u00edka<\/td>\n<\/tr>\n<tr>\n<td style=\"text-align: center;\"><strong>Nede\u013ea 3.6.<\/strong><\/td>\n<td style=\"text-align: center;\"><strong style=\"font-family: inherit; font-size: inherit;\">8:00<\/strong><\/td>\n<td style=\"text-align: center;\"><strong>9. nede\u013ea v Cezro\u010dnom obdob\u00ed<\/strong><\/td>\n<\/tr>\n<\/tbody>\n<\/table>\n<ul>\n<li>\u00famysly sv\u00e4t\u00fdch om\u0161\u00ed na mesiace j\u00fan, j\u00fal, august, si m\u00f4\u017eete nahl\u00e1si\u0165 od pondelka, po skon\u010den\u00ed sv\u00e4tej om\u0161e.<\/li>\n<li>vo \u0161tvrtok 31.5. je sl\u00e1vnos\u0165 &#8211; prik\u00e1zan\u00fd sviatok Najsv\u00e4tej\u0161ieho Kristovho Tela a Krvi. Sv\u00e4t\u00e9ho om\u0161e bud\u00fa v Pal\u00fadzke o 18:00 a v Bodiciach o 17:00. Po\u010das tejto sl\u00e1vnosti sa uskuto\u010dn\u00ed procesia okolo kostola.<\/li>\n<li>v tomto t\u00fd\u017edni je 1. piatok v\u00a0mesiaci j\u00fan. Spovedanie v\u00a0Pal\u00fadzke bude v pondelok a utorok 17:00-17:45 a v piatok 14:00-16:00. V Bodiciach v piatok\u00a016:30-17:00.<\/li>\n<li>upratovanie kostola v tomto t\u00fd\u017edni: vi\u010f <a href=\"http:\/\/www.paludzka.fara.sk\/?p=421\">rozpis upratovania<\/a>. P\u00e1n Boh zapla\u0165 za v\u00e1\u0161 \u010das a obetu.<\/li>\n<\/ul>\n<\/div>\n","protected":false},"excerpt":{"rendered":"<p>Liturgick\u00fd preh\u013ead a program bohoslu\u017eieb na t\u00fd\u017ede\u0148 27.5. &#8211; 3.6. 2018 Oznamy pre farsk\u00fd kostol: d\u00e1tum sv. om\u0161a liturgick\u00fd de\u0148 \u00famysel Nede\u013ea 27.5. 9:30 Najsv\u00e4tej\u0161ej Trojice Sl\u00e1vnos\u0165 1. sv\u00e4t\u00e9ho prij\u00edmania za farnos\u0165 Pondelok 28.5. 18:00 Pondelok 8. t\u00fd\u017ed\u0148a v Cezro\u010dnom obdob\u00ed na \u00famysel Utorok 29.5. 18:00 Utorok 8. t\u00fd\u017ed\u0148a v Cezro\u010dnom obdob\u00ed na \u00famysel Streda [&hellip;]<\/p>\n","protected":false},"author":1,"featured_media":0,"comment_status":"open","ping_status":"open","sticky":false,"template":"","format":"standard","meta":{"_links_to":"","_links_to_target":""},"categories":[4,19],"tags":[],"_links":{"self":[{"href":"http:\/\/www.paludzka.fara.sk\/index.php?rest_route=\/wp\/v2\/posts\/483"}],"collection":[{"href":"http:\/\/www.paludzka.fara.sk\/index.php?rest_route=\/wp\/v2\/posts"}],"about":[{"href":"http:\/\/www.paludzka.fara.sk\/index.php?rest_route=\/wp\/v2\/types\/post"}],"author":[{"embeddable":true,"href":"http:\/\/www.paludzka.fara.sk\/index.php?rest_route=\/wp\/v2\/users\/1"}],"replies":[{"embeddable":true,"href":"http:\/\/www.paludzka.fara.sk\/index.php?rest_route=%2Fwp%2Fv2%2Fcomments&post=483"}],"version-history":[{"count":6,"href":"http:\/\/www.paludzka.fara.sk\/index.php?rest_route=\/wp\/v2\/posts\/483\/revisions"}],"predecessor-version":[{"id":521,"href":"http:\/\/www.paludzka.fara.sk\/index.php?rest_route=\/wp\/v2\/posts\/483\/revisions\/521"}],"wp:attachment":[{"href":"http:\/\/www.paludzka.fara.sk\/index.php?rest_route=%2Fwp%2Fv2%2Fmedia&parent=483"}],"wp:term":[{"taxonomy":"category","embeddable":true,"href":"http:\/\/www.paludzka.fara.sk\/index.php?rest_route=%2Fwp%2Fv2%2Fcategories&post=483"},{"taxonomy":"post_tag","embeddable":true,"href":"http:\/\/www.paludzka.fara.sk\/index.php?rest_route=%2Fwp%2Fv2%2Ftags&post=483"}],"curies":[{"name":"wp","href":"https:\/\/api.w.org\/{rel}","templated":true}]}}