
{"id":4817,"date":"2024-08-25T00:00:13","date_gmt":"2024-08-24T22:00:13","guid":{"rendered":"http:\/\/www.paludzka.fara.sk\/?p=4817"},"modified":"2024-08-24T22:22:56","modified_gmt":"2024-08-24T20:22:56","slug":"farske-oznamy-25-8-1-9-2024","status":"publish","type":"post","link":"http:\/\/www.paludzka.fara.sk\/?p=4817","title":{"rendered":"Farsk\u00e9 oznamy 25.8.-1.9.2024"},"content":{"rendered":"<div class=\"table-responsive\">\n<table class=\"table table-bordered\">\n<thead>\n<tr>\n<th style=\"text-align: center; vertical-align: middle;\">De\u0148<\/th>\n<th style=\"text-align: center; vertical-align: middle;\">\u010cas<\/th>\n<th style=\"text-align: center; vertical-align: middle;\">Liturgick\u00fd kalend\u00e1r<\/th>\n<th style=\"text-align: center; vertical-align: middle;\">\u00damysel<\/th>\n<th style=\"text-align: center; vertical-align: middle;\">O\u010dak\u00e1vame<\/th>\n<\/tr>\n<\/thead>\n<tbody>\n<tr>\n<td style=\"text-align: center; vertical-align: middle;\"><strong>Nede\u013ea 25.8.<\/strong><\/td>\n<td style=\"text-align: center; vertical-align: middle;\">7:00<\/p>\n<p><strong>8:15<\/strong><\/p>\n<p><span style=\"color: #000000;\">9:45<\/span><\/td>\n<td style=\"text-align: center; vertical-align: middle;\"><span style=\"color: #008000;\"><strong>21. nede\u013ea v Cezro\u010dnom obdob\u00ed<\/strong><\/span><\/td>\n<td style=\"text-align: center; vertical-align: middle;\">za \u017eiv\u00fdch a zomrel\u00fdch z rodiny<br \/>\nKelu\u0161iak a Vidie\u010dan<\/p>\n<p><strong>Bodice:<\/strong> na \u00famysel<\/p>\n<p>za veriacich<\/td>\n<td style=\"text-align: center; vertical-align: middle;\"><\/td>\n<\/tr>\n<tr>\n<td style=\"text-align: center; vertical-align: middle;\">Pondelok 26.8.<\/td>\n<td style=\"text-align: center; vertical-align: middle;\">18:00<\/td>\n<td style=\"text-align: center; vertical-align: middle;\"><span style=\"color: #008000;\">Pondelok 21. t\u00fd\u017ed\u0148a v Cezro\u010dnom obdob\u00ed<\/span><\/td>\n<td style=\"text-align: center; vertical-align: middle;\">+ \u0160tefan, Vlasta, Edita a Anna<\/td>\n<td style=\"text-align: center; vertical-align: middle;\"><\/td>\n<\/tr>\n<tr>\n<td style=\"text-align: center; vertical-align: middle;\">Utorok 27.8.<\/td>\n<td style=\"text-align: center; vertical-align: middle;\">18:00<\/td>\n<td style=\"text-align: center; vertical-align: middle;\"><span style=\"color: #808000;\">Sv\u00e4tej Moniky<\/span><\/p>\n<p><span style=\"color: #808000;\">spomienka<\/span><\/td>\n<td style=\"text-align: center; vertical-align: middle;\">za obr\u00e1tenie man\u017eela a det\u00ed<\/td>\n<td style=\"text-align: center; vertical-align: middle;\"><\/td>\n<\/tr>\n<tr>\n<td style=\"text-align: center; vertical-align: middle;\">Streda 28.8.<\/td>\n<td style=\"text-align: center; vertical-align: middle;\">7:00<\/td>\n<td style=\"text-align: center; vertical-align: middle;\"><span style=\"color: #808000;\">Sv\u00e4t\u00e9ho August\u00edna, biskupa a u\u010dite\u013ea Cirkvi<\/span><\/p>\n<p><span style=\"color: #808000;\">spomienka<\/span><\/td>\n<td style=\"text-align: center; vertical-align: middle;\">za veriacich<\/td>\n<td style=\"text-align: center; vertical-align: middle;\"><\/td>\n<\/tr>\n<tr>\n<td style=\"text-align: center; vertical-align: middle;\">\u0160tvrtok 29.8.<\/td>\n<td style=\"text-align: center; vertical-align: middle;\">&nbsp;<\/td>\n<td style=\"text-align: center; vertical-align: middle;\"><span style=\"color: #ff0000;\">Mu\u010den\u00edcka smr\u0165 sv\u00e4t\u00e9ho J\u00e1na Krstite\u013ea<\/span><\/p>\n<p><span style=\"color: #ff0000;\">spomienka<\/span><\/td>\n<td style=\"text-align: center; vertical-align: middle;\">&nbsp;<\/td>\n<td style=\"text-align: center; vertical-align: middle;\"><\/td>\n<\/tr>\n<tr>\n<td style=\"text-align: center; vertical-align: middle;\">Piatok 30.8.<\/td>\n<td style=\"text-align: center; vertical-align: middle;\"><\/td>\n<td style=\"text-align: center; vertical-align: middle;\"><span style=\"color: #008000;\">Piatok 21. t\u00fd\u017ed\u0148a v Cezro\u010dnom obdob\u00ed<\/span><\/td>\n<td style=\"text-align: center; vertical-align: middle;\"><\/td>\n<td style=\"text-align: center; vertical-align: middle;\"><\/td>\n<\/tr>\n<tr>\n<td style=\"text-align: center; vertical-align: middle;\">Sobota 31.8.<\/td>\n<td style=\"text-align: center; vertical-align: middle;\"><\/td>\n<td style=\"text-align: center; vertical-align: middle;\"><span style=\"color: #0000ff;\">Preblahoslavenej Panny M\u00e1rie v sobotu<\/span><\/p>\n<p><span style=\"color: #0000ff;\">\u013eubovo\u013en\u00e1 spomienka<\/span><\/td>\n<td style=\"text-align: center; vertical-align: middle;\"><\/td>\n<td style=\"text-align: center; vertical-align: middle;\"><\/td>\n<\/tr>\n<tr>\n<td style=\"text-align: center; vertical-align: middle;\"><strong>Nede\u013ea 1.9.<\/strong><\/td>\n<td style=\"text-align: center; vertical-align: middle;\"><strong>8:15<\/strong><\/p>\n<p>9:45<\/td>\n<td style=\"text-align: center; vertical-align: middle;\"><span style=\"color: #008000;\"><strong>22. nede\u013ea v Cezro\u010dnom obdob\u00ed<\/strong><\/span><\/td>\n<td style=\"text-align: center; vertical-align: middle;\"><strong>Bodice:<\/strong> na \u00famysel<\/p>\n<p>na \u00famysel<\/td>\n<td style=\"text-align: center; vertical-align: middle;\"><strong>pri sv. om\u0161iach hymnus k Duchu<\/strong><br \/>\n<strong>Sv\u00e4t\u00e9mu na za\u010diatku \u0161kolsk\u00e9ho roka.<\/strong><\/p>\n<p>10. Svetov\u00fd de\u0148 za ochranu stvorenstva<\/td>\n<\/tr>\n<\/tbody>\n<\/table>\n<\/div>\n<ul>\n<li>\u00famysly sv. om\u0161i na mesiac september budem zapisova\u0165 v pondelok po sv. om\u0161i.<\/li>\n<li>v pr\u00edpade potreby vysl\u00fa\u017eenia sviatosti pomazania chor\u00fdch alebo pohrebu, obr\u00e1\u0165te sa na farsk\u00fd \u00farad v Liptovskom Mikul\u00e1\u0161i.<\/li>\n<li>odchod autobusu na p\u00fa\u0165 do Med\u017eugoria bude 28.8.2024 o 15:00 od kult\u00farneho domu v Pal\u00fadzke. Ak by niekto chcel \u00eds\u0165, s\u00fa e\u0161te vo\u013en\u00e9 miesta.<\/li>\n<li>v \u010dasoch bohoslu\u017eieb v nedele a prik\u00e1zan\u00e9 sviatky je mo\u017enos\u0165 parkovania \u00e1ut aj v are\u00e1li medzi kostolom a kaplnkou sv. J\u00e1na Nepomuck\u00e9ho.<\/li>\n<li>v d\u0148och od 15.1.2025 &#8211; 25.1.2025 pl\u00e1nuje farnos\u0165 Bobrovec p\u00fa\u0165 do Mexika k Panne M\u00e1rii Guadalupskej. Sprev\u00e1dza\u0165 bude dp. PaedDr. Michal Pitoniak. Cena p\u00fate je 2190,- \u20ac.<\/li>\n<li>Bohuzn\u00e1mi na kostol obetovali 200 a 50 \u20ac. Novoman\u017eelia Za\u0165kovi darovali na kostol 100 \u20ac. P\u00e1n Boh zapla\u0165 a po\u017eehnaj.<\/li>\n<li>o upratovanie kostola pros\u00edm rodiny Go\u0148ov\u00fa, Kuskov\u00fa, Plevov\u00fa, Tur\u010dinov\u00fa a Je\u017eov\u00fa. Upratovanie bude v sobotu. P\u00e1n Boh zapla\u0165 za slu\u017ebu.<\/li>\n<\/ul>\n","protected":false},"excerpt":{"rendered":"<p>De\u0148 \u010cas Liturgick\u00fd kalend\u00e1r \u00damysel O\u010dak\u00e1vame Nede\u013ea 25.8. 7:00 8:15 9:45 21. nede\u013ea v Cezro\u010dnom obdob\u00ed za \u017eiv\u00fdch a zomrel\u00fdch z rodiny Kelu\u0161iak a Vidie\u010dan Bodice: na \u00famysel za veriacich Pondelok 26.8. 18:00 Pondelok 21. t\u00fd\u017ed\u0148a v Cezro\u010dnom obdob\u00ed + \u0160tefan, Vlasta, Edita a Anna Utorok 27.8. 18:00 Sv\u00e4tej Moniky spomienka za obr\u00e1tenie man\u017eela a [&hellip;]<\/p>\n","protected":false},"author":1,"featured_media":0,"comment_status":"closed","ping_status":"closed","sticky":false,"template":"","format":"standard","meta":{"_links_to":"","_links_to_target":""},"categories":[4,19],"tags":[],"_links":{"self":[{"href":"http:\/\/www.paludzka.fara.sk\/index.php?rest_route=\/wp\/v2\/posts\/4817"}],"collection":[{"href":"http:\/\/www.paludzka.fara.sk\/index.php?rest_route=\/wp\/v2\/posts"}],"about":[{"href":"http:\/\/www.paludzka.fara.sk\/index.php?rest_route=\/wp\/v2\/types\/post"}],"author":[{"embeddable":true,"href":"http:\/\/www.paludzka.fara.sk\/index.php?rest_route=\/wp\/v2\/users\/1"}],"replies":[{"embeddable":true,"href":"http:\/\/www.paludzka.fara.sk\/index.php?rest_route=%2Fwp%2Fv2%2Fcomments&post=4817"}],"version-history":[{"count":1,"href":"http:\/\/www.paludzka.fara.sk\/index.php?rest_route=\/wp\/v2\/posts\/4817\/revisions"}],"predecessor-version":[{"id":4819,"href":"http:\/\/www.paludzka.fara.sk\/index.php?rest_route=\/wp\/v2\/posts\/4817\/revisions\/4819"}],"wp:attachment":[{"href":"http:\/\/www.paludzka.fara.sk\/index.php?rest_route=%2Fwp%2Fv2%2Fmedia&parent=4817"}],"wp:term":[{"taxonomy":"category","embeddable":true,"href":"http:\/\/www.paludzka.fara.sk\/index.php?rest_route=%2Fwp%2Fv2%2Fcategories&post=4817"},{"taxonomy":"post_tag","embeddable":true,"href":"http:\/\/www.paludzka.fara.sk\/index.php?rest_route=%2Fwp%2Fv2%2Ftags&post=4817"}],"curies":[{"name":"wp","href":"https:\/\/api.w.org\/{rel}","templated":true}]}}