
{"id":477,"date":"2018-05-13T00:00:53","date_gmt":"2018-05-12T22:00:53","guid":{"rendered":"http:\/\/www.paludzka.fara.sk\/?p=477"},"modified":"2018-05-14T19:08:40","modified_gmt":"2018-05-14T17:08:40","slug":"farske-oznamy-13-5-20-5-2018","status":"publish","type":"post","link":"http:\/\/www.paludzka.fara.sk\/?p=477","title":{"rendered":"Farsk\u00e9 oznamy 13.5.-20.5.2018"},"content":{"rendered":"<h3 style=\"text-align: center;\">Liturgick\u00fd preh\u013ead a program bohoslu\u017eieb na t\u00fd\u017ede\u0148 13.5. &#8211; 20.5. 2018<\/h3>\n<p><strong>Oznamy pre farsk\u00fd kostol:<\/strong><\/p>\n<div class=\"table-responsive\">\n<table class=\"table table-bordered\">\n<thead>\n<tr>\n<th style=\"text-align: center;\">d\u00e1tum<\/th>\n<th style=\"text-align: center;\">sv. om\u0161a<\/th>\n<th style=\"text-align: center;\">liturgick\u00fd de\u0148<\/th>\n<th style=\"text-align: center;\">\u00famysel<\/th>\n<\/tr>\n<\/thead>\n<tbody>\n<tr>\n<td style=\"text-align: center;\"><strong>Nede\u013ea 13.5.<\/strong><\/td>\n<td style=\"text-align: center;\"><strong>9:30<\/strong><\/td>\n<td style=\"text-align: center;\"><strong>7. ve\u013ekono\u010dn\u00e1 nede\u013ea<\/strong><\/td>\n<td style=\"text-align: center;\"><strong>za farnos\u0165<\/strong><\/td>\n<\/tr>\n<tr>\n<td style=\"text-align: center;\">Pondelok 14.5.<\/td>\n<td style=\"text-align: center;\">18:00<\/td>\n<td style=\"text-align: center;\"><em>Sv\u00e4t\u00e9ho Mateja, apo\u0161tola<\/em><\/td>\n<td style=\"text-align: center;\">+ Peter, \u017dofia, Ladislav<\/td>\n<\/tr>\n<tr>\n<td style=\"text-align: center;\">Utorok 15.5.<\/td>\n<td style=\"text-align: center;\">18:00<\/td>\n<td style=\"text-align: center;\">Utorok po 7. ve\u013ekono\u010dnej nedeli<\/td>\n<td style=\"text-align: center;\">+ J\u00e1n, \u017dofia<\/td>\n<\/tr>\n<tr>\n<td style=\"text-align: center;\">Streda 16.5.<\/td>\n<td style=\"text-align: center;\">18:00<\/td>\n<td style=\"text-align: center;\">Sv\u00e4t\u00e9ho J\u00e1na Nepomuck\u00e9ho, k\u0148aza a mu\u010den\u00edka<\/td>\n<td style=\"text-align: center;\">+ Peter, J\u00e1n<\/td>\n<\/tr>\n<tr>\n<td style=\"text-align: center;\">\u0160tvrtok 17.5.<\/td>\n<td style=\"text-align: center;\">07:00<\/td>\n<td style=\"text-align: center;\">\u0160tvrtok po 7. ve\u013ekono\u010dnej nedeli<\/td>\n<td style=\"text-align: center;\">+ Karol, Marta<\/td>\n<\/tr>\n<tr>\n<td style=\"text-align: center;\">Piatok 18.5.<\/td>\n<td style=\"text-align: center;\">18:00<\/td>\n<td style=\"text-align: center;\">Piatok po 7. ve\u013ekono\u010dnej nedeli<\/td>\n<td style=\"text-align: center;\">+ Jozef, Roz\u00e1lia, Michal<\/td>\n<\/tr>\n<tr>\n<td style=\"text-align: center;\">Sobota 19.5.<\/td>\n<td style=\"text-align: center;\">8:00<\/td>\n<td style=\"text-align: center;\">Sobota po 7. ve\u013ekono\u010dnej nedeli<\/td>\n<td style=\"text-align: center;\">+ Ernest, M\u00e1ria<\/td>\n<\/tr>\n<tr>\n<td style=\"text-align: center;\"><strong>Nede\u013ea 20.5.<\/strong><\/td>\n<td style=\"text-align: center;\"><strong>9:30<\/strong><\/td>\n<td style=\"text-align: center;\"><strong>Zoslanie Ducha Sv\u00e4t\u00e9ho<\/strong><\/td>\n<td style=\"text-align: center;\"><b>za farnos\u0165<\/b><\/td>\n<\/tr>\n<\/tbody>\n<\/table>\n<\/div>\n<p><strong>Oznamy pre fili\u00e1lku Bodice:<\/strong><\/p>\n<div class=\"table-responsive\">\n<table class=\"table table-bordered\">\n<thead>\n<tr>\n<th style=\"text-align: center;\">d\u00e1tum<\/th>\n<th style=\"text-align: center;\">sv. om\u0161a<\/th>\n<th style=\"text-align: center;\">liturgick\u00fd de\u0148<\/th>\n<\/tr>\n<\/thead>\n<tbody>\n<tr>\n<td style=\"text-align: center;\"><strong>Nede\u013ea 6.5.<\/strong><\/td>\n<td style=\"text-align: center;\"><b>8:00<\/b><\/td>\n<td style=\"text-align: center;\"><strong>7. ve\u013ekono\u010dn\u00e1 nede\u013ea<\/strong><\/td>\n<\/tr>\n<tr>\n<td style=\"text-align: center;\"><strong>Nede\u013ea 13.5.<\/strong><\/td>\n<td style=\"text-align: center;\"><strong style=\"font-family: inherit; font-size: inherit;\">8:00<\/strong><\/td>\n<td style=\"text-align: center;\"><strong>Zoslanie Ducha Sv\u00e4t\u00e9ho<\/strong><\/td>\n<\/tr>\n<\/tbody>\n<\/table>\n<ul>\n<li>stretnutie det\u00ed ktor\u00e9 id\u00fa na 1. sv\u00e4t\u00e9 prij\u00edmanie bude v\u00a0piatok po sv\u00e4tej om\u0161i.<\/li>\n<li>v mesiaci m\u00e1ji sa budeme stret\u00e1va\u0165 pri m\u00e1jov\u00fdch pobo\u017enostiach. Za\u010diatok je 10 min\u00fat pred ka\u017edou ve\u010dernou<br \/>\nsv\u00e4tou om\u0161ou.<\/li>\n<li>upratovanie kostola v tomto t\u00fd\u017edni: Kostoln\u00e1, Dia\u010dikov\u00e1, Korman\u00edkov\u00e1, S\u00e1lusov\u00e1. P\u00e1n Boh zapla\u0165 za v\u00e1\u0161 \u010das a obetu.<\/li>\n<\/ul>\n<\/div>\n","protected":false},"excerpt":{"rendered":"<p>Liturgick\u00fd preh\u013ead a program bohoslu\u017eieb na t\u00fd\u017ede\u0148 13.5. &#8211; 20.5. 2018 Oznamy pre farsk\u00fd kostol: d\u00e1tum sv. om\u0161a liturgick\u00fd de\u0148 \u00famysel Nede\u013ea 13.5. 9:30 7. ve\u013ekono\u010dn\u00e1 nede\u013ea za farnos\u0165 Pondelok 14.5. 18:00 Sv\u00e4t\u00e9ho Mateja, apo\u0161tola + Peter, \u017dofia, Ladislav Utorok 15.5. 18:00 Utorok po 7. ve\u013ekono\u010dnej nedeli + J\u00e1n, \u017dofia Streda 16.5. 18:00 Sv\u00e4t\u00e9ho J\u00e1na [&hellip;]<\/p>\n","protected":false},"author":1,"featured_media":0,"comment_status":"open","ping_status":"open","sticky":false,"template":"","format":"standard","meta":{"_links_to":"","_links_to_target":""},"categories":[4,19],"tags":[],"_links":{"self":[{"href":"http:\/\/www.paludzka.fara.sk\/index.php?rest_route=\/wp\/v2\/posts\/477"}],"collection":[{"href":"http:\/\/www.paludzka.fara.sk\/index.php?rest_route=\/wp\/v2\/posts"}],"about":[{"href":"http:\/\/www.paludzka.fara.sk\/index.php?rest_route=\/wp\/v2\/types\/post"}],"author":[{"embeddable":true,"href":"http:\/\/www.paludzka.fara.sk\/index.php?rest_route=\/wp\/v2\/users\/1"}],"replies":[{"embeddable":true,"href":"http:\/\/www.paludzka.fara.sk\/index.php?rest_route=%2Fwp%2Fv2%2Fcomments&post=477"}],"version-history":[{"count":3,"href":"http:\/\/www.paludzka.fara.sk\/index.php?rest_route=\/wp\/v2\/posts\/477\/revisions"}],"predecessor-version":[{"id":488,"href":"http:\/\/www.paludzka.fara.sk\/index.php?rest_route=\/wp\/v2\/posts\/477\/revisions\/488"}],"wp:attachment":[{"href":"http:\/\/www.paludzka.fara.sk\/index.php?rest_route=%2Fwp%2Fv2%2Fmedia&parent=477"}],"wp:term":[{"taxonomy":"category","embeddable":true,"href":"http:\/\/www.paludzka.fara.sk\/index.php?rest_route=%2Fwp%2Fv2%2Fcategories&post=477"},{"taxonomy":"post_tag","embeddable":true,"href":"http:\/\/www.paludzka.fara.sk\/index.php?rest_route=%2Fwp%2Fv2%2Ftags&post=477"}],"curies":[{"name":"wp","href":"https:\/\/api.w.org\/{rel}","templated":true}]}}