
{"id":4759,"date":"2024-08-11T00:00:53","date_gmt":"2024-08-10T22:00:53","guid":{"rendered":"http:\/\/www.paludzka.fara.sk\/?p=4759"},"modified":"2024-08-10T23:12:04","modified_gmt":"2024-08-10T21:12:04","slug":"farske-oznamy-11-8-18-8-2024","status":"publish","type":"post","link":"http:\/\/www.paludzka.fara.sk\/?p=4759","title":{"rendered":"Farsk\u00e9 oznamy 11.8.-18.8.2024"},"content":{"rendered":"<div class=\"table-responsive\">\n<table class=\"table table-bordered\">\n<thead>\n<tr>\n<th style=\"text-align: center; vertical-align: middle;\">De\u0148<\/th>\n<th style=\"text-align: center; vertical-align: middle;\">\u010cas<\/th>\n<th style=\"text-align: center; vertical-align: middle;\">Liturgick\u00fd kalend\u00e1r<\/th>\n<th style=\"text-align: center; vertical-align: middle;\">\u00damysel<\/th>\n<th style=\"text-align: center; vertical-align: middle;\">O\u010dak\u00e1vame<\/th>\n<\/tr>\n<\/thead>\n<tbody>\n<tr>\n<td style=\"text-align: center; vertical-align: middle;\"><strong>Nede\u013ea 11.8.<\/strong><\/td>\n<td style=\"text-align: center; vertical-align: middle;\">7:00<\/p>\n<p><strong>8:15<\/strong><\/p>\n<p><span style=\"color: #000000;\">9:45<\/span><\/td>\n<td style=\"text-align: center; vertical-align: middle;\"><span style=\"color: #008000;\"><strong>19. nede\u013ea v Cezro\u010dnom obdob\u00ed<\/strong><\/span><\/td>\n<td style=\"text-align: center; vertical-align: middle;\">+ Jolka a Jozef<\/p>\n<p><strong>Bodice:<\/strong> na \u00famysel<\/p>\n<p>za veriacich<\/td>\n<td style=\"text-align: center; vertical-align: middle;\"><\/td>\n<\/tr>\n<tr>\n<td style=\"text-align: center; vertical-align: middle;\">Pondelok 12.8.<\/td>\n<td style=\"text-align: center; vertical-align: middle;\">18:00<\/td>\n<td style=\"text-align: center; vertical-align: middle;\"><span style=\"color: #008000;\">Pondelok 19. t\u00fd\u017ed\u0148a v Cezro\u010dnom obdob\u00ed<\/span><\/td>\n<td style=\"text-align: center; vertical-align: middle;\">+ Pavol<\/td>\n<td style=\"text-align: center; vertical-align: middle;\"><\/td>\n<\/tr>\n<tr>\n<td style=\"text-align: center; vertical-align: middle;\">Utorok 13.8.<\/td>\n<td style=\"text-align: center; vertical-align: middle;\">18:00<\/td>\n<td style=\"text-align: center; vertical-align: middle;\"><span style=\"color: #008000;\">Utorok 19. t\u00fd\u017ed\u0148a v Cezro\u010dnom obdob\u00ed<\/span><\/td>\n<td style=\"text-align: center; vertical-align: middle;\">za deti<\/td>\n<td style=\"text-align: center; vertical-align: middle;\"><\/td>\n<\/tr>\n<tr>\n<td style=\"text-align: center; vertical-align: middle;\">Streda 14.8.<\/td>\n<td style=\"text-align: center; vertical-align: middle;\">7:00<\/td>\n<td style=\"text-align: center; vertical-align: middle;\"><span style=\"color: #ff0000;\">Sv\u00e4t\u00e9ho Maximili\u00e1na M\u00e1riu Kolbeho, k\u0148aza a mu\u010den\u00edka<\/span><\/p>\n<p><span style=\"color: #ff0000;\">spomienka<\/span><\/td>\n<td style=\"text-align: center; vertical-align: middle;\">+ Martin, Anna a Ot\u00edlia<\/td>\n<td style=\"text-align: center; vertical-align: middle;\"><\/td>\n<\/tr>\n<tr>\n<td style=\"text-align: center; vertical-align: middle;\">\u0160tvrtok 15.8.<\/td>\n<td style=\"text-align: center; vertical-align: middle;\"><strong>17:00<\/strong><\/p>\n<p>18:00<\/td>\n<td style=\"text-align: center; vertical-align: middle;\"><span style=\"color: #0000ff;\"><strong>Nanebovzatie preblahoslavenej Panny M\u00e1rie<\/strong><\/span><\/p>\n<p><span style=\"color: #0000ff;\">sl\u00e1vnos\u0165<\/span><\/p>\n<p><span style=\"color: #ff0000;\">Prik\u00e1zan\u00fd sviatok<\/span><\/td>\n<td style=\"text-align: center; vertical-align: middle;\"><strong>Bodice:<\/strong> na \u00famysel<\/p>\n<p>za veriacich<\/td>\n<td style=\"text-align: center; vertical-align: middle;\"><span style=\"color: #ff0000;\">Pri sv. om\u010diach po\u017eehnanie<br \/>\nbyl\u00edn a kvetov<\/span><\/td>\n<\/tr>\n<tr>\n<td style=\"text-align: center; vertical-align: middle;\">Piatok 16.8.<\/td>\n<td style=\"text-align: center; vertical-align: middle;\">18:00<\/td>\n<td style=\"text-align: center; vertical-align: middle;\"><span style=\"color: #008000;\">Piatok 19. t\u00fd\u017ed\u0148a v Cezro\u010dnom obdob\u00ed<\/span><\/td>\n<td style=\"text-align: center; vertical-align: middle;\">+ Vendel\u00edn a rodi\u010dia<\/td>\n<td style=\"text-align: center; vertical-align: middle;\"><\/td>\n<\/tr>\n<tr>\n<td style=\"text-align: center; vertical-align: middle;\">Sobota 17.8.<\/td>\n<td style=\"text-align: center; vertical-align: middle;\">8:00<\/td>\n<td style=\"text-align: center; vertical-align: middle;\"><span style=\"color: #0000ff;\">Preblahoslavenej Panny M\u00e1rie v sobotu<\/span><\/p>\n<p><span style=\"color: #0000ff;\">\u013eubovo\u013en\u00e1 spomienka<\/span><\/td>\n<td style=\"text-align: center; vertical-align: middle;\">+ J\u00e1n, August\u00edn a Roz\u00e1lia<\/td>\n<td style=\"text-align: center; vertical-align: middle;\"><\/td>\n<\/tr>\n<tr>\n<td style=\"text-align: center; vertical-align: middle;\"><strong>Nede\u013ea 18.8.<\/strong><\/td>\n<td style=\"text-align: center; vertical-align: middle;\">7:00<\/p>\n<p><strong>8:15<\/strong><\/p>\n<p>9:45<\/td>\n<td style=\"text-align: center; vertical-align: middle;\"><span style=\"color: #008000;\"><strong>20. nede\u013ea v Cezro\u010dnom obdob\u00ed<\/strong><\/span><\/td>\n<td style=\"text-align: center; vertical-align: middle;\">za zdravie a Bo\u017eie po\u017eehnanie Katar\u00edny<\/p>\n<p><strong>Bodice:<\/strong> na \u00famysel<\/p>\n<p>za veriacich<\/td>\n<td style=\"text-align: center; vertical-align: middle;\"><\/td>\n<\/tr>\n<\/tbody>\n<\/table>\n<\/div>\n<ul>\n<li>Mil\u00ed z\u00e1ujemcovia o farsk\u00fa p\u00fa\u0165 do Med\u017eugoria, na webovej str\u00e1nke farnosti boli <a href=\"http:\/\/www.paludzka.fara.sk\/?p=4738\">zverejnen\u00e9 nov\u00e9 inform\u00e1cie<\/a> t\u00fdkaj\u00face sa farskej p\u00fate a \u010fal\u0161\u00edch krokov, ktor\u00e9 s\u00fa potrebn\u00e9 pre definit\u00edvne potvrdenie prihl\u00e1senia. \u00a0S\u00fa\u010das\u0165ou s\u00fa inform\u00e1cie o programe, potrebn\u00fdch veciach na cestu a o sp\u00f4sobe platby za p\u00fa\u0165.<\/li>\n<li>v \u010dasoch bohoslu\u017eieb je mo\u017enos\u0165 parkovania \u00e1ut aj v are\u00e1li medzi kostolom a kaplnkou sv. J\u00e1na Nepomuck\u00e9ho.<\/li>\n<li>z pohrebu + Franti\u0161ka \u0160idlovsk\u00e9ho darovali na kostol v Bodiciach 50 \u20ac. Bohuzn\u00e1ma na kostol obetovala 50 \u20ac. P\u00e1n Boh zapla\u0165.<\/li>\n<li>o upratovanie kostola pros\u00edm rodiny Ku\u010derov\u00fa, Madliakov\u00fa, Adam\u010diakov\u00fa J., Pec\u00fachov\u00fa a Da\u0148ov\u00fa. Upratovanie bude v sobotu. P\u00e1n Boh zapla\u0165 za slu\u017ebu.<\/li>\n<\/ul>\n","protected":false},"excerpt":{"rendered":"<p>De\u0148 \u010cas Liturgick\u00fd kalend\u00e1r \u00damysel O\u010dak\u00e1vame Nede\u013ea 11.8. 7:00 8:15 9:45 19. nede\u013ea v Cezro\u010dnom obdob\u00ed + Jolka a Jozef Bodice: na \u00famysel za veriacich Pondelok 12.8. 18:00 Pondelok 19. t\u00fd\u017ed\u0148a v Cezro\u010dnom obdob\u00ed + Pavol Utorok 13.8. 18:00 Utorok 19. t\u00fd\u017ed\u0148a v Cezro\u010dnom obdob\u00ed za deti Streda 14.8. 7:00 Sv\u00e4t\u00e9ho Maximili\u00e1na M\u00e1riu Kolbeho, k\u0148aza [&hellip;]<\/p>\n","protected":false},"author":1,"featured_media":0,"comment_status":"closed","ping_status":"closed","sticky":false,"template":"","format":"standard","meta":{"_links_to":"","_links_to_target":""},"categories":[4,19],"tags":[],"_links":{"self":[{"href":"http:\/\/www.paludzka.fara.sk\/index.php?rest_route=\/wp\/v2\/posts\/4759"}],"collection":[{"href":"http:\/\/www.paludzka.fara.sk\/index.php?rest_route=\/wp\/v2\/posts"}],"about":[{"href":"http:\/\/www.paludzka.fara.sk\/index.php?rest_route=\/wp\/v2\/types\/post"}],"author":[{"embeddable":true,"href":"http:\/\/www.paludzka.fara.sk\/index.php?rest_route=\/wp\/v2\/users\/1"}],"replies":[{"embeddable":true,"href":"http:\/\/www.paludzka.fara.sk\/index.php?rest_route=%2Fwp%2Fv2%2Fcomments&post=4759"}],"version-history":[{"count":1,"href":"http:\/\/www.paludzka.fara.sk\/index.php?rest_route=\/wp\/v2\/posts\/4759\/revisions"}],"predecessor-version":[{"id":4761,"href":"http:\/\/www.paludzka.fara.sk\/index.php?rest_route=\/wp\/v2\/posts\/4759\/revisions\/4761"}],"wp:attachment":[{"href":"http:\/\/www.paludzka.fara.sk\/index.php?rest_route=%2Fwp%2Fv2%2Fmedia&parent=4759"}],"wp:term":[{"taxonomy":"category","embeddable":true,"href":"http:\/\/www.paludzka.fara.sk\/index.php?rest_route=%2Fwp%2Fv2%2Fcategories&post=4759"},{"taxonomy":"post_tag","embeddable":true,"href":"http:\/\/www.paludzka.fara.sk\/index.php?rest_route=%2Fwp%2Fv2%2Ftags&post=4759"}],"curies":[{"name":"wp","href":"https:\/\/api.w.org\/{rel}","templated":true}]}}