
{"id":4751,"date":"2024-08-04T00:00:34","date_gmt":"2024-08-03T22:00:34","guid":{"rendered":"http:\/\/www.paludzka.fara.sk\/?p=4751"},"modified":"2024-08-10T22:51:02","modified_gmt":"2024-08-10T20:51:02","slug":"farske-oznamy-4-8-4-8-2024","status":"publish","type":"post","link":"http:\/\/www.paludzka.fara.sk\/?p=4751","title":{"rendered":"Farsk\u00e9 oznamy 4.8.-11.8.2024"},"content":{"rendered":"<div class=\"table-responsive\">\n<table class=\"table table-bordered\">\n<thead>\n<tr>\n<th style=\"text-align: center; vertical-align: middle;\">De\u0148<\/th>\n<th style=\"text-align: center; vertical-align: middle;\">\u010cas<\/th>\n<th style=\"text-align: center; vertical-align: middle;\">Liturgick\u00fd kalend\u00e1r<\/th>\n<th style=\"text-align: center; vertical-align: middle;\">\u00damysel<\/th>\n<th style=\"text-align: center; vertical-align: middle;\">O\u010dak\u00e1vame<\/th>\n<\/tr>\n<\/thead>\n<tbody>\n<tr>\n<td style=\"text-align: center; vertical-align: middle;\"><strong>Nede\u013ea 4.8.<\/strong><\/td>\n<td style=\"text-align: center; vertical-align: middle;\">7:00<\/p>\n<p><strong>8:15<\/strong><\/p>\n<p><span style=\"color: #000000;\">9:45<\/span><\/td>\n<td style=\"text-align: center; vertical-align: middle;\"><span style=\"color: #008000;\"><strong>18. nede\u013ea v Cezro\u010dnom obdob\u00ed<\/strong><\/span><\/td>\n<td style=\"text-align: center; vertical-align: middle;\">za zdravie a Bo\u017eie po\u017eehnanie pre matku<\/p>\n<p><strong>Bodice:<\/strong> na \u00famysel<\/p>\n<p>za veriacich<\/td>\n<td style=\"text-align: center; vertical-align: middle;\"><\/td>\n<\/tr>\n<tr>\n<td style=\"text-align: center; vertical-align: middle;\">Pondelok 5.8.<\/td>\n<td style=\"text-align: center; vertical-align: middle;\">18:00<\/td>\n<td style=\"text-align: center; vertical-align: middle;\"><span style=\"color: #008000;\">Pondelok 18. t\u00fd\u017ed\u0148a v Cezro\u010dnom obdob\u00ed<\/span><\/td>\n<td style=\"text-align: center; vertical-align: middle;\">+ Peter a Zuzana<\/td>\n<td style=\"text-align: center; vertical-align: middle;\"><\/td>\n<\/tr>\n<tr>\n<td style=\"text-align: center; vertical-align: middle;\">Utorok 6.8.<\/td>\n<td style=\"text-align: center; vertical-align: middle;\"><span style=\"color: #ff0000;\">7:00<\/span><\/td>\n<td style=\"text-align: center; vertical-align: middle;\"><span style=\"color: #808000;\">Premenenie P\u00e1na<\/span><\/p>\n<p><span style=\"color: #808000;\">sviatok<\/span><\/td>\n<td style=\"text-align: center; vertical-align: middle;\">+ J\u00e1n a Marcela<\/td>\n<td style=\"text-align: center; vertical-align: middle;\"><\/td>\n<\/tr>\n<tr>\n<td style=\"text-align: center; vertical-align: middle;\">Streda 7.8.<\/td>\n<td style=\"text-align: center; vertical-align: middle;\"><\/td>\n<td style=\"text-align: center; vertical-align: middle;\"><span style=\"color: #008000;\">Streda 18. t\u00fd\u017ed\u0148a v Cezro\u010dnom obdob\u00ed<\/span><\/td>\n<td style=\"text-align: center; vertical-align: middle;\"><\/td>\n<td style=\"text-align: center; vertical-align: middle;\"><\/td>\n<\/tr>\n<tr>\n<td style=\"text-align: center; vertical-align: middle;\">\u0160tvrtok 8.8.<\/td>\n<td style=\"text-align: center; vertical-align: middle;\"><\/td>\n<td style=\"text-align: center; vertical-align: middle;\"><span style=\"color: #808000;\">Sv\u00e4t\u00e9ho Dominika, k\u0148aza<\/span><\/p>\n<p><span style=\"color: #808000;\">spomienka<\/span><\/td>\n<td style=\"text-align: center; vertical-align: middle;\"><\/td>\n<td style=\"text-align: center; vertical-align: middle;\"><\/td>\n<\/tr>\n<tr>\n<td style=\"text-align: center; vertical-align: middle;\">Piatok 9.8.<\/td>\n<td style=\"text-align: center; vertical-align: middle;\"><\/td>\n<td style=\"text-align: center; vertical-align: middle;\"><span style=\"color: #ff0000;\">Sv\u00e4tej Ter\u00e9zie Benedikty od Kr\u00ed\u017ea, <\/span><br \/>\n<span style=\"color: #ff0000;\">panny a mu\u010denice, patr\u00f3nky Eur\u00f3py<\/span><span style=\"color: #ff0000;\">sviatok<\/span><\/td>\n<td style=\"text-align: center; vertical-align: middle;\"><\/td>\n<td style=\"text-align: center; vertical-align: middle;\"><\/td>\n<\/tr>\n<tr>\n<td style=\"text-align: center; vertical-align: middle;\">Sobota 10.8.<\/td>\n<td style=\"text-align: center; vertical-align: middle;\">8:00<\/td>\n<td style=\"text-align: center; vertical-align: middle;\"><span style=\"color: #ff0000;\">Sv\u00e4t\u00e9ho Vavrinca, diakona a mu\u010den\u00edka<\/span><\/p>\n<p><span style=\"color: #ff0000;\">sviatok<\/span><\/td>\n<td style=\"text-align: center; vertical-align: middle;\">+ Anton Ko\u017e\u00e1k<\/td>\n<td style=\"text-align: center; vertical-align: middle;\"><\/td>\n<\/tr>\n<tr>\n<td style=\"text-align: center; vertical-align: middle;\"><strong>Nede\u013ea 11.8.<\/strong><\/td>\n<td style=\"text-align: center; vertical-align: middle;\">7:00<\/p>\n<p><strong>8:15<\/strong><\/p>\n<p>9:45<\/td>\n<td style=\"text-align: center; vertical-align: middle;\"><span style=\"color: #008000;\"><strong>19. nede\u013ea v Cezro\u010dnom obdob\u00ed<\/strong><\/span><\/td>\n<td style=\"text-align: center; vertical-align: middle;\">+ Jolka a Jozef<\/p>\n<p><strong>Bodice:<\/strong> na \u00famysel<\/p>\n<p>za veriacich<\/td>\n<td style=\"text-align: center; vertical-align: middle;\"><\/td>\n<\/tr>\n<\/tbody>\n<\/table>\n<\/div>\n<ul>\n<li>Mil\u00ed z\u00e1ujemcovia o farsk\u00fa p\u00fa\u0165 do Med\u017eugoria, na webovej str\u00e1nke farnosti boli <a href=\"http:\/\/www.paludzka.fara.sk\/?p=4738\">zverejnen\u00e9 nov\u00e9 inform\u00e1cie<\/a> t\u00fdkaj\u00face sa farskej p\u00fate a \u010fal\u0161\u00edch krokov, ktor\u00e9 s\u00fa potrebn\u00e9 pre definit\u00edvne potvrdenie prihl\u00e1senia. \u00a0S\u00fa\u010das\u0165ou s\u00fa inform\u00e1cie o programe, potrebn\u00fdch veciach na cestu a o sp\u00f4sobe platby za p\u00fa\u0165.<\/li>\n<li>od bud\u00facej nedele bude mo\u017enos\u0165 parkovania \u00e1ut v \u010dasoch bohoslu\u017eieb aj v are\u00e1li medzi kostolom a kaplnkou sv. J\u00e1na Nepomuck\u00e9ho.<\/li>\n<li>z krstu Lindy Bajsovej darovali na kostol 20 \u20ac. Bohuzn\u00e1ma na kostol obetovala 100 \u20ac. P\u00e1n Boh zapla\u0165.<\/li>\n<li>o upratovanie kostola pros\u00edm rodiny Hri\u010d\u00e1kov\u00fa, Dia\u010dikov\u00fa, Korman\u00edkov\u00fa a S\u00e1lusov\u00fa. Upratovanie bude v sobotu. P\u00e1n Boh zapla\u0165 za slu\u017ebu.<\/li>\n<\/ul>\n","protected":false},"excerpt":{"rendered":"<p>De\u0148 \u010cas Liturgick\u00fd kalend\u00e1r \u00damysel O\u010dak\u00e1vame Nede\u013ea 4.8. 7:00 8:15 9:45 18. nede\u013ea v Cezro\u010dnom obdob\u00ed za zdravie a Bo\u017eie po\u017eehnanie pre matku Bodice: na \u00famysel za veriacich Pondelok 5.8. 18:00 Pondelok 18. t\u00fd\u017ed\u0148a v Cezro\u010dnom obdob\u00ed + Peter a Zuzana Utorok 6.8. 7:00 Premenenie P\u00e1na sviatok + J\u00e1n a Marcela Streda 7.8. Streda 18. [&hellip;]<\/p>\n","protected":false},"author":1,"featured_media":0,"comment_status":"closed","ping_status":"closed","sticky":false,"template":"","format":"standard","meta":{"_links_to":"","_links_to_target":""},"categories":[4,19],"tags":[],"_links":{"self":[{"href":"http:\/\/www.paludzka.fara.sk\/index.php?rest_route=\/wp\/v2\/posts\/4751"}],"collection":[{"href":"http:\/\/www.paludzka.fara.sk\/index.php?rest_route=\/wp\/v2\/posts"}],"about":[{"href":"http:\/\/www.paludzka.fara.sk\/index.php?rest_route=\/wp\/v2\/types\/post"}],"author":[{"embeddable":true,"href":"http:\/\/www.paludzka.fara.sk\/index.php?rest_route=\/wp\/v2\/users\/1"}],"replies":[{"embeddable":true,"href":"http:\/\/www.paludzka.fara.sk\/index.php?rest_route=%2Fwp%2Fv2%2Fcomments&post=4751"}],"version-history":[{"count":2,"href":"http:\/\/www.paludzka.fara.sk\/index.php?rest_route=\/wp\/v2\/posts\/4751\/revisions"}],"predecessor-version":[{"id":4760,"href":"http:\/\/www.paludzka.fara.sk\/index.php?rest_route=\/wp\/v2\/posts\/4751\/revisions\/4760"}],"wp:attachment":[{"href":"http:\/\/www.paludzka.fara.sk\/index.php?rest_route=%2Fwp%2Fv2%2Fmedia&parent=4751"}],"wp:term":[{"taxonomy":"category","embeddable":true,"href":"http:\/\/www.paludzka.fara.sk\/index.php?rest_route=%2Fwp%2Fv2%2Fcategories&post=4751"},{"taxonomy":"post_tag","embeddable":true,"href":"http:\/\/www.paludzka.fara.sk\/index.php?rest_route=%2Fwp%2Fv2%2Ftags&post=4751"}],"curies":[{"name":"wp","href":"https:\/\/api.w.org\/{rel}","templated":true}]}}