
{"id":4719,"date":"2024-07-28T00:00:19","date_gmt":"2024-07-27T22:00:19","guid":{"rendered":"http:\/\/www.paludzka.fara.sk\/?p=4719"},"modified":"2024-07-27T23:43:14","modified_gmt":"2024-07-27T21:43:14","slug":"farske-oznamy-28-7-4-8-2024","status":"publish","type":"post","link":"http:\/\/www.paludzka.fara.sk\/?p=4719","title":{"rendered":"Farsk\u00e9 oznamy 28.7.-4.8.2024"},"content":{"rendered":"<div class=\"table-responsive\">\n<table class=\"table table-bordered\">\n<thead>\n<tr>\n<th style=\"text-align: center; vertical-align: middle;\">De\u0148<\/th>\n<th style=\"text-align: center; vertical-align: middle;\">\u010cas<\/th>\n<th style=\"text-align: center; vertical-align: middle;\">Liturgick\u00fd kalend\u00e1r<\/th>\n<th style=\"text-align: center; vertical-align: middle;\">\u00damysel<\/th>\n<th style=\"text-align: center; vertical-align: middle;\">O\u010dak\u00e1vame<\/th>\n<\/tr>\n<\/thead>\n<tbody>\n<tr>\n<td style=\"text-align: center; vertical-align: middle;\"><strong>Nede\u013ea 28.7.<\/strong><\/td>\n<td style=\"text-align: center; vertical-align: middle;\">7:00<\/p>\n<p><strong>8:15<\/strong><\/p>\n<p><span style=\"color: #000000;\">9:45<\/span><\/td>\n<td style=\"text-align: center; vertical-align: middle;\"><span style=\"color: #008000;\"><strong>17. nede\u013ea v Cezro\u010dnom obdob\u00ed<\/strong><\/span><\/td>\n<td style=\"text-align: center; vertical-align: middle;\">za zdravie Zuzany a pokoj v rodine<\/p>\n<p><strong>Bodice:<\/strong> na \u00famysel<\/p>\n<p>za veriacich<\/td>\n<td style=\"text-align: center; vertical-align: middle;\">4. svetov\u00fd de\u0148 star\u00fdch rodi\u010dov a seniorov<\/td>\n<\/tr>\n<tr>\n<td style=\"text-align: center; vertical-align: middle;\">Pondelok 29.7.<\/td>\n<td style=\"text-align: center; vertical-align: middle;\">18:00<\/td>\n<td style=\"text-align: center; vertical-align: middle;\"><span style=\"color: #808000;\">Sv\u00e4t\u00fdch Marty, M\u00e1rie a Laz\u00e1ra<\/span><\/p>\n<p><span style=\"color: #808000;\">spomienka<\/span><\/td>\n<td style=\"text-align: center; vertical-align: middle;\">+ Zdeno<\/td>\n<td style=\"text-align: center; vertical-align: middle;\">vysluhovanie sv. zmierenia od 17:30<\/td>\n<\/tr>\n<tr>\n<td style=\"text-align: center; vertical-align: middle;\">Utorok 30.7.<\/td>\n<td style=\"text-align: center; vertical-align: middle;\">18:00<\/td>\n<td style=\"text-align: center; vertical-align: middle;\"><span style=\"color: #ff0000;\">Blahoslavenej Zdenky Cec\u00edlie Schelingovej, <\/span><br \/>\n<span style=\"color: #ff0000;\">panny a mu\u010denice<\/span><\/p>\n<p><span style=\"color: #ff0000;\">\u013eubovo\u013en\u00e1 spomienka<\/span><\/td>\n<td style=\"text-align: center; vertical-align: middle;\">+ Jozef<\/td>\n<td style=\"text-align: center; vertical-align: middle;\">vysluhovanie sv. zmierenia od 17:30<\/td>\n<\/tr>\n<tr>\n<td style=\"text-align: center; vertical-align: middle;\">Streda 31.7.<\/td>\n<td style=\"text-align: center; vertical-align: middle;\">7:00<\/td>\n<td style=\"text-align: center; vertical-align: middle;\"><span style=\"color: #808000;\">Sv\u00e4t\u00e9ho Ign\u00e1ca z Loyoly, k\u0148aza<\/span><\/p>\n<p><span style=\"color: #808000;\">spomienka<\/span><\/td>\n<td style=\"text-align: center; vertical-align: middle;\">za zdravie a Bo\u017eiu pomoc pre Anast\u00e1ziu<\/td>\n<td style=\"text-align: center; vertical-align: middle;\"><\/td>\n<\/tr>\n<tr>\n<td style=\"text-align: center; vertical-align: middle;\">\u0160tvrtok 1.8.<\/td>\n<td style=\"text-align: center; vertical-align: middle;\"><span style=\"color: #000000;\">18:00<\/span><\/td>\n<td style=\"text-align: center; vertical-align: middle;\"><span style=\"color: #808000;\">Sv\u00e4t\u00e9ho Alfonza M\u00e1riu de\u2019 Liguori, <\/span><br \/>\n<span style=\"color: #808000;\">biskupa a u\u010dite\u013ea Cirkvi<\/span><\/p>\n<p><span style=\"color: #808000;\">spomienka<\/span><\/td>\n<td style=\"text-align: center; vertical-align: middle;\">+ M\u00e1riu Bebejov\u00fa za sp\u00e1su jej du\u0161e<\/td>\n<td style=\"text-align: center; vertical-align: middle;\">Prv\u00fd \u0161tvrtok v\u00a0mesiaci.<br \/>\nDe\u0148 modlitieb za duchovn\u00e9 povolania.<br \/>\nAdor\u00e1cia od 17:00.<br \/>\nVysluhovanie sv. zmierenia od 17:00.<\/td>\n<\/tr>\n<tr>\n<td style=\"text-align: center; vertical-align: middle;\">Piatok 2.8.<\/td>\n<td style=\"text-align: center; vertical-align: middle;\"><strong>17:00<\/strong><\/p>\n<p>18:00<\/td>\n<td style=\"text-align: center; vertical-align: middle;\"><span style=\"color: #808000;\">O Najsv\u00e4tej\u0161om Srdci Je\u017ei\u0161ovom<\/span><\/p>\n<p><span style=\"color: #ff0000;\">Prv\u00fd piatok<\/span><\/td>\n<td style=\"text-align: center; vertical-align: middle;\"><strong>Bodice:<\/strong> na \u00famysel<\/p>\n<p>za zdravie a Bo\u017eiu pomoc pre rodinu<\/td>\n<td style=\"text-align: center; vertical-align: middle;\">N\u00e1v\u0161teva chor\u00fdch od 8:00<br \/>\n<strong>Bodice:<\/strong> sv. zmierenia od 16:15<\/td>\n<\/tr>\n<tr>\n<td style=\"text-align: center; vertical-align: middle;\">Sobota 3.8.<\/td>\n<td style=\"text-align: center; vertical-align: middle;\">8:00<\/td>\n<td style=\"text-align: center; vertical-align: middle;\"><span style=\"color: #0000ff;\">Preblahoslavenej Panny M\u00e1rie v sobotu<\/span><\/p>\n<p><span style=\"color: #0000ff;\">\u013eubovo\u013en\u00e1 spomienka<\/span><\/td>\n<td style=\"text-align: center; vertical-align: middle;\">+ Milan a Peter<\/td>\n<td style=\"text-align: center; vertical-align: middle;\">7:30 Fatimsk\u00e1 pobo\u017enos\u0165<\/td>\n<\/tr>\n<tr>\n<td style=\"text-align: center; vertical-align: middle;\"><strong>Nede\u013ea 4.8.<\/strong><\/td>\n<td style=\"text-align: center; vertical-align: middle;\">7:00<\/p>\n<p><strong>8:15<\/strong><\/p>\n<p>9:45<\/td>\n<td style=\"text-align: center; vertical-align: middle;\"><span style=\"color: #008000;\"><strong>18. nede\u013ea v Cezro\u010dnom obdob\u00ed<\/strong><\/span><\/td>\n<td style=\"text-align: center; vertical-align: middle;\">za zdravie a Bo\u017eie po\u017eehnanie pre matku<\/p>\n<p><strong>Bodice:<\/strong> na \u00famysel<\/p>\n<p>za veriacich<\/td>\n<td style=\"text-align: center; vertical-align: middle;\"><\/td>\n<\/tr>\n<\/tbody>\n<\/table>\n<\/div>\n<ul>\n<li>dnes je 4. svetov\u00fd de\u0148 star\u00fdch rodi\u010dov a seniorov, ktor\u00fd ustanovil p\u00e1pe\u017e Franti\u0161ek. Nazval ho \u201esviatkom stretnutia\u201c, ktor\u00e9 m\u00e1 prehlbova\u0165 puto medzi star\u00fdmi rodi\u010dmi, de\u0165mi a vn\u00fa\u010datami, medzi man\u017eelmi v rokoch alebo medzi mlad\u00fdmi a seniormi.<\/li>\n<li>v piatok 2.8.2024 m\u00f4\u017eeme vo farsk\u00fdch a katedr\u00e1lnych kostoloch z\u00edska\u0165 \u00faplne odpustky \u201cPorciunkuly\u201d. Okrem z\u00e1kladn\u00fdch podmienok &#8211; sv\u00e4t\u00e1 spove\u010f kr\u00e1tko pred t\u00fdm, sv\u00e4t\u00e9 prij\u00edmanie a modlitby na \u00famysel Sv\u00e4t\u00e9ho otca &#8211; je potrebn\u00e9 nav\u0161t\u00edvi\u0165 farsk\u00fd, franti\u0161k\u00e1nsky alebo katedr\u00e1lny kostol, pomodli\u0165 sa Modlitbu P\u00e1na a Vyznanie viery.<\/li>\n<li>Ru\u017eencov\u00e9 spolo\u010denstvo obetovalo na kostol 200 \u20ac, Bohuzn\u00e1my z Oravy daroval na kostol 2 000 \u20ac. P\u00e1n Boh zapla\u0165 a po\u017eehnaj.<\/li>\n<li>o upratovanie kostola pros\u00edm rodiny Jantol\u00e1kov\u00fa, Kov\u00e1\u010dov\u00fa, Slafkovsk\u00fa a Ko\u0161\u00fatov\u00fa. Upratovanie bude v sobotu. P\u00e1n Boh zapla\u0165 za slu\u017ebu.<\/li>\n<\/ul>\n","protected":false},"excerpt":{"rendered":"<p>De\u0148 \u010cas Liturgick\u00fd kalend\u00e1r \u00damysel O\u010dak\u00e1vame Nede\u013ea 28.7. 7:00 8:15 9:45 17. nede\u013ea v Cezro\u010dnom obdob\u00ed za zdravie Zuzany a pokoj v rodine Bodice: na \u00famysel za veriacich 4. svetov\u00fd de\u0148 star\u00fdch rodi\u010dov a seniorov Pondelok 29.7. 18:00 Sv\u00e4t\u00fdch Marty, M\u00e1rie a Laz\u00e1ra spomienka + Zdeno vysluhovanie sv. zmierenia od 17:30 Utorok 30.7. 18:00 Blahoslavenej [&hellip;]<\/p>\n","protected":false},"author":1,"featured_media":0,"comment_status":"closed","ping_status":"closed","sticky":false,"template":"","format":"standard","meta":{"_links_to":"","_links_to_target":""},"categories":[4,19],"tags":[],"_links":{"self":[{"href":"http:\/\/www.paludzka.fara.sk\/index.php?rest_route=\/wp\/v2\/posts\/4719"}],"collection":[{"href":"http:\/\/www.paludzka.fara.sk\/index.php?rest_route=\/wp\/v2\/posts"}],"about":[{"href":"http:\/\/www.paludzka.fara.sk\/index.php?rest_route=\/wp\/v2\/types\/post"}],"author":[{"embeddable":true,"href":"http:\/\/www.paludzka.fara.sk\/index.php?rest_route=\/wp\/v2\/users\/1"}],"replies":[{"embeddable":true,"href":"http:\/\/www.paludzka.fara.sk\/index.php?rest_route=%2Fwp%2Fv2%2Fcomments&post=4719"}],"version-history":[{"count":4,"href":"http:\/\/www.paludzka.fara.sk\/index.php?rest_route=\/wp\/v2\/posts\/4719\/revisions"}],"predecessor-version":[{"id":4723,"href":"http:\/\/www.paludzka.fara.sk\/index.php?rest_route=\/wp\/v2\/posts\/4719\/revisions\/4723"}],"wp:attachment":[{"href":"http:\/\/www.paludzka.fara.sk\/index.php?rest_route=%2Fwp%2Fv2%2Fmedia&parent=4719"}],"wp:term":[{"taxonomy":"category","embeddable":true,"href":"http:\/\/www.paludzka.fara.sk\/index.php?rest_route=%2Fwp%2Fv2%2Fcategories&post=4719"},{"taxonomy":"post_tag","embeddable":true,"href":"http:\/\/www.paludzka.fara.sk\/index.php?rest_route=%2Fwp%2Fv2%2Ftags&post=4719"}],"curies":[{"name":"wp","href":"https:\/\/api.w.org\/{rel}","templated":true}]}}