
{"id":470,"date":"2018-04-29T00:00:57","date_gmt":"2018-04-28T22:00:57","guid":{"rendered":"http:\/\/www.paludzka.fara.sk\/?p=470"},"modified":"2018-04-28T23:32:41","modified_gmt":"2018-04-28T21:32:41","slug":"farske-oznamy-29-4-6-5-2018","status":"publish","type":"post","link":"http:\/\/www.paludzka.fara.sk\/?p=470","title":{"rendered":"Farsk\u00e9 oznamy 29.4.-6.5.2018"},"content":{"rendered":"<h3 style=\"text-align: center;\">Liturgick\u00fd preh\u013ead a program bohoslu\u017eieb na t\u00fd\u017ede\u0148 29.4. &#8211; 6.5. 2018<\/h3>\n<p><strong>Oznamy pre farsk\u00fd kostol:<\/strong><\/p>\n<div class=\"table-responsive\">\n<table class=\"table table-bordered\">\n<thead>\n<tr>\n<th style=\"text-align: center;\">d\u00e1tum<\/th>\n<th style=\"text-align: center;\">sv. om\u0161a<\/th>\n<th style=\"text-align: center;\">liturgick\u00fd de\u0148<\/th>\n<th style=\"text-align: center;\">\u00famysel<\/th>\n<\/tr>\n<\/thead>\n<tbody>\n<tr>\n<td style=\"text-align: center;\"><strong>Nede\u013ea 29.4.<\/strong><\/td>\n<td style=\"text-align: center;\"><strong>9:30<\/strong><\/td>\n<td style=\"text-align: center;\"><strong>5. ve\u013ekono\u010dn\u00e1 nede\u013ea<\/strong><\/td>\n<td style=\"text-align: center;\"><strong>za farnos\u0165<\/strong><\/td>\n<\/tr>\n<tr>\n<td style=\"text-align: center;\">Pondelok 30.4.<\/td>\n<td style=\"text-align: center;\">18:00<\/td>\n<td style=\"text-align: center;\">Pondelok po 5. ve\u013ekono\u010dnej nedeli<\/td>\n<td style=\"text-align: center;\">na \u00famysel<\/td>\n<\/tr>\n<tr>\n<td style=\"text-align: center;\">Utorok 1.5.<\/td>\n<td style=\"text-align: center;\"><strong>07:00<\/strong><\/td>\n<td style=\"text-align: center;\">Utorok po 5. ve\u013ekono\u010dnej nedeli<\/td>\n<td style=\"text-align: center;\">+ Daniel, Andrea<\/td>\n<\/tr>\n<tr>\n<td style=\"text-align: center;\">Streda 2.5.<\/td>\n<td style=\"text-align: center;\">18:00<\/td>\n<td style=\"text-align: center;\">Sv\u00e4t\u00e9ho Atan\u00e1za, biskupa a u\u010dite\u013ea Cirkvi<\/td>\n<td style=\"text-align: center;\">+ Jozef, Eduard<\/td>\n<\/tr>\n<tr>\n<td style=\"text-align: center;\">\u0160tvrtok 3.5.<\/td>\n<td style=\"text-align: center;\">07:00<\/td>\n<td style=\"text-align: center;\"><em>Sv\u00e4t\u00fdch Filipa a Jakuba, apo\u0161tolov<\/em><\/td>\n<td style=\"text-align: center;\">na \u00famysel<\/td>\n<\/tr>\n<tr>\n<td style=\"text-align: center;\">Piatok 4.5.<\/td>\n<td style=\"text-align: center;\">18:00<\/td>\n<td style=\"text-align: center;\">Piatok po 5. ve\u013ekono\u010dnej nedeli<\/td>\n<td style=\"text-align: center;\">+ Al\u017ebeta<\/td>\n<\/tr>\n<tr>\n<td style=\"text-align: center;\">Sobota 5.5.<\/td>\n<td style=\"text-align: center;\">8:00<\/td>\n<td style=\"text-align: center;\">Sobota po 5. ve\u013ekono\u010dnej nedeli<\/td>\n<td style=\"text-align: center;\">na \u00famysel<\/td>\n<\/tr>\n<tr>\n<td style=\"text-align: center;\"><strong>Nede\u013ea 6.5.<\/strong><\/td>\n<td style=\"text-align: center;\"><strong>9:30<\/strong><\/td>\n<td style=\"text-align: center;\"><strong>6. ve\u013ekono\u010dn\u00e1 nede\u013ea<\/strong><\/td>\n<td style=\"text-align: center;\"><b>za farnos\u0165<\/b><\/td>\n<\/tr>\n<\/tbody>\n<\/table>\n<\/div>\n<p><strong>Oznamy pre fili\u00e1lku Bodice:<\/strong><\/p>\n<div class=\"table-responsive\">\n<table class=\"table table-bordered\">\n<thead>\n<tr>\n<th style=\"text-align: center;\">d\u00e1tum<\/th>\n<th style=\"text-align: center;\">sv. om\u0161a<\/th>\n<th style=\"text-align: center;\">liturgick\u00fd de\u0148<\/th>\n<\/tr>\n<\/thead>\n<tbody>\n<tr>\n<td style=\"text-align: center;\"><strong>Nede\u013ea 29.4.<\/strong><\/td>\n<td style=\"text-align: center;\"><b>8:00<\/b><\/td>\n<td style=\"text-align: center;\"><strong>5. ve\u013ekono\u010dn\u00e1 nede\u013ea<\/strong><\/td>\n<\/tr>\n<tr>\n<td style=\"text-align: center;\">Piatok 4.5.<\/td>\n<td style=\"text-align: center;\">17:00<\/td>\n<td style=\"text-align: center;\">Piatok po 5. ve\u013ekono\u010dnej nedeli<\/td>\n<\/tr>\n<tr>\n<td style=\"text-align: center;\"><strong>Nede\u013ea 6.5.<\/strong><\/td>\n<td style=\"text-align: center;\"><strong style=\"font-family: inherit; font-size: inherit;\">8:00<\/strong><\/td>\n<td style=\"text-align: center;\"><strong>6. ve\u013ekono\u010dn\u00e1 nede\u013ea<\/strong><\/td>\n<\/tr>\n<\/tbody>\n<\/table>\n<ul>\n<li>v tomto t\u00fd\u017edni je 1. piatok v\u00a0mesiaci m\u00e1j. Spovedanie v\u00a0Pal\u00fadzke bude v pondelok a stredu 17-18:00 a v piatok 14-16:00. V Bodiciach v piatok\u00a016:30-17:00.<\/li>\n<li>stretnutie det\u00ed, ktor\u00e9 id\u00fa na 1. sv\u00e4t\u00e9 prij\u00edmanie, bude v\u00a0piatok po sv\u00e4tej om\u0161i<\/li>\n<li>v mesiaci m\u00e1ji sa budeme stret\u00e1va\u0165 pri m\u00e1jov\u00fdch pobo\u017enostiach. Za\u010diatok je 10 min\u00fat pred ka\u017edou ve\u010dernou sv\u00e4tou om\u0161ou.<\/li>\n<li>upratovanie kostola v tomto t\u00fd\u017edni: Koh\u00fatov\u00e1, Bla\u0161t\u00edkov\u00e1, \u010con\u010dolov\u00e1, Baranov\u00e1. P\u00e1n Boh zapla\u0165 za v\u00e1\u0161 \u010das a obetu.<\/li>\n<\/ul>\n<\/div>\n","protected":false},"excerpt":{"rendered":"<p>Liturgick\u00fd preh\u013ead a program bohoslu\u017eieb na t\u00fd\u017ede\u0148 29.4. &#8211; 6.5. 2018 Oznamy pre farsk\u00fd kostol: d\u00e1tum sv. om\u0161a liturgick\u00fd de\u0148 \u00famysel Nede\u013ea 29.4. 9:30 5. ve\u013ekono\u010dn\u00e1 nede\u013ea za farnos\u0165 Pondelok 30.4. 18:00 Pondelok po 5. ve\u013ekono\u010dnej nedeli na \u00famysel Utorok 1.5. 07:00 Utorok po 5. ve\u013ekono\u010dnej nedeli + Daniel, Andrea Streda 2.5. 18:00 Sv\u00e4t\u00e9ho Atan\u00e1za, [&hellip;]<\/p>\n","protected":false},"author":1,"featured_media":0,"comment_status":"open","ping_status":"open","sticky":false,"template":"","format":"standard","meta":{"_links_to":"","_links_to_target":""},"categories":[4,19],"tags":[],"_links":{"self":[{"href":"http:\/\/www.paludzka.fara.sk\/index.php?rest_route=\/wp\/v2\/posts\/470"}],"collection":[{"href":"http:\/\/www.paludzka.fara.sk\/index.php?rest_route=\/wp\/v2\/posts"}],"about":[{"href":"http:\/\/www.paludzka.fara.sk\/index.php?rest_route=\/wp\/v2\/types\/post"}],"author":[{"embeddable":true,"href":"http:\/\/www.paludzka.fara.sk\/index.php?rest_route=\/wp\/v2\/users\/1"}],"replies":[{"embeddable":true,"href":"http:\/\/www.paludzka.fara.sk\/index.php?rest_route=%2Fwp%2Fv2%2Fcomments&post=470"}],"version-history":[{"count":2,"href":"http:\/\/www.paludzka.fara.sk\/index.php?rest_route=\/wp\/v2\/posts\/470\/revisions"}],"predecessor-version":[{"id":472,"href":"http:\/\/www.paludzka.fara.sk\/index.php?rest_route=\/wp\/v2\/posts\/470\/revisions\/472"}],"wp:attachment":[{"href":"http:\/\/www.paludzka.fara.sk\/index.php?rest_route=%2Fwp%2Fv2%2Fmedia&parent=470"}],"wp:term":[{"taxonomy":"category","embeddable":true,"href":"http:\/\/www.paludzka.fara.sk\/index.php?rest_route=%2Fwp%2Fv2%2Fcategories&post=470"},{"taxonomy":"post_tag","embeddable":true,"href":"http:\/\/www.paludzka.fara.sk\/index.php?rest_route=%2Fwp%2Fv2%2Ftags&post=470"}],"curies":[{"name":"wp","href":"https:\/\/api.w.org\/{rel}","templated":true}]}}