
{"id":4656,"date":"2024-07-14T00:00:07","date_gmt":"2024-07-13T22:00:07","guid":{"rendered":"http:\/\/www.paludzka.fara.sk\/?p=4656"},"modified":"2024-07-13T11:22:46","modified_gmt":"2024-07-13T09:22:46","slug":"farske-oznamy-14-7-21-7-2024","status":"publish","type":"post","link":"http:\/\/www.paludzka.fara.sk\/?p=4656","title":{"rendered":"Farsk\u00e9 oznamy 14.7.-21.7.2024"},"content":{"rendered":"<div class=\"table-responsive\">\n<table class=\"table table-bordered\">\n<thead>\n<tr>\n<th style=\"text-align: center; vertical-align: middle;\">De\u0148<\/th>\n<th style=\"text-align: center; vertical-align: middle;\">\u010cas<\/th>\n<th style=\"text-align: center; vertical-align: middle;\">Liturgick\u00fd kalend\u00e1r<\/th>\n<th style=\"text-align: center; vertical-align: middle;\">\u00damysel<\/th>\n<th style=\"text-align: center; vertical-align: middle;\">O\u010dak\u00e1vame<\/th>\n<\/tr>\n<\/thead>\n<tbody>\n<tr>\n<td style=\"text-align: center; vertical-align: middle;\"><strong>Nede\u013ea 14.7.<\/strong><\/td>\n<td style=\"text-align: center; vertical-align: middle;\">7:00<\/p>\n<p><strong>8:15<\/strong><\/p>\n<p><span style=\"color: #000000;\">9:45<\/span><\/td>\n<td style=\"text-align: center; vertical-align: middle;\"><span style=\"color: #008000;\"><strong>15. nede\u013ea v Cezro\u010dnom obdob\u00ed<\/strong><\/span><\/td>\n<td style=\"text-align: center; vertical-align: middle;\">za veriacich<\/p>\n<p><span style=\"font-family: inherit; font-size: inherit;\"><strong>Bodice:<\/strong> na \u00famysel<\/span><\/p>\n<p>za zdravie a Bo\u017eie po\u017eehnanie rodiny Go\u0148ovej<\/td>\n<td style=\"text-align: center; vertical-align: middle;\"><\/td>\n<\/tr>\n<tr>\n<td style=\"text-align: center; vertical-align: middle;\">Pondelok 15.7.<\/td>\n<td style=\"text-align: center; vertical-align: middle;\"><\/td>\n<td style=\"text-align: center; vertical-align: middle;\"><span style=\"color: #808000;\">Sv\u00e4t\u00e9ho Bonavent\u00faru, biskupa a u\u010dite\u013ea Cirkvi<\/span><\/p>\n<p><span style=\"color: #808000;\">spomienka<\/span><\/td>\n<td style=\"text-align: center; vertical-align: middle;\"><\/td>\n<td style=\"text-align: center; vertical-align: middle;\"><\/td>\n<\/tr>\n<tr>\n<td style=\"text-align: center; vertical-align: middle;\">Utorok 16.7.<\/td>\n<td style=\"text-align: center; vertical-align: middle;\"><\/td>\n<td style=\"text-align: center; vertical-align: middle;\"><span style=\"color: #0000ff;\">Preblahoslavenej Panny M\u00e1rie Karmelskej<\/span><\/p>\n<p><span style=\"color: #0000ff;\">\u013eubovo\u013en\u00e1 spomienka<\/span><\/td>\n<td style=\"text-align: center; vertical-align: middle;\"><\/td>\n<td style=\"text-align: center; vertical-align: middle;\"><\/td>\n<\/tr>\n<tr>\n<td style=\"text-align: center; vertical-align: middle;\">Streda 17.7.<\/td>\n<td style=\"text-align: center; vertical-align: middle;\"><\/td>\n<td style=\"text-align: center; vertical-align: middle;\"><span style=\"color: #808000;\">Sv\u00e4t\u00fdch Andreja-Svorada a Be\u0148adika, pustovn\u00edkov<\/span><\/p>\n<p><span style=\"color: #808000;\">spomienka<\/span><\/td>\n<td style=\"text-align: center; vertical-align: middle;\"><\/td>\n<td style=\"text-align: center; vertical-align: middle;\"><\/td>\n<\/tr>\n<tr>\n<td style=\"text-align: center; vertical-align: middle;\">\u0160tvrtok 18.7.<\/td>\n<td style=\"text-align: center; vertical-align: middle;\"><span style=\"color: #000000;\">18:00<\/span><\/td>\n<td style=\"text-align: center; vertical-align: middle;\"><span style=\"color: #008000;\">\u0160tvrtok 15. t\u00fd\u017ed\u0148a v Cezro\u010dnom obdob\u00ed<\/span><\/td>\n<td style=\"text-align: center; vertical-align: middle;\">+ Alad\u00e1r Bal\u00e1\u017e<\/td>\n<td style=\"text-align: center; vertical-align: middle;\"><\/td>\n<\/tr>\n<tr>\n<td style=\"text-align: center; vertical-align: middle;\">Piatok 19.7.<\/td>\n<td style=\"text-align: center; vertical-align: middle;\"><\/td>\n<td style=\"text-align: center; vertical-align: middle;\"><span style=\"color: #008000;\">Piatok 15. t\u00fd\u017ed\u0148a v Cezro\u010dnom obdob\u00ed<\/span><\/td>\n<td style=\"text-align: center; vertical-align: middle;\"><\/td>\n<td style=\"text-align: center; vertical-align: middle;\"><\/td>\n<\/tr>\n<tr>\n<td style=\"text-align: center; vertical-align: middle;\">Sobota 20.7.<\/td>\n<td style=\"text-align: center; vertical-align: middle;\"><\/td>\n<td style=\"text-align: center; vertical-align: middle;\"><span style=\"color: #0000ff;\">Preblahoslavenej Panny M\u00e1rie v sobotu<\/span><\/p>\n<p><span style=\"color: #0000ff;\">\u013eubovo\u013en\u00e1 spomienka<\/span><\/td>\n<td style=\"text-align: center; vertical-align: middle;\"><\/td>\n<td style=\"text-align: center; vertical-align: middle;\"><\/td>\n<\/tr>\n<tr>\n<td style=\"text-align: center; vertical-align: middle;\"><strong>Nede\u013ea 21.7.<\/strong><\/td>\n<td style=\"text-align: center; vertical-align: middle;\"><strong>8:15<\/strong><\/p>\n<p>9:45<\/td>\n<td style=\"text-align: center; vertical-align: middle;\"><span style=\"color: #008000;\"><strong>16. nede\u013ea v Cezro\u010dnom obdob\u00ed<\/strong><\/span><\/td>\n<td style=\"text-align: center; vertical-align: middle;\"><strong>Bodice:<\/strong> na \u00famysel<\/p>\n<p>na \u00famysel celebranta<\/td>\n<td style=\"text-align: center; vertical-align: middle;\"><\/td>\n<\/tr>\n<\/tbody>\n<\/table>\n<\/div>\n<ul>\n<li>v zbierke na Mari\u00e1nsku horu v Levo\u010di sme prispeli sumou 405 \u20ac. Z toho 50 \u20ac darovalo ru\u017eencov\u00e9 spolo\u010denstvo. P\u00e1n Boh zapla\u0165.<\/li>\n<li>v pr\u00edpade potreby zaopatrenia chor\u00fdch alebo pohrebu sa obr\u00e1\u0165te na farsk\u00fd \u00farad v Liptovskom Mikul\u00e1\u0161i. Tel: 0904 203 400<\/li>\n<li>o upratovanie kostola pros\u00edm rodiny Hunanov\u00fa, Adam\u010diakov\u00fa M., Slukov\u00fa a Jurisov\u00fa. Upratovanie bude v sobotu. P\u00e1n Boh zapla\u0165 za<br \/>\nslu\u017ebu.<\/li>\n<\/ul>\n","protected":false},"excerpt":{"rendered":"<p>De\u0148 \u010cas Liturgick\u00fd kalend\u00e1r \u00damysel O\u010dak\u00e1vame Nede\u013ea 14.7. 7:00 8:15 9:45 15. nede\u013ea v Cezro\u010dnom obdob\u00ed za veriacich Bodice: na \u00famysel za zdravie a Bo\u017eie po\u017eehnanie rodiny Go\u0148ovej Pondelok 15.7. Sv\u00e4t\u00e9ho Bonavent\u00faru, biskupa a u\u010dite\u013ea Cirkvi spomienka Utorok 16.7. Preblahoslavenej Panny M\u00e1rie Karmelskej \u013eubovo\u013en\u00e1 spomienka Streda 17.7. Sv\u00e4t\u00fdch Andreja-Svorada a Be\u0148adika, pustovn\u00edkov spomienka \u0160tvrtok 18.7. [&hellip;]<\/p>\n","protected":false},"author":1,"featured_media":0,"comment_status":"closed","ping_status":"closed","sticky":false,"template":"","format":"standard","meta":{"_links_to":"","_links_to_target":""},"categories":[4,19],"tags":[],"_links":{"self":[{"href":"http:\/\/www.paludzka.fara.sk\/index.php?rest_route=\/wp\/v2\/posts\/4656"}],"collection":[{"href":"http:\/\/www.paludzka.fara.sk\/index.php?rest_route=\/wp\/v2\/posts"}],"about":[{"href":"http:\/\/www.paludzka.fara.sk\/index.php?rest_route=\/wp\/v2\/types\/post"}],"author":[{"embeddable":true,"href":"http:\/\/www.paludzka.fara.sk\/index.php?rest_route=\/wp\/v2\/users\/1"}],"replies":[{"embeddable":true,"href":"http:\/\/www.paludzka.fara.sk\/index.php?rest_route=%2Fwp%2Fv2%2Fcomments&post=4656"}],"version-history":[{"count":3,"href":"http:\/\/www.paludzka.fara.sk\/index.php?rest_route=\/wp\/v2\/posts\/4656\/revisions"}],"predecessor-version":[{"id":4661,"href":"http:\/\/www.paludzka.fara.sk\/index.php?rest_route=\/wp\/v2\/posts\/4656\/revisions\/4661"}],"wp:attachment":[{"href":"http:\/\/www.paludzka.fara.sk\/index.php?rest_route=%2Fwp%2Fv2%2Fmedia&parent=4656"}],"wp:term":[{"taxonomy":"category","embeddable":true,"href":"http:\/\/www.paludzka.fara.sk\/index.php?rest_route=%2Fwp%2Fv2%2Fcategories&post=4656"},{"taxonomy":"post_tag","embeddable":true,"href":"http:\/\/www.paludzka.fara.sk\/index.php?rest_route=%2Fwp%2Fv2%2Ftags&post=4656"}],"curies":[{"name":"wp","href":"https:\/\/api.w.org\/{rel}","templated":true}]}}