
{"id":4637,"date":"2024-07-07T00:00:03","date_gmt":"2024-07-06T22:00:03","guid":{"rendered":"http:\/\/www.paludzka.fara.sk\/?p=4637"},"modified":"2024-07-06T13:20:17","modified_gmt":"2024-07-06T11:20:17","slug":"farske-oznamy-7-7-14-7-2024","status":"publish","type":"post","link":"http:\/\/www.paludzka.fara.sk\/?p=4637","title":{"rendered":"Farsk\u00e9 oznamy 7.7.-14.7.2024"},"content":{"rendered":"<div class=\"table-responsive\">\n<table class=\"table table-bordered\">\n<thead>\n<tr>\n<th style=\"text-align: center; vertical-align: middle;\">De\u0148<\/th>\n<th style=\"text-align: center; vertical-align: middle;\">\u010cas<\/th>\n<th style=\"text-align: center; vertical-align: middle;\">Liturgick\u00fd kalend\u00e1r<\/th>\n<th style=\"text-align: center; vertical-align: middle;\">\u00damysel<\/th>\n<th style=\"text-align: center; vertical-align: middle;\">O\u010dak\u00e1vame<\/th>\n<\/tr>\n<\/thead>\n<tbody>\n<tr>\n<td style=\"text-align: center; vertical-align: middle;\"><strong>Nede\u013ea 7.7.<\/strong><\/td>\n<td style=\"text-align: center; vertical-align: middle;\">7:00<\/p>\n<p><strong>8:15<\/strong><\/p>\n<p><span style=\"color: #000000;\">9:45<\/span><\/td>\n<td style=\"text-align: center; vertical-align: middle;\"><span style=\"color: #008000;\"><strong>14. nede\u013ea v Cezro\u010dnom obdob\u00ed<\/strong><\/span><\/td>\n<td style=\"text-align: center; vertical-align: middle;\">za veriacich<\/p>\n<p><span style=\"font-family: inherit; font-size: inherit;\"><strong>Bodice:<\/strong> na \u00famysel<\/span><\/p>\n<p>za dobrodincov<\/td>\n<td style=\"text-align: center; vertical-align: middle;\"><strong>Zbierka na Mari\u00e1nsku horu v<br \/>\nLevo\u010di<\/strong><\/td>\n<\/tr>\n<tr>\n<td style=\"text-align: center; vertical-align: middle;\">Pondelok 8.7.<\/td>\n<td style=\"text-align: center; vertical-align: middle;\"><span style=\"color: #000000;\">18:00<\/span><\/td>\n<td style=\"text-align: center; vertical-align: middle;\"><span style=\"color: #008000;\">Pondelok 14. t\u00fd\u017ed\u0148a v Cezro\u010dnom obdob\u00ed<\/span><\/td>\n<td style=\"text-align: center; vertical-align: middle;\">za deti a vn\u00fa\u010dat\u00e1<\/td>\n<td style=\"text-align: center; vertical-align: middle;\"><\/td>\n<\/tr>\n<tr>\n<td style=\"text-align: center; vertical-align: middle;\">Utorok 9.7.<\/td>\n<td style=\"text-align: center; vertical-align: middle;\"><span style=\"color: #000000;\">18:00<\/span><\/td>\n<td style=\"text-align: center; vertical-align: middle;\"><span style=\"color: #008000;\">Utorok 14. t\u00fd\u017ed\u0148a v Cezro\u010dnom obdob\u00ed<\/span><\/td>\n<td style=\"text-align: center; vertical-align: middle;\">+ Eva, M\u00e1ria a Ondrej<\/td>\n<td style=\"text-align: center; vertical-align: middle;\"><\/td>\n<\/tr>\n<tr>\n<td style=\"text-align: center; vertical-align: middle;\">Streda 10.7.<\/td>\n<td style=\"text-align: center; vertical-align: middle;\">7:00<\/td>\n<td style=\"text-align: center; vertical-align: middle;\"><span style=\"color: #008000;\">Streda 14. t\u00fd\u017ed\u0148a v Cezro\u010dnom obdob\u00ed<\/span><\/td>\n<td style=\"text-align: center; vertical-align: middle;\">za zdravie a Bo\u017eie po\u017eehnanie M\u00e1rie<\/td>\n<td style=\"text-align: center; vertical-align: middle;\"><\/td>\n<\/tr>\n<tr>\n<td style=\"text-align: center; vertical-align: middle;\">\u0160tvrtok 11.7.<\/td>\n<td style=\"text-align: center; vertical-align: middle;\"><span style=\"color: #000000;\">18:00<\/span><\/td>\n<td style=\"text-align: center; vertical-align: middle;\"><span style=\"color: #808000;\">Sv\u00e4t\u00e9ho Benedikta, op\u00e1ta, patr\u00f3na Eur\u00f3py<\/span><\/p>\n<p><span style=\"color: #808000;\">sviatok<\/span><\/td>\n<td style=\"text-align: center; vertical-align: middle;\">za zdravie a Bo\u017eie po\u017eehnanie Petra<br \/>\na\u00a0Anny, det\u00ed a vn\u00fa\u010dat<\/td>\n<td style=\"text-align: center; vertical-align: middle;\">Ador\u00e1cia od 17:30<\/td>\n<\/tr>\n<tr>\n<td style=\"text-align: center; vertical-align: middle;\">Piatok 12.7.<\/td>\n<td style=\"text-align: center; vertical-align: middle;\">18:00<\/td>\n<td style=\"text-align: center; vertical-align: middle;\"><span style=\"color: #008000;\">Piatok 14. t\u00fd\u017ed\u0148a v Cezro\u010dnom obdob\u00ed<\/span><\/td>\n<td style=\"text-align: center; vertical-align: middle;\">+ Eduard a Jozef<\/td>\n<td style=\"text-align: center; vertical-align: middle;\">&nbsp;<\/td>\n<\/tr>\n<tr>\n<td style=\"text-align: center; vertical-align: middle;\">Sobota 13.7.<\/td>\n<td style=\"text-align: center; vertical-align: middle;\">8:00<\/td>\n<td style=\"text-align: center; vertical-align: middle;\"><span style=\"color: #0000ff;\">Preblahoslavenej Panny M\u00e1rie v sobotu<\/span><\/p>\n<p><span style=\"color: #0000ff;\">\u013eubovo\u013en\u00e1 spomienka<\/span><\/td>\n<td style=\"text-align: center; vertical-align: middle;\">za zdravie a Bo\u017eie po\u017eehnanie Eleny<br \/>\ns rodinou<\/td>\n<td style=\"text-align: center; vertical-align: middle;\"><\/td>\n<\/tr>\n<tr>\n<td style=\"text-align: center; vertical-align: middle;\"><strong>Nede\u013ea 14.7.<\/strong><\/td>\n<td style=\"text-align: center; vertical-align: middle;\">7:00<\/p>\n<p><strong>8:15<\/strong><\/p>\n<p>9:45<\/td>\n<td style=\"text-align: center; vertical-align: middle;\"><span style=\"color: #008000;\"><strong>15. nede\u013ea v Cezro\u010dnom obdob\u00ed<\/strong><\/span><\/td>\n<td style=\"text-align: center; vertical-align: middle;\">za veriacich<\/p>\n<p><strong>Bodice:<\/strong> na \u00famysel<\/p>\n<p>za zdravie a Bo\u017eie po\u017eehnanie rodiny Go\u0148ovej<\/td>\n<td style=\"text-align: center; vertical-align: middle;\"><\/td>\n<\/tr>\n<\/tbody>\n<\/table>\n<\/div>\n<ul>\n<li>v zbierke na dobro\u010dinn\u00e9 diela Sv\u00e4t\u00e9ho Otca sme prispeli 308 \u20ac. P\u00e1n Boh zapla\u0165 a po\u017eehnaj.<\/li>\n<li>Bohuzn\u00e1mi na potreby farnosti obetovali 20 a 100 \u20ac. P\u00e1n Boh zapla\u0165.<\/li>\n<li>dnes je zbierka na Mari\u00e1nsku horu v Levo\u010di. \u010eakujem v\u0161etk\u00fdm darcom za finan\u010dn\u00fa pomoc, ale rovnako aj za va\u0161e modlitby za toto dielo.<\/li>\n<li>o upratovanie kostola pros\u00edm rodiny Go\u0148ov\u00fa, Kuskov\u00fa, Plevov\u00fa, Tur\u010dinov\u00fa a Je\u017eov\u00fa. Upratovanie bude v sobotu. P\u00e1n Boh zapla\u0165 za slu\u017ebu.<\/li>\n<\/ul>\n","protected":false},"excerpt":{"rendered":"<p>De\u0148 \u010cas Liturgick\u00fd kalend\u00e1r \u00damysel O\u010dak\u00e1vame Nede\u013ea 7.7. 7:00 8:15 9:45 14. nede\u013ea v Cezro\u010dnom obdob\u00ed za veriacich Bodice: na \u00famysel za dobrodincov Zbierka na Mari\u00e1nsku horu v Levo\u010di Pondelok 8.7. 18:00 Pondelok 14. t\u00fd\u017ed\u0148a v Cezro\u010dnom obdob\u00ed za deti a vn\u00fa\u010dat\u00e1 Utorok 9.7. 18:00 Utorok 14. t\u00fd\u017ed\u0148a v Cezro\u010dnom obdob\u00ed + Eva, M\u00e1ria a [&hellip;]<\/p>\n","protected":false},"author":1,"featured_media":0,"comment_status":"closed","ping_status":"closed","sticky":false,"template":"","format":"standard","meta":{"_links_to":"","_links_to_target":""},"categories":[4,19],"tags":[],"_links":{"self":[{"href":"http:\/\/www.paludzka.fara.sk\/index.php?rest_route=\/wp\/v2\/posts\/4637"}],"collection":[{"href":"http:\/\/www.paludzka.fara.sk\/index.php?rest_route=\/wp\/v2\/posts"}],"about":[{"href":"http:\/\/www.paludzka.fara.sk\/index.php?rest_route=\/wp\/v2\/types\/post"}],"author":[{"embeddable":true,"href":"http:\/\/www.paludzka.fara.sk\/index.php?rest_route=\/wp\/v2\/users\/1"}],"replies":[{"embeddable":true,"href":"http:\/\/www.paludzka.fara.sk\/index.php?rest_route=%2Fwp%2Fv2%2Fcomments&post=4637"}],"version-history":[{"count":1,"href":"http:\/\/www.paludzka.fara.sk\/index.php?rest_route=\/wp\/v2\/posts\/4637\/revisions"}],"predecessor-version":[{"id":4638,"href":"http:\/\/www.paludzka.fara.sk\/index.php?rest_route=\/wp\/v2\/posts\/4637\/revisions\/4638"}],"wp:attachment":[{"href":"http:\/\/www.paludzka.fara.sk\/index.php?rest_route=%2Fwp%2Fv2%2Fmedia&parent=4637"}],"wp:term":[{"taxonomy":"category","embeddable":true,"href":"http:\/\/www.paludzka.fara.sk\/index.php?rest_route=%2Fwp%2Fv2%2Fcategories&post=4637"},{"taxonomy":"post_tag","embeddable":true,"href":"http:\/\/www.paludzka.fara.sk\/index.php?rest_route=%2Fwp%2Fv2%2Ftags&post=4637"}],"curies":[{"name":"wp","href":"https:\/\/api.w.org\/{rel}","templated":true}]}}