
{"id":4609,"date":"2024-06-30T00:00:28","date_gmt":"2024-06-29T22:00:28","guid":{"rendered":"http:\/\/www.paludzka.fara.sk\/?p=4609"},"modified":"2024-06-30T11:55:21","modified_gmt":"2024-06-30T09:55:21","slug":"farske-oznamy-30-6-7-7-2024","status":"publish","type":"post","link":"http:\/\/www.paludzka.fara.sk\/?p=4609","title":{"rendered":"Farsk\u00e9 oznamy 30.6.-7.7.2024"},"content":{"rendered":"<div class=\"table-responsive\">\n<table class=\"table table-bordered\">\n<thead>\n<tr>\n<th style=\"text-align: center; vertical-align: middle;\">De\u0148<\/th>\n<th style=\"text-align: center; vertical-align: middle;\">\u010cas<\/th>\n<th style=\"text-align: center; vertical-align: middle;\">Liturgick\u00fd kalend\u00e1r<\/th>\n<th style=\"text-align: center; vertical-align: middle;\">\u00damysel<\/th>\n<th style=\"text-align: center; vertical-align: middle;\">O\u010dak\u00e1vame<\/th>\n<\/tr>\n<\/thead>\n<tbody>\n<tr>\n<td style=\"text-align: center; vertical-align: middle;\"><strong>Nede\u013ea 30.6.<\/strong><\/td>\n<td style=\"text-align: center; vertical-align: middle;\">7:00<\/p>\n<p><strong>8:15<\/strong><\/p>\n<p><span style=\"color: #000000;\">9:45<\/span><\/td>\n<td style=\"text-align: center; vertical-align: middle;\"><span style=\"color: #008000;\"><strong>13. nede\u013ea v Cezro\u010dnom obdob\u00ed<\/strong><\/span><\/td>\n<td style=\"text-align: center; vertical-align: middle;\">za zdravie a Bo\u017eie po\u017eehnanie J\u00e1na a Evy<\/p>\n<p><span style=\"font-family: inherit; font-size: inherit;\"><strong>Bodice:<\/strong> na \u00famysel<\/span><\/p>\n<p>za veriacich<\/td>\n<td style=\"text-align: center; vertical-align: middle;\"><strong>Zbierka na dobro\u010dinn\u00e9 diela <\/strong><br \/>\n<strong>sv. Sv\u00e4t\u00e9ho Otca<\/strong><\/td>\n<\/tr>\n<tr>\n<td style=\"text-align: center; vertical-align: middle;\">Pondelok 1.7.<\/td>\n<td style=\"text-align: center; vertical-align: middle;\"><span style=\"color: #000000;\">18:00<\/span><\/td>\n<td style=\"text-align: center; vertical-align: middle;\"><span style=\"color: #008000;\">Pondelok 13. t\u00fd\u017ed\u0148a v Cezro\u010dnom obdob\u00ed<\/span><\/td>\n<td style=\"text-align: center; vertical-align: middle;\">+ Jaroslav a Jozef<\/td>\n<td style=\"text-align: center; vertical-align: middle;\">Vysluhovanie sv. zmierenia od 17:30<\/td>\n<\/tr>\n<tr>\n<td style=\"text-align: center; vertical-align: middle;\">Utorok 2.7.<\/td>\n<td style=\"text-align: center; vertical-align: middle;\"><span style=\"color: #000000;\">18:00<\/span><\/td>\n<td style=\"text-align: center; vertical-align: middle;\"><span style=\"color: #0000ff;\">N\u00e1v\u0161teva preblahoslavenej Panny M\u00e1rie<\/span><\/p>\n<p><span style=\"color: #0000ff;\">sviatok<\/span><\/td>\n<td style=\"text-align: center; vertical-align: middle;\">+ Vincent a Paul\u00edna<\/td>\n<td style=\"text-align: center; vertical-align: middle;\">Vysluhovanie sv. zmierenia od 17:30<\/td>\n<\/tr>\n<tr>\n<td style=\"text-align: center; vertical-align: middle;\">Streda 3.7.<\/td>\n<td style=\"text-align: center; vertical-align: middle;\">7:00<\/td>\n<td style=\"text-align: center; vertical-align: middle;\"><span style=\"color: #ff0000;\">Sv\u00e4t\u00e9ho Tom\u00e1\u0161a, apo\u0161tola<\/span><\/p>\n<p><span style=\"color: #ff0000;\">sviatok<\/span><\/td>\n<td style=\"text-align: center; vertical-align: middle;\">+ Stanislav<\/td>\n<td style=\"text-align: center; vertical-align: middle;\"><\/td>\n<\/tr>\n<tr>\n<td style=\"text-align: center; vertical-align: middle;\">\u0160tvrtok 4.7.<\/td>\n<td style=\"text-align: center; vertical-align: middle;\"><span style=\"color: #000000;\">18:00<\/span><\/td>\n<td style=\"text-align: center; vertical-align: middle;\"><span style=\"color: #008000;\">\u0160tvrtok 13. t\u00fd\u017ed\u0148a v Cezro\u010dnom obdob\u00ed<\/span><\/p>\n<p><span style=\"color: #808000;\">Ve\u010dern\u00e1 sv. om\u0161a je z nasleduj\u00facej sl\u00e1vnosti<\/span><\/td>\n<td style=\"text-align: center; vertical-align: middle;\">za syna Luk\u00e1\u0161a, Simonu a Lucku<\/td>\n<td style=\"text-align: center; vertical-align: middle;\">Prv\u00fd \u0161tvrtok v mesiaci. De\u0148 modlitieb za duchovn\u00e9 povolania.<br \/>\nAdor\u00e1cia od 17:15<br \/>\nVysluhovanie sv. zmierenia od 17:15<\/td>\n<\/tr>\n<tr>\n<td style=\"text-align: center; vertical-align: middle;\">Piatok 5.7.<\/td>\n<td style=\"text-align: center; vertical-align: middle;\"><strong>8:15<\/strong><\/p>\n<p>9:45<\/td>\n<td style=\"text-align: center; vertical-align: middle;\"><span style=\"color: #808000;\">Sv\u00e4t\u00fdch Cyrila, mn\u00edcha, a Metoda, biskupa, <\/span><br \/>\n<span style=\"color: #808000;\">slovansk\u00fdch vierozvestov, patr\u00f3nov Eur\u00f3py<\/span><\/p>\n<p><span style=\"color: #808000;\">sl\u00e1vnos\u0165<\/span><\/td>\n<td style=\"text-align: center; vertical-align: middle;\"><strong>Bodice:<\/strong> na \u00famysel<\/p>\n<p>+ Jaroslav N\u00edzky<\/td>\n<td style=\"text-align: center; vertical-align: middle;\"><strong>Bodice:<\/strong> sv. zmierenia od 7:45<\/p>\n<p>N\u00e1v\u0161teva chor\u00fdch od 11:00<\/td>\n<\/tr>\n<tr>\n<td style=\"text-align: center; vertical-align: middle;\">Sobota 6.7.<\/td>\n<td style=\"text-align: center; vertical-align: middle;\">8:00<\/td>\n<td style=\"text-align: center; vertical-align: middle;\"><span style=\"color: #0000ff;\">Preblahoslavenej Panny M\u00e1rie v sobotu<\/span><\/p>\n<p><span style=\"color: #0000ff;\">\u013eubovo\u013en\u00e1 spomienka<\/span><\/td>\n<td style=\"text-align: center; vertical-align: middle;\">po\u010fakovanie za 60 rokov man\u017eelstva<\/td>\n<td style=\"text-align: center; vertical-align: middle;\">7:30 Fatimsk\u00e1 pobo\u017enos\u0165<\/td>\n<\/tr>\n<tr>\n<td style=\"text-align: center; vertical-align: middle;\"><strong>Nede\u013ea 7.7.<\/strong><\/td>\n<td style=\"text-align: center; vertical-align: middle;\">7:00<\/p>\n<p><strong>8:15<\/strong><\/p>\n<p>9:45<\/td>\n<td style=\"text-align: center; vertical-align: middle;\"><span style=\"color: #008000;\"><strong>14. nede\u013ea v Cezro\u010dnom obdob\u00ed<\/strong><\/span><\/td>\n<td style=\"text-align: center; vertical-align: middle;\">za veriacich<\/p>\n<p><strong>Bodice:<\/strong> na \u00famysel<\/p>\n<p>za dobrodincov<\/td>\n<td style=\"text-align: center; vertical-align: middle;\"><strong>Zbierka na Mari\u00e1nsku horu v<\/strong><br \/>\n<strong>Levo\u010di<\/strong><\/td>\n<\/tr>\n<\/tbody>\n<\/table>\n<\/div>\n<ul>\n<li>dnes je zbierka na dobro\u010dinn\u00e9 diela Sv\u00e4t\u00e9ho Otca. Vopred v\u0161etk\u00fdm darcom P\u00e1n Boh zapla\u0165.<\/li>\n<li>o upratovanie kostola pros\u00edm rodiny Ra\u010dkov\u00fa, Mra\u010dnov\u00fa, Bobulov\u00fa a Gub\u00e1\u0161ov\u00fa. Upratovanie bude v sobotu. P\u00e1n Boh zapla\u0165 za slu\u017ebu<\/li>\n<\/ul>\n<p>Drah\u00ed bratia a sestry,<\/p>\n<p>Mari\u00e1nska hora v Levo\u010di je miestom, kde ka\u017edoro\u010dne putuje mno\u017estvo p\u00fatnikov, aby tu nabrali nov\u00e9 duchovn\u00e9 sily a prostredn\u00edctvom orodovania Panny M\u00e1rie posilnili svoje zjednotenie s Bohom. Po rokoch slu\u017eby potrebuje toto p\u00fatnick\u00e9 miesto nevyhnutn\u00fa renov\u00e1ciu, ktor\u00e1 u\u017e aktu\u00e1lne prebieha.<\/p>\n<p><strong>Z d\u00f4vodu finan\u010dnej n\u00e1ro\u010dnosti rozbehnut\u00e9ho projektu obnovy vyhlasujem celodiec\u00e9znu zbierku na Mari\u00e1nsku horu v Levo\u010di, ktor\u00e1 sa bude kona\u0165 v nede\u013eu 7. j\u00fala 2024 pri v\u0161etk\u00fdch sv\u00e4t\u00fdch om\u0161iach v Spi\u0161skej diec\u00e9ze.<\/strong><\/p>\n<p>\u010eakujem v\u0161etk\u00fdm darcom za finan\u010dn\u00fa pomoc, ale rovnako aj za va\u0161e modlitby za toto dielo.<\/p>\n<p>Biskup Franti\u0161ek Trstensk\u00fd<\/p>\n","protected":false},"excerpt":{"rendered":"<p>De\u0148 \u010cas Liturgick\u00fd kalend\u00e1r \u00damysel O\u010dak\u00e1vame Nede\u013ea 30.6. 7:00 8:15 9:45 13. nede\u013ea v Cezro\u010dnom obdob\u00ed za zdravie a Bo\u017eie po\u017eehnanie J\u00e1na a Evy Bodice: na \u00famysel za veriacich Zbierka na dobro\u010dinn\u00e9 diela sv. Sv\u00e4t\u00e9ho Otca Pondelok 1.7. 18:00 Pondelok 13. t\u00fd\u017ed\u0148a v Cezro\u010dnom obdob\u00ed + Jaroslav a Jozef Vysluhovanie sv. zmierenia od 17:30 Utorok [&hellip;]<\/p>\n","protected":false},"author":1,"featured_media":0,"comment_status":"closed","ping_status":"closed","sticky":false,"template":"","format":"standard","meta":{"_links_to":"","_links_to_target":""},"categories":[4,19],"tags":[],"_links":{"self":[{"href":"http:\/\/www.paludzka.fara.sk\/index.php?rest_route=\/wp\/v2\/posts\/4609"}],"collection":[{"href":"http:\/\/www.paludzka.fara.sk\/index.php?rest_route=\/wp\/v2\/posts"}],"about":[{"href":"http:\/\/www.paludzka.fara.sk\/index.php?rest_route=\/wp\/v2\/types\/post"}],"author":[{"embeddable":true,"href":"http:\/\/www.paludzka.fara.sk\/index.php?rest_route=\/wp\/v2\/users\/1"}],"replies":[{"embeddable":true,"href":"http:\/\/www.paludzka.fara.sk\/index.php?rest_route=%2Fwp%2Fv2%2Fcomments&post=4609"}],"version-history":[{"count":1,"href":"http:\/\/www.paludzka.fara.sk\/index.php?rest_route=\/wp\/v2\/posts\/4609\/revisions"}],"predecessor-version":[{"id":4610,"href":"http:\/\/www.paludzka.fara.sk\/index.php?rest_route=\/wp\/v2\/posts\/4609\/revisions\/4610"}],"wp:attachment":[{"href":"http:\/\/www.paludzka.fara.sk\/index.php?rest_route=%2Fwp%2Fv2%2Fmedia&parent=4609"}],"wp:term":[{"taxonomy":"category","embeddable":true,"href":"http:\/\/www.paludzka.fara.sk\/index.php?rest_route=%2Fwp%2Fv2%2Fcategories&post=4609"},{"taxonomy":"post_tag","embeddable":true,"href":"http:\/\/www.paludzka.fara.sk\/index.php?rest_route=%2Fwp%2Fv2%2Ftags&post=4609"}],"curies":[{"name":"wp","href":"https:\/\/api.w.org\/{rel}","templated":true}]}}