
{"id":4606,"date":"2024-06-23T00:00:40","date_gmt":"2024-06-22T22:00:40","guid":{"rendered":"http:\/\/www.paludzka.fara.sk\/?p=4606"},"modified":"2024-06-22T23:12:46","modified_gmt":"2024-06-22T21:12:46","slug":"farske-oznamy-23-6-30-6-2024","status":"publish","type":"post","link":"http:\/\/www.paludzka.fara.sk\/?p=4606","title":{"rendered":"Farsk\u00e9 oznamy 23.6.-30.6.2024"},"content":{"rendered":"<div class=\"table-responsive\">\n<table class=\"table table-bordered\">\n<thead>\n<tr>\n<th style=\"text-align: center; vertical-align: middle;\">De\u0148<\/th>\n<th style=\"text-align: center; vertical-align: middle;\">\u010cas<\/th>\n<th style=\"text-align: center; vertical-align: middle;\">Liturgick\u00fd kalend\u00e1r<\/th>\n<th style=\"text-align: center; vertical-align: middle;\">\u00damysel<\/th>\n<th style=\"text-align: center; vertical-align: middle;\">O\u010dak\u00e1vame<\/th>\n<\/tr>\n<\/thead>\n<tbody>\n<tr>\n<td style=\"text-align: center; vertical-align: middle;\"><strong>Nede\u013ea 23.6.<\/strong><\/td>\n<td style=\"text-align: center; vertical-align: middle;\">7:00<\/p>\n<p><strong>8:15<\/strong><\/p>\n<p><span style=\"color: #000000;\">9:45<\/span><\/td>\n<td style=\"text-align: center; vertical-align: middle;\"><span style=\"color: #008000;\"><strong>12. nede\u013ea v Cezro\u010dnom obdob\u00ed<\/strong><\/span><\/td>\n<td style=\"text-align: center; vertical-align: middle;\">+ Helena Harmatov\u00e1<\/p>\n<p><span style=\"font-family: inherit; font-size: inherit;\"><strong>Bodice:<\/strong> na \u00famysel<\/span><\/p>\n<p>za veriacich<\/td>\n<td style=\"text-align: center; vertical-align: middle;\"><\/td>\n<\/tr>\n<tr>\n<td style=\"text-align: center; vertical-align: middle;\">Pondelok 24.6.<\/td>\n<td style=\"text-align: center; vertical-align: middle;\"><span style=\"color: #000000;\">18:00<\/span><\/td>\n<td style=\"text-align: center; vertical-align: middle;\"><span style=\"color: #808000;\">Narodenie sv\u00e4t\u00e9ho J\u00e1na Krstite\u013ea<\/span><\/p>\n<p><span style=\"color: #808000;\">sl\u00e1vnos\u0165<\/span><\/td>\n<td style=\"text-align: center; vertical-align: middle;\">za zdravie a Bo\u017eie po\u017eehnanie<br \/>\nrodiny Chovancovej<\/td>\n<td style=\"text-align: center; vertical-align: middle;\"><\/td>\n<\/tr>\n<tr>\n<td style=\"text-align: center; vertical-align: middle;\">Utorok 25.6.<\/td>\n<td style=\"text-align: center; vertical-align: middle;\"><span style=\"color: #000000;\">18:00<\/span><\/td>\n<td style=\"text-align: center; vertical-align: middle;\"><span style=\"color: #008000;\">Utorok 12. t\u00fd\u017ed\u0148a v Cezro\u010dnom obdob\u00ed<\/span><\/td>\n<td style=\"text-align: center; vertical-align: middle;\">za zdravie a Bo\u017eie po\u017eehnanie<br \/>\nsyna\u00a0Mat\u00fa\u0161a<\/td>\n<td style=\"text-align: center; vertical-align: middle;\"><\/td>\n<\/tr>\n<tr>\n<td style=\"text-align: center; vertical-align: middle;\">Streda 26.6.<\/td>\n<td style=\"text-align: center; vertical-align: middle;\">7:00<\/td>\n<td style=\"text-align: center; vertical-align: middle;\"><span style=\"color: #008000;\">Streda 12. t\u00fd\u017ed\u0148a v Cezro\u010dnom obdob\u00ed<\/span><\/td>\n<td style=\"text-align: center; vertical-align: middle;\">+ rodi\u010dia Harmatovi a Koval\u010d\u00edkovi<\/td>\n<td style=\"text-align: center; vertical-align: middle;\"><\/td>\n<\/tr>\n<tr>\n<td style=\"text-align: center; vertical-align: middle;\">\u0160tvrtok 27.6.<\/td>\n<td style=\"text-align: center; vertical-align: middle;\"><strong>17:00<\/strong><\/p>\n<p><span style=\"color: #000000;\">18:00<\/span><\/td>\n<td style=\"text-align: center; vertical-align: middle;\"><span style=\"color: #808000;\">Sv\u00e4t\u00e9ho Ladislava<\/span><\/td>\n<td style=\"text-align: center; vertical-align: middle;\"><strong>Bodice:<\/strong> na \u00famysel<\/p>\n<p>za 90 ro\u010dn\u00fa Annu<\/td>\n<td style=\"text-align: center; vertical-align: middle;\"><span style=\"color: #ff0000;\">V Bodiciach odpustov\u00e1 sl\u00e1vnos\u0165<\/span><br \/>\n<span style=\"color: #ff0000;\">patr\u00f3na kostola sv. Ladislava<\/span><\/td>\n<\/tr>\n<tr>\n<td style=\"text-align: center; vertical-align: middle;\">Piatok 28.6.<\/td>\n<td style=\"text-align: center; vertical-align: middle;\">18:00<\/td>\n<td style=\"text-align: center; vertical-align: middle;\"><span style=\"color: #ff0000;\">Sv\u00e4t\u00e9ho Ireneja, biskupa a u\u010dite\u013ea Cirkvi, mu\u010den\u00edka<\/span><\/p>\n<p><span style=\"color: #ff0000;\">spomienka<\/span><\/p>\n<p><span style=\"color: #ff0000;\">Sv. om\u0161a z\u00a0nasleduj\u00facej sl\u00e1vnosti<\/span><\/td>\n<td style=\"text-align: center; vertical-align: middle;\">+ Pavel, M\u00e1ria, Ladislav, Helena,<br \/>\nKatar\u00edna<\/td>\n<td style=\"text-align: center; vertical-align: middle;\"><\/td>\n<\/tr>\n<tr>\n<td style=\"text-align: center; vertical-align: middle;\">Sobota 29.6.<\/td>\n<td style=\"text-align: center; vertical-align: middle;\">7:00<\/p>\n<p><strong>8:15<\/strong><\/p>\n<p>9:45<\/td>\n<td style=\"text-align: center; vertical-align: middle;\"><span style=\"color: #ff0000;\">Sv\u00e4t\u00fdch Petra a Pavla, apo\u0161tolov<\/span><\/p>\n<p><span style=\"color: #ff0000;\">sl\u00e1vnos\u0165<\/span><\/p>\n<p><span style=\"color: #ff0000;\">Prik\u00e1zan\u00fd sviatok<\/span><\/td>\n<td style=\"text-align: center; vertical-align: middle;\">+ Peter, \u017dofia a s\u00farodenci<\/p>\n<p><strong>Bodice:<\/strong> na \u00famysel<\/p>\n<p>za veriacich<\/td>\n<td style=\"text-align: center; vertical-align: middle;\">Po\u010fakovanie na konci \u0161kolsk\u00e9ho roka<br \/>\npri sv. om\u0161iach<\/td>\n<\/tr>\n<tr>\n<td style=\"text-align: center; vertical-align: middle;\"><strong>Nede\u013ea 30.6.<\/strong><\/td>\n<td style=\"text-align: center; vertical-align: middle;\">7:00<\/p>\n<p><strong>8:15<\/strong><\/p>\n<p>9:45<\/td>\n<td style=\"text-align: center; vertical-align: middle;\"><span style=\"color: #008000;\"><strong>13. nede\u013ea v Cezro\u010dnom obdob\u00ed<\/strong><\/span><\/td>\n<td style=\"text-align: center; vertical-align: middle;\">za zdravie a Bo\u017eie po\u017eehnanie J\u00e1na a Evy<\/p>\n<p><strong>Bodice:<\/strong> na \u00famysel<\/p>\n<p>za veriacich<\/td>\n<td style=\"text-align: center; vertical-align: middle;\"><strong>Zbierka na dobro\u010dinn\u00e9 diela <\/strong><br \/>\n<strong>sv. Sv\u00e4t\u00e9ho Otca<\/strong><\/td>\n<\/tr>\n<\/tbody>\n<\/table>\n<\/div>\n<ul>\n<li>P\u00e1n Boh zapla\u0165 v\u0161etk\u00fdm, ktor\u00ed ste sa z\u00fa\u010dastnili na farskom dni rodiny. Najm\u00e4 rodine Go\u0148ovej za v\u00fdborn\u00fd gu\u013e\u00e1\u0161, p\u00e1novi Cyrilovi Bebkovi za m\u00e4so a v\u0161etk\u00fdm, ktor\u00ed tento de\u0148 r\u00f4znym sp\u00f4sobom pripravovali a sponzorovali.<\/li>\n<li>na bud\u00facu nede\u013eu bude zbierka na dobro\u010dinn\u00e9 diela Sv\u00e4t\u00e9ho Otca. Vopred v\u0161etk\u00fdm darcom P\u00e1n Boh zapla\u0165.<\/li>\n<li>na kr\u00ed\u017eov\u00fa cestu Bohuzn\u00e1mi darovali 50 a 60 \u20ac. P\u00e1n Boh zapla\u0165.<\/li>\n<li>o upratovanie kostola pros\u00edm rodiny Ku\u010derov\u00fa, Madliakov\u00fa, Adam\u010diakov\u00fa J., Pec\u00fachov\u00fa, Da\u0148ov\u00fa. Upratovanie bude v sobotu. P\u00e1n Boh zapla\u0165 za slu\u017ebu.<\/li>\n<\/ul>\n<p>Drah\u00ed bratia a sestry,<\/p>\n<p>Mari\u00e1nska hora v Levo\u010di je miestom, kde ka\u017edoro\u010dne putuje mno\u017estvo p\u00fatnikov, aby tu nabrali nov\u00e9 duchovn\u00e9 sily a prostredn\u00edctvom orodovania Panny M\u00e1rie posilnili svoje zjednotenie s Bohom. Po rokoch slu\u017eby potrebuje toto p\u00fatnick\u00e9 miesto nevyhnutn\u00fa renov\u00e1ciu, ktor\u00e1 u\u017e aktu\u00e1lne prebieha.<\/p>\n<p><strong>Z d\u00f4vodu finan\u010dnej n\u00e1ro\u010dnosti rozbehnut\u00e9ho projektu obnovy vyhlasujem celodiec\u00e9znu zbierku na Mari\u00e1nsku horu v Levo\u010di, ktor\u00e1 sa bude kona\u0165 v nede\u013eu 7. j\u00fala 2024 pri v\u0161etk\u00fdch sv\u00e4t\u00fdch om\u0161iach v Spi\u0161skej diec\u00e9ze.<\/strong><\/p>\n<p>\u010eakujem v\u0161etk\u00fdm darcom za finan\u010dn\u00fa pomoc, ale rovnako aj za va\u0161e modlitby za toto dielo.<\/p>\n<p>Biskup Franti\u0161ek Trstensk\u00fd<\/p>\n","protected":false},"excerpt":{"rendered":"<p>De\u0148 \u010cas Liturgick\u00fd kalend\u00e1r \u00damysel O\u010dak\u00e1vame Nede\u013ea 23.6. 7:00 8:15 9:45 12. nede\u013ea v Cezro\u010dnom obdob\u00ed + Helena Harmatov\u00e1 Bodice: na \u00famysel za veriacich Pondelok 24.6. 18:00 Narodenie sv\u00e4t\u00e9ho J\u00e1na Krstite\u013ea sl\u00e1vnos\u0165 za zdravie a Bo\u017eie po\u017eehnanie rodiny Chovancovej Utorok 25.6. 18:00 Utorok 12. t\u00fd\u017ed\u0148a v Cezro\u010dnom obdob\u00ed za zdravie a Bo\u017eie po\u017eehnanie syna\u00a0Mat\u00fa\u0161a Streda [&hellip;]<\/p>\n","protected":false},"author":1,"featured_media":0,"comment_status":"closed","ping_status":"closed","sticky":false,"template":"","format":"standard","meta":{"_links_to":"","_links_to_target":""},"categories":[4,19],"tags":[],"_links":{"self":[{"href":"http:\/\/www.paludzka.fara.sk\/index.php?rest_route=\/wp\/v2\/posts\/4606"}],"collection":[{"href":"http:\/\/www.paludzka.fara.sk\/index.php?rest_route=\/wp\/v2\/posts"}],"about":[{"href":"http:\/\/www.paludzka.fara.sk\/index.php?rest_route=\/wp\/v2\/types\/post"}],"author":[{"embeddable":true,"href":"http:\/\/www.paludzka.fara.sk\/index.php?rest_route=\/wp\/v2\/users\/1"}],"replies":[{"embeddable":true,"href":"http:\/\/www.paludzka.fara.sk\/index.php?rest_route=%2Fwp%2Fv2%2Fcomments&post=4606"}],"version-history":[{"count":1,"href":"http:\/\/www.paludzka.fara.sk\/index.php?rest_route=\/wp\/v2\/posts\/4606\/revisions"}],"predecessor-version":[{"id":4607,"href":"http:\/\/www.paludzka.fara.sk\/index.php?rest_route=\/wp\/v2\/posts\/4606\/revisions\/4607"}],"wp:attachment":[{"href":"http:\/\/www.paludzka.fara.sk\/index.php?rest_route=%2Fwp%2Fv2%2Fmedia&parent=4606"}],"wp:term":[{"taxonomy":"category","embeddable":true,"href":"http:\/\/www.paludzka.fara.sk\/index.php?rest_route=%2Fwp%2Fv2%2Fcategories&post=4606"},{"taxonomy":"post_tag","embeddable":true,"href":"http:\/\/www.paludzka.fara.sk\/index.php?rest_route=%2Fwp%2Fv2%2Ftags&post=4606"}],"curies":[{"name":"wp","href":"https:\/\/api.w.org\/{rel}","templated":true}]}}