
{"id":4592,"date":"2024-06-16T00:00:24","date_gmt":"2024-06-15T22:00:24","guid":{"rendered":"http:\/\/www.paludzka.fara.sk\/?p=4592"},"modified":"2024-06-20T21:55:16","modified_gmt":"2024-06-20T19:55:16","slug":"farske-oznamy-16-6-23-6-2024","status":"publish","type":"post","link":"http:\/\/www.paludzka.fara.sk\/?p=4592","title":{"rendered":"Farsk\u00e9 oznamy 16.6.-23.6.2024"},"content":{"rendered":"<div class=\"table-responsive\">\n<table class=\"table table-bordered\">\n<thead>\n<tr>\n<th style=\"text-align: center; vertical-align: middle;\">De\u0148<\/th>\n<th style=\"text-align: center; vertical-align: middle;\">\u010cas<\/th>\n<th style=\"text-align: center; vertical-align: middle;\">Liturgick\u00fd kalend\u00e1r<\/th>\n<th style=\"text-align: center; vertical-align: middle;\">\u00damysel<\/th>\n<th style=\"text-align: center; vertical-align: middle;\">O\u010dak\u00e1vame<\/th>\n<\/tr>\n<\/thead>\n<tbody>\n<tr>\n<td style=\"text-align: center; vertical-align: middle;\"><strong>Nede\u013ea 16.6.<\/strong><\/td>\n<td style=\"text-align: center; vertical-align: middle;\"><strong>8:15<\/strong><\/p>\n<p><span style=\"color: #000000;\">9:45<\/span><\/td>\n<td style=\"text-align: center; vertical-align: middle;\"><span style=\"color: #008000;\"><strong>11. nede\u013ea v Cezro\u010dnom obdob\u00ed<\/strong><\/span><\/td>\n<td style=\"text-align: center; vertical-align: middle;\"><span style=\"font-family: inherit; font-size: inherit;\"><strong>Bodice:<\/strong> na \u00famysel<\/span><\/p>\n<p>za dobrodincov kr\u00ed\u017eovej cesty<\/td>\n<td style=\"text-align: center; vertical-align: middle;\"><span style=\"color: #ff0000;\">Po\u017eehnanie kr\u00ed\u017eovej cesty spojen\u00e9 <\/span><br \/>\n<span style=\"color: #ff0000;\">s Farsk\u00fdm d\u0148om<\/span><\/p>\n<p>De\u0148 otcov<\/td>\n<\/tr>\n<tr>\n<td style=\"text-align: center; vertical-align: middle;\">Pondelok 17.6.<\/td>\n<td style=\"text-align: center; vertical-align: middle;\"><span style=\"color: #000000;\">18:00<\/span><\/td>\n<td style=\"text-align: center; vertical-align: middle;\"><span style=\"color: #008000;\">Pondelok 11. t\u00fd\u017ed\u0148a v Cezro\u010dnom obdob\u00ed<\/span><\/td>\n<td style=\"text-align: center; vertical-align: middle;\">+ z rodiny Urbanovej a Mati\u0161t\u00edkovej<\/td>\n<td style=\"text-align: center; vertical-align: middle;\"><\/td>\n<\/tr>\n<tr>\n<td style=\"text-align: center; vertical-align: middle;\">Utorok 18.6.<\/td>\n<td style=\"text-align: center; vertical-align: middle;\"><span style=\"color: #000000;\">18:00<\/span><\/td>\n<td style=\"text-align: center; vertical-align: middle;\"><span style=\"color: #008000;\">Utorok 11. t\u00fd\u017ed\u0148a v Cezro\u010dnom obdob\u00ed<\/span><\/td>\n<td style=\"text-align: center; vertical-align: middle;\">po\u010fakovanie Bo\u017eej prozrete\u013enosti za<br \/>\ndeti, vn\u00fa\u010dat\u00e1 a pravn\u00fa\u010dat\u00e1<\/td>\n<td style=\"text-align: center; vertical-align: middle;\"><\/td>\n<\/tr>\n<tr>\n<td style=\"text-align: center; vertical-align: middle;\">Streda 19.6.<\/td>\n<td style=\"text-align: center; vertical-align: middle;\">7:00<\/td>\n<td style=\"text-align: center; vertical-align: middle;\"><span style=\"color: #008000;\">Streda 11. t\u00fd\u017ed\u0148a v Cezro\u010dnom obdob\u00ed<\/span><\/td>\n<td style=\"text-align: center; vertical-align: middle;\">po\u010fakovanie za 20 rokov k\u0148azstva<\/td>\n<td style=\"text-align: center; vertical-align: middle;\"><\/td>\n<\/tr>\n<tr>\n<td style=\"text-align: center; vertical-align: middle;\">\u0160tvrtok 20.6.<\/td>\n<td style=\"text-align: center; vertical-align: middle;\"><span style=\"color: #000000;\">18:00<\/span><\/td>\n<td style=\"text-align: center; vertical-align: middle;\"><span style=\"color: #808000;\"><span style=\"color: #008000;\">\u0160tvrtok 11. t\u00fd\u017ed\u0148a v Cezro\u010dnom obdob\u00ed<\/span><\/span><\/td>\n<td style=\"text-align: center; vertical-align: middle;\">+ Vendel\u00edn a rodi\u010dia<\/td>\n<td style=\"text-align: center; vertical-align: middle;\">Ador\u00e1cia od 17:30<\/td>\n<\/tr>\n<tr>\n<td style=\"text-align: center; vertical-align: middle;\">Piatok 21.6.<\/td>\n<td style=\"text-align: center; vertical-align: middle;\">18:00<\/td>\n<td style=\"text-align: center; vertical-align: middle;\"><span style=\"color: #808000;\">Sv\u00e4t\u00e9ho Alojza Gonz\u00e1gu, reho\u013en\u00edka<\/span><\/p>\n<p><span style=\"color: #808000;\">spomienka<\/span><\/td>\n<td style=\"text-align: center; vertical-align: middle;\">+ z rodiny<\/td>\n<td style=\"text-align: center; vertical-align: middle;\"><\/td>\n<\/tr>\n<tr>\n<td style=\"text-align: center; vertical-align: middle;\">Sobota 22.6.<\/td>\n<td style=\"text-align: center; vertical-align: middle;\">8:00<\/td>\n<td style=\"text-align: center; vertical-align: middle;\"><span style=\"color: #0000ff;\">Preblahoslavenej Panny M\u00e1rie v sobotu<\/span><\/p>\n<p><span style=\"color: #0000ff;\">\u013eubovo\u013en\u00e1 spomienka<\/span><\/td>\n<td style=\"text-align: center; vertical-align: middle;\">za zdravie a Bo\u017eie po\u017eehnanie Ivety<br \/>\npri \u017eivotnom jubileu a\u00a0cel\u00fa rodinu<\/td>\n<td style=\"text-align: center; vertical-align: middle;\"><\/td>\n<\/tr>\n<tr>\n<td style=\"text-align: center; vertical-align: middle;\"><strong>Nede\u013ea 23.6.<\/strong><\/td>\n<td style=\"text-align: center; vertical-align: middle;\">7:00<\/p>\n<p><strong>8:15<\/strong><\/p>\n<p>9:45<\/td>\n<td style=\"text-align: center; vertical-align: middle;\"><span style=\"color: #008000;\"><strong>12. nede\u013ea v Cezro\u010dnom obdob\u00ed<\/strong><\/span><\/td>\n<td style=\"text-align: center; vertical-align: middle;\">+ Helena Harmatov\u00e1<\/p>\n<p><strong>Bodice:<\/strong> na \u00famysel<\/p>\n<p>za veriacich<\/td>\n<td style=\"text-align: center; vertical-align: middle;\"><\/td>\n<\/tr>\n<\/tbody>\n<\/table>\n<\/div>\n<ul>\n<li>poz\u00fdvame V\u00e1s na <strong>Farsk\u00fd de\u0148 rodiny spojen\u00fd s po\u017eehnan\u00edm kr\u00ed\u017eovej cesty<\/strong>. V nede\u013eu 16.06.2024 o 9:45 bude sv. om\u0161a spojen\u00e1 s po\u017eehnan\u00edm kr\u00ed\u017eovej cesty. Potom V\u00e1s poz\u00fdvame na posedenie pri fare \u2013 gu\u013e\u00e1\u0161, program pre deti&#8230; Pr\u00ed\u010fte, aby sme aj takto mohli budova\u0165 farsk\u00e9 spolo\u010denstvo. V\u0161etci ste v\u00edtan\u00ed.<\/li>\n<li>na kr\u00ed\u017eov\u00fa cestu Bohuzn\u00e1mi darovali 100, 700, 100, 500 \u20ac. V zbierke na kr\u00ed\u017eov\u00fa cestu v Pal\u00fadzke ste prispeli 785 \u20ac. Na opravu kostola v Bodiciach 380 \u20ac. P\u00e1n Boh zapla\u0165 a po\u017eehnaj v\u0161etk\u00fdch \u0161tedr\u00fdch darcov.<\/li>\n<li>ve\u013emi pekne \u010fakujem p\u00e1novi rezb\u00e1rovi Tom\u00e1\u0161ovi Lajmonovi za n\u00e1dhern\u00e9 dielo kr\u00ed\u017eovej cesty.<\/li>\n<li>o upratovanie kostola pros\u00edm rodiny Hri\u010d\u00e1kov\u00fa, Dia\u010dikov\u00fa, Korman\u00edkov\u00fa a S\u00e1lusov\u00fa. Upratovanie bude v sobotu. P\u00e1n Boh zapla\u0165 za slu\u017ebu.<\/li>\n<\/ul>\n","protected":false},"excerpt":{"rendered":"<p>De\u0148 \u010cas Liturgick\u00fd kalend\u00e1r \u00damysel O\u010dak\u00e1vame Nede\u013ea 16.6. 8:15 9:45 11. nede\u013ea v Cezro\u010dnom obdob\u00ed Bodice: na \u00famysel za dobrodincov kr\u00ed\u017eovej cesty Po\u017eehnanie kr\u00ed\u017eovej cesty spojen\u00e9 s Farsk\u00fdm d\u0148om De\u0148 otcov Pondelok 17.6. 18:00 Pondelok 11. t\u00fd\u017ed\u0148a v Cezro\u010dnom obdob\u00ed + z rodiny Urbanovej a Mati\u0161t\u00edkovej Utorok 18.6. 18:00 Utorok 11. t\u00fd\u017ed\u0148a v Cezro\u010dnom obdob\u00ed [&hellip;]<\/p>\n","protected":false},"author":1,"featured_media":0,"comment_status":"closed","ping_status":"closed","sticky":false,"template":"","format":"standard","meta":{"_links_to":"","_links_to_target":""},"categories":[4,19],"tags":[],"_links":{"self":[{"href":"http:\/\/www.paludzka.fara.sk\/index.php?rest_route=\/wp\/v2\/posts\/4592"}],"collection":[{"href":"http:\/\/www.paludzka.fara.sk\/index.php?rest_route=\/wp\/v2\/posts"}],"about":[{"href":"http:\/\/www.paludzka.fara.sk\/index.php?rest_route=\/wp\/v2\/types\/post"}],"author":[{"embeddable":true,"href":"http:\/\/www.paludzka.fara.sk\/index.php?rest_route=\/wp\/v2\/users\/1"}],"replies":[{"embeddable":true,"href":"http:\/\/www.paludzka.fara.sk\/index.php?rest_route=%2Fwp%2Fv2%2Fcomments&post=4592"}],"version-history":[{"count":1,"href":"http:\/\/www.paludzka.fara.sk\/index.php?rest_route=\/wp\/v2\/posts\/4592\/revisions"}],"predecessor-version":[{"id":4594,"href":"http:\/\/www.paludzka.fara.sk\/index.php?rest_route=\/wp\/v2\/posts\/4592\/revisions\/4594"}],"wp:attachment":[{"href":"http:\/\/www.paludzka.fara.sk\/index.php?rest_route=%2Fwp%2Fv2%2Fmedia&parent=4592"}],"wp:term":[{"taxonomy":"category","embeddable":true,"href":"http:\/\/www.paludzka.fara.sk\/index.php?rest_route=%2Fwp%2Fv2%2Fcategories&post=4592"},{"taxonomy":"post_tag","embeddable":true,"href":"http:\/\/www.paludzka.fara.sk\/index.php?rest_route=%2Fwp%2Fv2%2Ftags&post=4592"}],"curies":[{"name":"wp","href":"https:\/\/api.w.org\/{rel}","templated":true}]}}