
{"id":4508,"date":"2024-06-02T00:00:51","date_gmt":"2024-06-01T22:00:51","guid":{"rendered":"http:\/\/www.paludzka.fara.sk\/?p=4508"},"modified":"2024-06-01T16:13:01","modified_gmt":"2024-06-01T14:13:01","slug":"farske-oznamy-2-6-9-6-2024","status":"publish","type":"post","link":"http:\/\/www.paludzka.fara.sk\/?p=4508","title":{"rendered":"Farsk\u00e9 oznamy 2.6.-9.6.2024"},"content":{"rendered":"<div class=\"table-responsive\">\n<table class=\"table table-bordered\">\n<thead>\n<tr>\n<th style=\"text-align: center; vertical-align: middle;\">De\u0148<\/th>\n<th style=\"text-align: center; vertical-align: middle;\">\u010cas<\/th>\n<th style=\"text-align: center; vertical-align: middle;\">Liturgick\u00fd kalend\u00e1r<\/th>\n<th style=\"text-align: center; vertical-align: middle;\">\u00damysel<\/th>\n<th style=\"text-align: center; vertical-align: middle;\">O\u010dak\u00e1vame<\/th>\n<\/tr>\n<\/thead>\n<tbody>\n<tr>\n<td style=\"text-align: center; vertical-align: middle;\"><strong>Nede\u013ea 2.6.<\/strong><\/td>\n<td style=\"text-align: center; vertical-align: middle;\">7:00<\/p>\n<p><strong>8:15<\/strong><\/p>\n<p><span style=\"color: #ff0000;\">10:00<\/span><\/td>\n<td style=\"text-align: center; vertical-align: middle;\"><span style=\"color: #008000;\"><strong>9. nede\u013ea v Cezro\u010dnom obdob\u00ed<\/strong><\/span><\/p>\n<p>&nbsp;<\/p>\n<p><span style=\"color: #000000;\"><strong>Sl\u00e1vnos\u0165 1. sv\u00e4t\u00e9ho prij\u00edmania<\/strong><\/span><\/td>\n<td style=\"text-align: center; vertical-align: middle;\">za veriacich<\/p>\n<p><strong>Bodice:<\/strong> na \u00famysel<\/p>\n<p>za prvoprij\u00edmaj\u00face deti a ich rodi\u010dov<\/td>\n<td style=\"text-align: center; vertical-align: middle;\"><\/td>\n<\/tr>\n<tr>\n<td style=\"text-align: center; vertical-align: middle;\">Pondelok 3.6.<\/td>\n<td style=\"text-align: center; vertical-align: middle;\"><span style=\"color: #000000;\">18:00<\/span><\/td>\n<td style=\"text-align: center; vertical-align: middle;\"><span style=\"color: #ff0000;\">Sv\u00e4t\u00fdch Karola Lwangu a spolo\u010dn\u00edkov, mu\u010den\u00edkov<\/span><\/p>\n<p><span style=\"color: #ff0000;\">spomienka<\/span><\/td>\n<td style=\"text-align: center; vertical-align: middle;\">za dary Ducha Sv\u00e4t\u00e9ho, Bo\u017eiu pomoc a\u00a0ochranu pre deti<\/td>\n<td style=\"text-align: center; vertical-align: middle;\">Sv. zmierenia od 17:30<\/td>\n<\/tr>\n<tr>\n<td style=\"text-align: center; vertical-align: middle;\">Utorok 4.6.<\/td>\n<td style=\"text-align: center; vertical-align: middle;\"><span style=\"color: #000000;\">18:00<\/span><\/td>\n<td style=\"text-align: center; vertical-align: middle;\"><span style=\"color: #008000;\">Utorok 9. t\u00fd\u017ed\u0148a v Cezro\u010dnom obdob\u00ed<\/span><\/td>\n<td style=\"text-align: center; vertical-align: middle;\">za deti<\/td>\n<td style=\"text-align: center; vertical-align: middle;\">Sv. zmierenia od 17:30<\/td>\n<\/tr>\n<tr>\n<td style=\"text-align: center; vertical-align: middle;\">Streda 5.6.<\/td>\n<td style=\"text-align: center; vertical-align: middle;\">7:00<\/td>\n<td style=\"text-align: center; vertical-align: middle;\"><span style=\"color: #ff0000;\">Sv\u00e4t\u00e9ho Bonif\u00e1ca, biskupa a mu\u010den\u00edka<\/span><\/p>\n<p><span style=\"color: #ff0000;\">spomienka<\/span><\/td>\n<td style=\"text-align: center; vertical-align: middle;\">za zdravie a pokoj pre dc\u00e9ru vnu\u010dku<\/td>\n<td style=\"text-align: center; vertical-align: middle;\"><\/td>\n<\/tr>\n<tr>\n<td style=\"text-align: center; vertical-align: middle;\">\u0160tvrtok 6.6.<\/td>\n<td style=\"text-align: center; vertical-align: middle;\"><span style=\"color: #000000;\">18:00<\/span><\/td>\n<td style=\"text-align: center; vertical-align: middle;\"><span style=\"color: #008000;\">\u0160tvrtok 9. t\u00fd\u017ed\u0148a v Cezro\u010dnom obdob\u00ed<\/span><\/p>\n<p><span style=\"color: #808000;\">Ve\u010dern\u00e1 sv. om\u0161a je z nasleduj\u00facej sl\u00e1vnosti<\/span><\/td>\n<td style=\"text-align: center; vertical-align: middle;\">za Bo\u017eiu pomoc v chorobe<br \/>\npre J\u00e1na a Bo\u017eenu<\/td>\n<td style=\"text-align: center; vertical-align: middle;\"><strong>Ador\u00e1cia od 17:15<\/strong><\/p>\n<p><strong>De\u0148 modlitieb za duchovn\u00e9 povolania<\/strong><\/p>\n<p>Sv. zmierenia od 17:15<\/td>\n<\/tr>\n<tr>\n<td style=\"text-align: center; vertical-align: middle;\">Piatok 7.6.<\/td>\n<td style=\"text-align: center; vertical-align: middle;\"><strong>17:00<\/strong><\/p>\n<p><span style=\"color: #000000;\">18:00<\/span><\/td>\n<td style=\"text-align: center; vertical-align: middle;\"><span style=\"color: #808000;\">Najsv\u00e4tej\u0161ieho Srdca Je\u017ei\u0161ovho<\/span><\/p>\n<p><span style=\"color: #808000;\">sl\u00e1vnos\u0165<\/span><\/p>\n<p><span style=\"color: #ff0000;\">Prv\u00fd piatok<\/span><\/td>\n<td style=\"text-align: center; vertical-align: middle;\"><strong>Bodice:<\/strong> na \u00famysel<\/p>\n<p>za zdravie a Bo\u017eie po\u017eehnanie<br \/>\npre rodinu darcu<\/td>\n<td style=\"text-align: center; vertical-align: middle;\">N\u00e1v\u0161teva chor\u00fdch od 8:00<\/p>\n<p><strong>Bodice:<\/strong> sv. zmierenia od 17:15<\/p>\n<p>Odprosuj\u00faca pobo\u017enos\u0165. Najmil\u0161\u00ed Je\u017ei\u0161u &#8211; \u00fapln\u00e9 odpustky.<\/p>\n<p>Svetov\u00fd de\u0148 za posv\u00e4covanie k\u0148azov<\/td>\n<\/tr>\n<tr>\n<td style=\"text-align: center; vertical-align: middle;\">Sobota 8.6.<\/td>\n<td style=\"text-align: center; vertical-align: middle;\">8:00<\/td>\n<td style=\"text-align: center; vertical-align: middle;\"><span style=\"color: #0000ff;\">Nepo\u0161kvrnen\u00e9ho Srdca preblahoslavenej Panny M\u00e1rie<\/span><\/p>\n<p><span style=\"color: #0000ff;\">spomienka<\/span><\/td>\n<td style=\"text-align: center; vertical-align: middle;\">za zdravie Alojza jeho det\u00ed a vn\u00fa\u010dat<\/td>\n<td style=\"text-align: center; vertical-align: middle;\"><\/td>\n<\/tr>\n<tr>\n<td style=\"text-align: center; vertical-align: middle;\"><strong>Nede\u013ea 9.6.<\/strong><\/td>\n<td style=\"text-align: center; vertical-align: middle;\">7:00<\/p>\n<p><strong>8:15<\/strong><\/p>\n<p>9:45<\/td>\n<td style=\"text-align: center; vertical-align: middle;\"><span style=\"color: #008000;\"><strong>10. nede\u013ea v Cezro\u010dnom obdob\u00ed<\/strong><\/span><\/td>\n<td style=\"text-align: center; vertical-align: middle;\">za zdravie a Bo\u017eie po\u017eehnanie<br \/>\npre rodinu Gondov\u00fa<strong>Bodice:<\/strong> na \u00famysel<\/p>\n<p>+ Ivan<\/td>\n<td style=\"text-align: center; vertical-align: middle;\">Zbierka<br \/>\nPal\u00fadzka: na kr\u00ed\u017eov\u00fa cestu<br \/>\nBodice: na opravu kostola<\/td>\n<\/tr>\n<\/tbody>\n<\/table>\n<\/div>\n<ul>\n<li>po kr\u00e1snej sl\u00e1vnosti prv\u00e9ho sv\u00e4t\u00e9ho prij\u00edmania poz\u00fdvame v\u0161etky prvoprij\u00edmaj\u00face deti na \u201eBiely t\u00fd\u017ede\u0148\u201c.<\/li>\n<li>v piatok po sv. om\u0161i bude stretnutie t\u00fdch, ktor\u00ed by boli ochotn\u00ed pom\u00f4c\u0165 pri pr\u00edprave s d\u0148om farnosti a po\u017eehnan\u00edm kr\u00ed\u017eovej cesty.<\/li>\n<li>po\u017eehnanie kr\u00ed\u017eovej cesty a de\u0148 farnosti pl\u00e1nujeme 16.6.2024. V\u0161etci ste srde\u010dne pozvan\u00ed.<\/li>\n<li>Bohuzn\u00e1ma na kostol v Bodiciach obetovala 100 \u20ac . P\u00e1n Boh zapla\u0165.<\/li>\n<li>na bud\u00facu nede\u013eu bude zbierka v Pal\u00fadzke na kr\u00ed\u017eov\u00fa cestu a v Bodiciach na opravu kostola. V\u0161etk\u00fdm darcom vopred P\u00e1n Boh zapla\u0165.<\/li>\n<li>o upratovanie kostola pros\u00edm rodiny Koh\u00fatov\u00fa, Vdovcov\u00fa, Bebkov\u00fa, Rybovi\u010dov\u00fa, \u0160e\u010fov\u00fa. Upratovanie bude v sobotu. P\u00e1n Boh zapla\u0165 za slu\u017ebu.<\/li>\n<\/ul>\n","protected":false},"excerpt":{"rendered":"<p>De\u0148 \u010cas Liturgick\u00fd kalend\u00e1r \u00damysel O\u010dak\u00e1vame Nede\u013ea 2.6. 7:00 8:15 10:00 9. nede\u013ea v Cezro\u010dnom obdob\u00ed &nbsp; Sl\u00e1vnos\u0165 1. sv\u00e4t\u00e9ho prij\u00edmania za veriacich Bodice: na \u00famysel za prvoprij\u00edmaj\u00face deti a ich rodi\u010dov Pondelok 3.6. 18:00 Sv\u00e4t\u00fdch Karola Lwangu a spolo\u010dn\u00edkov, mu\u010den\u00edkov spomienka za dary Ducha Sv\u00e4t\u00e9ho, Bo\u017eiu pomoc a\u00a0ochranu pre deti Sv. zmierenia od 17:30 [&hellip;]<\/p>\n","protected":false},"author":1,"featured_media":0,"comment_status":"closed","ping_status":"closed","sticky":false,"template":"","format":"standard","meta":{"_links_to":"","_links_to_target":""},"categories":[4,19],"tags":[],"_links":{"self":[{"href":"http:\/\/www.paludzka.fara.sk\/index.php?rest_route=\/wp\/v2\/posts\/4508"}],"collection":[{"href":"http:\/\/www.paludzka.fara.sk\/index.php?rest_route=\/wp\/v2\/posts"}],"about":[{"href":"http:\/\/www.paludzka.fara.sk\/index.php?rest_route=\/wp\/v2\/types\/post"}],"author":[{"embeddable":true,"href":"http:\/\/www.paludzka.fara.sk\/index.php?rest_route=\/wp\/v2\/users\/1"}],"replies":[{"embeddable":true,"href":"http:\/\/www.paludzka.fara.sk\/index.php?rest_route=%2Fwp%2Fv2%2Fcomments&post=4508"}],"version-history":[{"count":4,"href":"http:\/\/www.paludzka.fara.sk\/index.php?rest_route=\/wp\/v2\/posts\/4508\/revisions"}],"predecessor-version":[{"id":4528,"href":"http:\/\/www.paludzka.fara.sk\/index.php?rest_route=\/wp\/v2\/posts\/4508\/revisions\/4528"}],"wp:attachment":[{"href":"http:\/\/www.paludzka.fara.sk\/index.php?rest_route=%2Fwp%2Fv2%2Fmedia&parent=4508"}],"wp:term":[{"taxonomy":"category","embeddable":true,"href":"http:\/\/www.paludzka.fara.sk\/index.php?rest_route=%2Fwp%2Fv2%2Fcategories&post=4508"},{"taxonomy":"post_tag","embeddable":true,"href":"http:\/\/www.paludzka.fara.sk\/index.php?rest_route=%2Fwp%2Fv2%2Ftags&post=4508"}],"curies":[{"name":"wp","href":"https:\/\/api.w.org\/{rel}","templated":true}]}}