
{"id":445,"date":"2018-04-01T00:00:54","date_gmt":"2018-03-31T22:00:54","guid":{"rendered":"http:\/\/www.paludzka.fara.sk\/?p=445"},"modified":"2018-04-02T00:11:24","modified_gmt":"2018-04-01T22:11:24","slug":"farske-oznamy-1-4-8-4-2018","status":"publish","type":"post","link":"http:\/\/www.paludzka.fara.sk\/?p=445","title":{"rendered":"Farsk\u00e9 oznamy 1.4.-8.4.2018"},"content":{"rendered":"<h3 style=\"text-align: center;\">Liturgick\u00fd preh\u013ead a program bohoslu\u017eieb na t\u00fd\u017ede\u0148 1.4. &#8211; 8.4. 2018<\/h3>\n<p><strong>Oznamy pre farsk\u00fd kostol:<\/strong><\/p>\n<div class=\"table-responsive\">\n<table class=\"table table-bordered\">\n<thead>\n<tr>\n<th style=\"text-align: center;\">d\u00e1tum<\/th>\n<th style=\"text-align: center;\">sv. om\u0161a<\/th>\n<th style=\"text-align: center;\">liturgick\u00fd de\u0148<\/th>\n<th style=\"text-align: center;\">\u00famysel<\/th>\n<\/tr>\n<\/thead>\n<tbody>\n<tr>\n<td style=\"text-align: center;\"><strong>Nede\u013ea 1.4.<\/strong><\/td>\n<td style=\"text-align: center;\"><strong>9:30<\/strong><\/td>\n<td style=\"text-align: center;\"><strong>Ve\u013ekono\u010dn\u00e1 nede\u013ea P\u00e1novho zm\u0155tv\u00fdchvstania<\/strong><\/td>\n<td style=\"text-align: center;\"><strong>za farnos\u0165<\/strong><\/td>\n<\/tr>\n<tr>\n<td style=\"text-align: center;\">Pondelok 2.4.<\/td>\n<td style=\"text-align: center;\"><strong>9:30<\/strong><\/td>\n<td style=\"text-align: center;\">Pondelok vo Ve\u013ekono\u010dnej okt\u00e1ve<\/td>\n<td style=\"text-align: center;\">+ L\u00fddia<\/td>\n<\/tr>\n<tr>\n<td style=\"text-align: center;\">Utorok 3.4.<\/td>\n<td style=\"text-align: center;\">18:00<\/td>\n<td style=\"text-align: center;\">Utorok vo Ve\u013ekono\u010dnej okt\u00e1ve<\/td>\n<td style=\"text-align: center;\">+ Du\u0161an<\/td>\n<\/tr>\n<tr>\n<td style=\"text-align: center;\">Streda 4.4.<\/td>\n<td style=\"text-align: center;\">18:00<\/td>\n<td style=\"text-align: center;\">Streda vo Ve\u013ekono\u010dnej okt\u00e1ve<\/td>\n<td style=\"text-align: center;\">na \u00famysel<\/td>\n<\/tr>\n<tr>\n<td style=\"text-align: center;\">\u0160tvrtok 5.4.<\/td>\n<td style=\"text-align: center;\">07:00<\/td>\n<td style=\"text-align: center;\">\u0160tvrtok vo Ve\u013ekono\u010dnej okt\u00e1ve<\/td>\n<td style=\"text-align: center;\">na \u00famysel<\/td>\n<\/tr>\n<tr>\n<td style=\"text-align: center;\">Piatok 6.4.<\/td>\n<td style=\"text-align: center;\"><strong>17:00<\/strong><\/td>\n<td style=\"text-align: center;\">Piatok\u00a0vo Ve\u013ekono\u010dnej okt\u00e1ve<\/td>\n<td style=\"text-align: center;\">na \u00famysel<\/td>\n<\/tr>\n<tr>\n<td style=\"text-align: center;\">Sobota 7.4.<\/td>\n<td style=\"text-align: center;\">8:00<\/td>\n<td style=\"text-align: center;\">Sobota\u00a0vo Ve\u013ekono\u010dnej okt\u00e1ve<\/td>\n<td style=\"text-align: center;\">+ Celest\u00edn, Silvia a rodi\u010dia<\/td>\n<\/tr>\n<tr>\n<td style=\"text-align: center;\"><strong>Nede\u013ea 8.4.<\/strong><\/td>\n<td style=\"text-align: center;\"><strong>9:30<\/strong><\/td>\n<td style=\"text-align: center;\"><strong>Nede\u013ea Bo\u017eieho milosrdenstva<\/strong><\/td>\n<td style=\"text-align: center;\"><b>na \u00famysel celebranta<\/b><\/td>\n<\/tr>\n<\/tbody>\n<\/table>\n<\/div>\n<p><strong>Oznamy pre fili\u00e1lku Bodice:<\/strong><\/p>\n<div class=\"table-responsive\">\n<table class=\"table table-bordered\">\n<thead>\n<tr>\n<th style=\"text-align: center;\">d\u00e1tum<\/th>\n<th style=\"text-align: center;\">sv. om\u0161a<\/th>\n<th style=\"text-align: center;\">liturgick\u00fd de\u0148<\/th>\n<\/tr>\n<\/thead>\n<tbody>\n<tr>\n<td style=\"text-align: center;\"><strong>Nede\u013ea 1.4.<\/strong><\/td>\n<td style=\"text-align: center;\"><b>8:00<\/b><\/td>\n<td style=\"text-align: center;\"><strong>Ve\u013ekono\u010dn\u00e1 nede\u013ea P\u00e1novho zm\u0155tv\u00fdchvstania<\/strong><\/td>\n<\/tr>\n<tr>\n<td style=\"text-align: center;\">Pondelok 2.4.<\/td>\n<td style=\"text-align: center;\"><b>8:00<\/b><\/td>\n<td style=\"text-align: center;\">Pondelok vo Ve\u013ekono\u010dnej okt\u00e1ve<\/td>\n<\/tr>\n<tr>\n<td style=\"text-align: center;\"><strong>Nede\u013ea 8.4.<\/strong><\/td>\n<td style=\"text-align: center;\"><strong style=\"font-family: inherit; font-size: inherit;\">8:00<\/strong><\/td>\n<td style=\"text-align: center;\"><strong>Nede\u013ea Bo\u017eieho milosrdenstva<\/strong><\/td>\n<\/tr>\n<\/tbody>\n<\/table>\n<\/div>\n<ul>\n<li>oslavu Ve\u013ekono\u010dnej nedele zakon\u010d\u00edme pri sl\u00e1vnostn\u00fdch ve\u0161per\u00e1ch o 15:00<\/li>\n<li>spevokol det\u00ed bude ma\u0165 n\u00e1cvik v\u00a0utorok po sv\u00e4tej om\u0161i<\/li>\n<li>po\u010das sv\u00e4tej om\u0161e v\u00a0Nede\u013eu Bo\u017eieho milosrdenstva, bud\u00fa po\u017eehnan\u00e9 milostiv\u00e9 obrazy, ktor\u00e9 si m\u00f4\u017eete prinies\u0165<br \/>\ndo kostola<\/li>\n<li>v Nede\u013eu Bo\u017eieho milosrdenstva bude pobo\u017enos\u0165 k\u00a0Bo\u017eiemu Milosrdenstvu o 15:00<\/li>\n<li>upratovanie kostola v tomto t\u00fd\u017edni:\u00a0Ku\u010derov\u00e1, J\u00e1no\u0161\u00edkov\u00e1, Bellov\u00e1, Babjakov\u00e1. P\u00e1n Boh zapla\u0165 za v\u00e1\u0161 \u010das a obetu.<\/li>\n<\/ul>\n","protected":false},"excerpt":{"rendered":"<p>Liturgick\u00fd preh\u013ead a program bohoslu\u017eieb na t\u00fd\u017ede\u0148 1.4. &#8211; 8.4. 2018 Oznamy pre farsk\u00fd kostol: d\u00e1tum sv. om\u0161a liturgick\u00fd de\u0148 \u00famysel Nede\u013ea 1.4. 9:30 Ve\u013ekono\u010dn\u00e1 nede\u013ea P\u00e1novho zm\u0155tv\u00fdchvstania za farnos\u0165 Pondelok 2.4. 9:30 Pondelok vo Ve\u013ekono\u010dnej okt\u00e1ve + L\u00fddia Utorok 3.4. 18:00 Utorok vo Ve\u013ekono\u010dnej okt\u00e1ve + Du\u0161an Streda 4.4. 18:00 Streda vo Ve\u013ekono\u010dnej okt\u00e1ve [&hellip;]<\/p>\n","protected":false},"author":1,"featured_media":0,"comment_status":"open","ping_status":"open","sticky":false,"template":"","format":"standard","meta":{"_links_to":"","_links_to_target":""},"categories":[4,19],"tags":[],"_links":{"self":[{"href":"http:\/\/www.paludzka.fara.sk\/index.php?rest_route=\/wp\/v2\/posts\/445"}],"collection":[{"href":"http:\/\/www.paludzka.fara.sk\/index.php?rest_route=\/wp\/v2\/posts"}],"about":[{"href":"http:\/\/www.paludzka.fara.sk\/index.php?rest_route=\/wp\/v2\/types\/post"}],"author":[{"embeddable":true,"href":"http:\/\/www.paludzka.fara.sk\/index.php?rest_route=\/wp\/v2\/users\/1"}],"replies":[{"embeddable":true,"href":"http:\/\/www.paludzka.fara.sk\/index.php?rest_route=%2Fwp%2Fv2%2Fcomments&post=445"}],"version-history":[{"count":4,"href":"http:\/\/www.paludzka.fara.sk\/index.php?rest_route=\/wp\/v2\/posts\/445\/revisions"}],"predecessor-version":[{"id":449,"href":"http:\/\/www.paludzka.fara.sk\/index.php?rest_route=\/wp\/v2\/posts\/445\/revisions\/449"}],"wp:attachment":[{"href":"http:\/\/www.paludzka.fara.sk\/index.php?rest_route=%2Fwp%2Fv2%2Fmedia&parent=445"}],"wp:term":[{"taxonomy":"category","embeddable":true,"href":"http:\/\/www.paludzka.fara.sk\/index.php?rest_route=%2Fwp%2Fv2%2Fcategories&post=445"},{"taxonomy":"post_tag","embeddable":true,"href":"http:\/\/www.paludzka.fara.sk\/index.php?rest_route=%2Fwp%2Fv2%2Ftags&post=445"}],"curies":[{"name":"wp","href":"https:\/\/api.w.org\/{rel}","templated":true}]}}