
{"id":4439,"date":"2024-05-26T00:00:54","date_gmt":"2024-05-25T22:00:54","guid":{"rendered":"http:\/\/www.paludzka.fara.sk\/?p=4439"},"modified":"2024-05-25T23:36:57","modified_gmt":"2024-05-25T21:36:57","slug":"farske-oznamy-26-5-2-6-2024","status":"publish","type":"post","link":"http:\/\/www.paludzka.fara.sk\/?p=4439","title":{"rendered":"Farsk\u00e9 oznamy 26.5.-2.6.2024"},"content":{"rendered":"<div class=\"table-responsive\">\n<table class=\"table table-bordered\">\n<thead>\n<tr>\n<th style=\"text-align: center; vertical-align: middle;\">De\u0148<\/th>\n<th style=\"text-align: center; vertical-align: middle;\">\u010cas<\/th>\n<th style=\"text-align: center; vertical-align: middle;\">Liturgick\u00fd kalend\u00e1r<\/th>\n<th style=\"text-align: center; vertical-align: middle;\">\u00damysel<\/th>\n<th style=\"text-align: center; vertical-align: middle;\">O\u010dak\u00e1vame<\/th>\n<\/tr>\n<\/thead>\n<tbody>\n<tr>\n<td style=\"text-align: center; vertical-align: middle;\"><strong>Nede\u013ea 26.5.<\/strong><\/td>\n<td style=\"text-align: center; vertical-align: middle;\">7:00<\/p>\n<p><strong>8:15<\/strong><\/p>\n<p>9:45<\/td>\n<td style=\"text-align: center; vertical-align: middle;\"><strong><span style=\"color: #808000;\">Najsv\u00e4tej\u0161ej Trojice<\/span><\/strong><\/p>\n<p><span style=\"color: #808000;\">sl\u00e1vnos\u0165<\/span><\/td>\n<td style=\"text-align: center; vertical-align: middle;\">+ z rodiny \u0160amajov\u00fdch<\/p>\n<p><strong>Bodice:<\/strong> na \u00famysel<\/p>\n<p>za veriacic<span style=\"font-family: inherit; font-size: inherit;\">h<\/span><\/td>\n<td style=\"text-align: center; vertical-align: middle;\"><\/td>\n<\/tr>\n<tr>\n<td style=\"text-align: center; vertical-align: middle;\">Pondelok 27.5.<\/td>\n<td style=\"text-align: center; vertical-align: middle;\"><span style=\"color: #000000;\">18:00<\/span><\/td>\n<td style=\"text-align: center; vertical-align: middle;\"><span style=\"color: #008000;\">Pondelok 8. t\u00fd\u017ed\u0148a v Cezro\u010dnom obdob\u00ed<\/span><\/td>\n<td style=\"text-align: center; vertical-align: middle;\">za zdravie a Bo\u017eie po\u017eehnanie rodiny \u0160amajovej<\/td>\n<td style=\"text-align: center; vertical-align: middle;\"><\/td>\n<\/tr>\n<tr>\n<td style=\"text-align: center; vertical-align: middle;\">Utorok 28.5.<\/td>\n<td style=\"text-align: center; vertical-align: middle;\"><span style=\"color: #000000;\">18:00<\/span><\/td>\n<td style=\"text-align: center; vertical-align: middle;\"><span style=\"color: #008000;\">Utorok 8. t\u00fd\u017ed\u0148a v Cezro\u010dnom obdob\u00ed<\/span><\/td>\n<td style=\"text-align: center; vertical-align: middle;\">za zdravie a Bo\u017eie po\u017eehnanie pre Miroslavu<\/td>\n<td style=\"text-align: center; vertical-align: middle;\"><\/td>\n<\/tr>\n<tr>\n<td style=\"text-align: center; vertical-align: middle;\">Streda 29.5.<\/td>\n<td style=\"text-align: center; vertical-align: middle;\">7:00<\/td>\n<td style=\"text-align: center; vertical-align: middle;\"><span style=\"color: #808000;\">O Eucharistii<\/span><\/td>\n<td style=\"text-align: center; vertical-align: middle;\">za veriacich<\/td>\n<td style=\"text-align: center; vertical-align: middle;\">Farsk\u00e1 poklona Sviatosti Olt\u00e1rnej<br \/>\nod 13:30 \u2013 17:00<\/td>\n<\/tr>\n<tr>\n<td style=\"text-align: center; vertical-align: middle;\">\u0160tvrtok 30.5.<\/td>\n<td style=\"text-align: center; vertical-align: middle;\"><span style=\"color: #ff0000;\"><strong>16:30<\/strong><\/span><\/p>\n<p><span style=\"color: #000000;\">18:00<\/span><\/td>\n<td style=\"text-align: center; vertical-align: middle;\"><strong><span style=\"color: #808000;\">Najsv\u00e4tej\u0161ieho Kristovho Tela a Krvi<\/span><\/strong><\/p>\n<p><span style=\"color: #808000;\">sl\u00e1vnos\u0165<\/span><\/p>\n<p><strong><span style=\"color: #ff0000;\">Prik\u00e1zan\u00fd sviatok<\/span><\/strong><\/td>\n<td style=\"text-align: center; vertical-align: middle;\"><strong>Bodice:<\/strong> na \u00famysel<\/p>\n<p>+ Ondrej<\/td>\n<td style=\"text-align: center; vertical-align: middle;\"><span style=\"color: #ff0000;\">Eucharistick\u00e1 procesia a po\u017eehnanie<\/span><br \/>\n<span style=\"color: #ff0000;\">po sv. om\u0161i v\u00a0Pal\u00fadzke<\/span><\/p>\n<p>Za obvykl\u00fdch podmienok<br \/>\nje mo\u017en\u00e9 z\u00edska\u0165 \u00fapln\u00e9 odpustky<\/td>\n<\/tr>\n<tr>\n<td style=\"text-align: center; vertical-align: middle;\">Piatok 31.5.<\/td>\n<td style=\"text-align: center; vertical-align: middle;\"><span style=\"color: #000000;\">18:00<\/span><\/td>\n<td style=\"text-align: center; vertical-align: middle;\"><span style=\"color: #008000;\">Piatok 8. t\u00fd\u017ed\u0148a v Cezro\u010dnom obdob\u00ed<\/span><\/td>\n<td style=\"text-align: center; vertical-align: middle;\">za zdravie a Bo\u017eie po\u017eehnanie<br \/>\npre rodinu Kurcinov\u00fa<\/td>\n<td style=\"text-align: center; vertical-align: middle;\"><em>Sv. om\u0161a za \u00fa\u010dasti det\u00ed<\/em><\/p>\n<p><em>N\u00e1cvik na 1. sv. prij\u00edmanie po sv. om\u0161i<\/em><br \/>\n<em>Poz\u00fdvame deti a rodi\u010dov<\/em><\/td>\n<\/tr>\n<tr>\n<td style=\"text-align: center; vertical-align: middle;\">Sobota 1.6.<\/td>\n<td style=\"text-align: center; vertical-align: middle;\">8:00<\/td>\n<td style=\"text-align: center; vertical-align: middle;\"><span style=\"color: #0000ff;\">Preblahoslavenej Panny M\u00e1rie<\/span><\/td>\n<td style=\"text-align: center; vertical-align: middle;\">Za zdravie a\u00a0Bo\u017eie po\u017eehnanie pre<br \/>\nIvanu, Luk\u00e1\u0161a a\u00a0ich deti<\/td>\n<td style=\"text-align: center; vertical-align: middle;\">Fatimsk\u00e1 pobo\u017enos\u0165 o 7:30<\/p>\n<p><em>Sviatos\u0165 zmierenia prvoprij\u00edmaj\u00facich <\/em><br \/>\n<em>det\u00ed po sv. om\u0161i. Rodi\u010dia a pr\u00edbuzn\u00ed<\/em><br \/>\n<em>m\u00f4\u017eu pr\u00eds\u0165 v\u00a0t\u00fd\u017edni pred sv. om\u0161ami.<\/em><\/td>\n<\/tr>\n<tr>\n<td style=\"text-align: center; vertical-align: middle;\"><strong>Nede\u013ea 2.6.<\/strong><\/td>\n<td style=\"text-align: center; vertical-align: middle;\">7:00<\/p>\n<p><strong>8:15<\/strong><\/p>\n<p><span style=\"color: #ff0000;\">10:00<\/span><\/td>\n<td style=\"text-align: center; vertical-align: middle;\"><span style=\"color: #008000;\"><strong>9. nede\u013ea v Cezro\u010dnom obdob\u00ed<\/strong><\/span><\/p>\n<p>&nbsp;<\/p>\n<p><span style=\"color: #000000;\"><strong>Sl\u00e1vnos\u0165 1. sv\u00e4t\u00e9ho prij\u00edmania<\/strong><\/span><\/td>\n<td style=\"text-align: center; vertical-align: middle;\">za veriacich<\/p>\n<p><strong>Bodice:<\/strong> na \u00famysel<\/p>\n<p>za prvoprij\u00edmaj\u00face deti a ich rodi\u010dov<\/td>\n<td style=\"text-align: center; vertical-align: middle;\"><\/td>\n<\/tr>\n<\/tbody>\n<\/table>\n<\/div>\n<ul>\n<li>\u00famysly sv. om\u0161\u00ed na mesiac j\u00fan budem zapisova\u0165 v pondelok po sv. om\u0161i.<\/li>\n<li>srde\u010dn\u00e1 v\u010faka patr\u00ed v\u0161etk\u00fdm, ktor\u00ed boli vo \u0161tvrtok a aj v sobotu pom\u00f4c\u0165 pri upratovan\u00ed kostola po v\u00fdmene okien na ch\u00f3re farsk\u00e9ho kostola v Pal\u00fadzke.<\/li>\n<li>v stredu je v na\u0161ej farnosti farsk\u00e1 poklona Sviatosti olt\u00e1rnej od 13:30 do 17:00. N\u00e1jdime si \u010das na stretnutie so sviatostn\u00fdm Spasite\u013eom. Pros\u00edm, aby ste sa zap\u00edsali na poklonu.<\/li>\n<li>na konci sv. om\u0161e po\u010das prik\u00e1zan\u00e9ho sviatku Najsv\u00e4tej\u0161ieho Kristovho Tela a Krvi pl\u00e1nujeme v pr\u00edpade priazniv\u00e9ho po\u010dasia procesiu okolo kostola. Deti pros\u00edm, aby si pripravili lupienky kvetov, ktor\u00e9 bud\u00fa rozs\u00fdpa\u0165 P\u00e1nu Je\u017ei\u0161ovi po\u010das procesie.<\/li>\n<li>o upratovanie kostola pros\u00edm rodi\u010dov prvoprij\u00edmaj\u00facich rodi\u010dov. Upratovanie bude v sobotu. P\u00e1n Boh zapla\u0165 za slu\u017ebu.<\/li>\n<\/ul>\n","protected":false},"excerpt":{"rendered":"<p>De\u0148 \u010cas Liturgick\u00fd kalend\u00e1r \u00damysel O\u010dak\u00e1vame Nede\u013ea 26.5. 7:00 8:15 9:45 Najsv\u00e4tej\u0161ej Trojice sl\u00e1vnos\u0165 + z rodiny \u0160amajov\u00fdch Bodice: na \u00famysel za veriacich Pondelok 27.5. 18:00 Pondelok 8. t\u00fd\u017ed\u0148a v Cezro\u010dnom obdob\u00ed za zdravie a Bo\u017eie po\u017eehnanie rodiny \u0160amajovej Utorok 28.5. 18:00 Utorok 8. t\u00fd\u017ed\u0148a v Cezro\u010dnom obdob\u00ed za zdravie a Bo\u017eie po\u017eehnanie pre Miroslavu [&hellip;]<\/p>\n","protected":false},"author":1,"featured_media":0,"comment_status":"closed","ping_status":"closed","sticky":false,"template":"","format":"standard","meta":{"_links_to":"","_links_to_target":""},"categories":[4,19],"tags":[],"_links":{"self":[{"href":"http:\/\/www.paludzka.fara.sk\/index.php?rest_route=\/wp\/v2\/posts\/4439"}],"collection":[{"href":"http:\/\/www.paludzka.fara.sk\/index.php?rest_route=\/wp\/v2\/posts"}],"about":[{"href":"http:\/\/www.paludzka.fara.sk\/index.php?rest_route=\/wp\/v2\/types\/post"}],"author":[{"embeddable":true,"href":"http:\/\/www.paludzka.fara.sk\/index.php?rest_route=\/wp\/v2\/users\/1"}],"replies":[{"embeddable":true,"href":"http:\/\/www.paludzka.fara.sk\/index.php?rest_route=%2Fwp%2Fv2%2Fcomments&post=4439"}],"version-history":[{"count":2,"href":"http:\/\/www.paludzka.fara.sk\/index.php?rest_route=\/wp\/v2\/posts\/4439\/revisions"}],"predecessor-version":[{"id":4460,"href":"http:\/\/www.paludzka.fara.sk\/index.php?rest_route=\/wp\/v2\/posts\/4439\/revisions\/4460"}],"wp:attachment":[{"href":"http:\/\/www.paludzka.fara.sk\/index.php?rest_route=%2Fwp%2Fv2%2Fmedia&parent=4439"}],"wp:term":[{"taxonomy":"category","embeddable":true,"href":"http:\/\/www.paludzka.fara.sk\/index.php?rest_route=%2Fwp%2Fv2%2Fcategories&post=4439"},{"taxonomy":"post_tag","embeddable":true,"href":"http:\/\/www.paludzka.fara.sk\/index.php?rest_route=%2Fwp%2Fv2%2Ftags&post=4439"}],"curies":[{"name":"wp","href":"https:\/\/api.w.org\/{rel}","templated":true}]}}