
{"id":4412,"date":"2024-05-19T00:00:09","date_gmt":"2024-05-18T22:00:09","guid":{"rendered":"http:\/\/www.paludzka.fara.sk\/?p=4412"},"modified":"2024-05-19T12:47:31","modified_gmt":"2024-05-19T10:47:31","slug":"farske-oznamy-19-5-26-5-2024","status":"publish","type":"post","link":"http:\/\/www.paludzka.fara.sk\/?p=4412","title":{"rendered":"Farsk\u00e9 oznamy 19.5.-26.5.2024"},"content":{"rendered":"<div class=\"table-responsive\">\n<table class=\"table table-bordered\">\n<thead>\n<tr>\n<th style=\"text-align: center; vertical-align: middle;\">De\u0148<\/th>\n<th style=\"text-align: center; vertical-align: middle;\">\u010cas<\/th>\n<th style=\"text-align: center; vertical-align: middle;\">Liturgick\u00fd kalend\u00e1r<\/th>\n<th style=\"text-align: center; vertical-align: middle;\">\u00damysel<\/th>\n<th style=\"text-align: center; vertical-align: middle;\">O\u010dak\u00e1vame<\/th>\n<\/tr>\n<\/thead>\n<tbody>\n<tr>\n<td style=\"text-align: center; vertical-align: middle;\"><strong>Nede\u013ea 19.5.<\/strong><\/td>\n<td style=\"text-align: center; vertical-align: middle;\">7:00<\/p>\n<p><strong>8:15<\/strong><\/p>\n<p>9:45<\/td>\n<td style=\"text-align: center; vertical-align: middle;\"><strong><span style=\"color: #ff0000;\">Zoslanie Ducha Sv\u00e4t\u00e9ho<\/span><\/strong><\/p>\n<p><span style=\"color: #ff0000;\">sl\u00e1vnos\u0165<\/span><\/td>\n<td style=\"text-align: center; vertical-align: middle;\">za dary Ducha Sv\u00e4t\u00e9ho pre maturanta<\/p>\n<p><strong>Bodice:<\/strong> na \u00famysel<\/p>\n<p>za veriacich<\/td>\n<td style=\"text-align: center; vertical-align: middle;\">\u00dapln\u00e9 odpustky pri speve hymnu<br \/>\nPr\u00ed\u010f, Duchu Sv\u00e4t\u00fd, tvoriv\u00fd<\/td>\n<\/tr>\n<tr>\n<td style=\"text-align: center; vertical-align: middle;\">Pondelok 20.5.<\/td>\n<td style=\"text-align: center; vertical-align: middle;\"><span style=\"color: #000000;\">18:00<\/span><\/td>\n<td style=\"text-align: center; vertical-align: middle;\"><span style=\"color: #0000ff;\">Preblahoslavenej Panny M\u00e1rie, Matky Cirkvi<\/span><\/p>\n<p><span style=\"color: #0000ff;\">spomienka<\/span><\/td>\n<td style=\"text-align: center; vertical-align: middle;\">+ Jozef<\/td>\n<td style=\"text-align: center; vertical-align: middle;\"><\/td>\n<\/tr>\n<tr>\n<td style=\"text-align: center; vertical-align: middle;\">Utorok 21.5.<\/td>\n<td style=\"text-align: center; vertical-align: middle;\"><span style=\"color: #000000;\">18:00<\/span><\/td>\n<td style=\"text-align: center; vertical-align: middle;\"><span style=\"color: #008000;\">Utorok 7. t\u00fd\u017ed\u0148a v Cezro\u010dnom obdob\u00ed<\/span><\/td>\n<td style=\"text-align: center; vertical-align: middle;\">za zdravie a Bo\u017eie po\u017eehnanie<br \/>\nMichala a Martina<\/td>\n<td style=\"text-align: center; vertical-align: middle;\"><\/td>\n<\/tr>\n<tr>\n<td style=\"text-align: center; vertical-align: middle;\">Streda 22.5.<\/td>\n<td style=\"text-align: center; vertical-align: middle;\">7:00<\/td>\n<td style=\"text-align: center; vertical-align: middle;\"><span style=\"color: #008000;\">Streda 7. t\u00fd\u017ed\u0148a v Cezro\u010dnom obdob\u00ed<\/span><\/td>\n<td style=\"text-align: center; vertical-align: middle;\">za upevnenie viery pre deti a vn\u00fa\u010dat\u00e1<\/td>\n<td style=\"text-align: center; vertical-align: middle;\"><\/td>\n<\/tr>\n<tr>\n<td style=\"text-align: center; vertical-align: middle;\">\u0160tvrtok 23.5.<\/td>\n<td style=\"text-align: center; vertical-align: middle;\"><span style=\"color: #000000;\">18:00<\/span><\/td>\n<td style=\"text-align: center; vertical-align: middle;\"><span style=\"color: #808000;\">N\u00e1\u0161ho P\u00e1na Je\u017ei\u0161a Krista, najvy\u0161\u0161ieho a ve\u010dn\u00e9ho k\u0148aza<\/span><\/p>\n<p><span style=\"color: #808000;\">sviatok<\/span><\/td>\n<td style=\"text-align: center; vertical-align: middle;\">za zdravie a Bo\u017eie po\u017eehnanie pre matku<\/td>\n<td style=\"text-align: center; vertical-align: middle;\">Ador\u00e1cia za prvoprij\u00edmaj\u00face deti od 17:30<\/td>\n<\/tr>\n<tr>\n<td style=\"text-align: center; vertical-align: middle;\">Piatok 24.5.<\/td>\n<td style=\"text-align: center; vertical-align: middle;\"><span style=\"color: #000000;\">18:00<\/span><\/td>\n<td style=\"text-align: center; vertical-align: middle;\"><span style=\"color: #008000;\">Piatok 7. t\u00fd\u017ed\u0148a v Cezro\u010dnom obdob\u00ed<\/span><\/td>\n<td style=\"text-align: center; vertical-align: middle;\">za \u0161\u0165astn\u00e9 ukon\u010denie \u0161t\u00fadia vn\u00fa\u010dat<\/td>\n<td style=\"text-align: center; vertical-align: middle;\"><em>Sv. om\u0161a za \u00fa\u010dasti det\u00ed<\/em><\/p>\n<p><em>N\u00e1cvik na 1. sv. prij\u00edmanie po sv. om\u0161i<\/em><br \/>\n<em>Poz\u00fdvame deti a rodi\u010dov<\/em><\/td>\n<\/tr>\n<tr>\n<td style=\"text-align: center; vertical-align: middle;\">Sobota 25.5.<\/td>\n<td style=\"text-align: center; vertical-align: middle;\">8:00<\/td>\n<td style=\"text-align: center; vertical-align: middle;\"><span style=\"color: #0000ff;\">Preblahoslavenej Panny M\u00e1rie v sobotu<\/span><\/p>\n<p><span style=\"color: #0000ff;\">\u013eubovo\u013en\u00e1 spomienka<\/span><\/td>\n<td style=\"text-align: center; vertical-align: middle;\">+ Jozef, M\u00e1ria, Jozef a Al\u017ebeta<\/td>\n<td style=\"text-align: center; vertical-align: middle;\"><\/td>\n<\/tr>\n<tr>\n<td style=\"text-align: center; vertical-align: middle;\"><strong>Nede\u013ea 26.5.<\/strong><\/td>\n<td style=\"text-align: center; vertical-align: middle;\">7:00<\/p>\n<p><strong>8:15<\/strong><\/p>\n<p>9:45<\/td>\n<td style=\"text-align: center; vertical-align: middle;\"><span style=\"color: #808000;\">Najsv\u00e4tej\u0161ej Trojice<\/span><\/p>\n<p><span style=\"color: #808000;\">sl\u00e1vnos\u0165<\/span><\/td>\n<td style=\"text-align: center; vertical-align: middle;\">+ z rodiny \u0160amajov\u00fdch<\/p>\n<p><strong>Bodice:<\/strong> na \u00famysel<\/p>\n<p>za veriacich<\/td>\n<td style=\"text-align: center; vertical-align: middle;\"><\/td>\n<\/tr>\n<\/tbody>\n<\/table>\n<\/div>\n<ul>\n<li>dne\u0161nou nede\u013eou kon\u010d\u00edme Ve\u013ekono\u010dn\u00e9 obdobie. Od zajtra sa modl\u00edme modlitbu Anjel P\u00e1na.<\/li>\n<li>ve\u013ek\u00e1 v\u010faka patr\u00ed v\u0161etk\u00fdm, ktor\u00ed boli v\u010dera pom\u00f4c\u0165 pri upratovan\u00ed podkrovia farsk\u00e9ho kostola v Pal\u00fadzke. Urobilo sa ve\u013ea pr\u00e1ce. Pln\u00fd kontajner \u0161kridiel je toho dobr\u00fdm d\u00f4kazom. Nech v\u00e1s za to dobrotiv\u00fd Boh po\u017eehn\u00e1 a odmen\u00ed.<\/li>\n<li>v zbierke na katol\u00edcke masm\u00e9dia sme prispeli 245 \u20ac. P\u00e1n Boh zapla\u0165.<\/li>\n<li>Bohuzn\u00e1my na kostol obetoval 100 \u20ac. P\u00e1n Boh zapla\u0165.<\/li>\n<li>o upratovanie kostola pros\u00edm rodiny Badl\u00edkov\u00fa, Kuskov\u00fa, Plevov\u00fa, Tur\u010dinov\u00fa a Je\u017eov\u00fa. Upratovanie bude v sobotu. P\u00e1n Boh zapla\u0165 za slu\u017ebu.<\/li>\n<\/ul>\n","protected":false},"excerpt":{"rendered":"<p>De\u0148 \u010cas Liturgick\u00fd kalend\u00e1r \u00damysel O\u010dak\u00e1vame Nede\u013ea 19.5. 7:00 8:15 9:45 Zoslanie Ducha Sv\u00e4t\u00e9ho sl\u00e1vnos\u0165 za dary Ducha Sv\u00e4t\u00e9ho pre maturanta Bodice: na \u00famysel za veriacich \u00dapln\u00e9 odpustky pri speve hymnu Pr\u00ed\u010f, Duchu Sv\u00e4t\u00fd, tvoriv\u00fd Pondelok 20.5. 18:00 Preblahoslavenej Panny M\u00e1rie, Matky Cirkvi spomienka + Jozef Utorok 21.5. 18:00 Utorok 7. t\u00fd\u017ed\u0148a v Cezro\u010dnom obdob\u00ed [&hellip;]<\/p>\n","protected":false},"author":1,"featured_media":0,"comment_status":"closed","ping_status":"closed","sticky":false,"template":"","format":"standard","meta":{"_links_to":"","_links_to_target":""},"categories":[4,19],"tags":[],"_links":{"self":[{"href":"http:\/\/www.paludzka.fara.sk\/index.php?rest_route=\/wp\/v2\/posts\/4412"}],"collection":[{"href":"http:\/\/www.paludzka.fara.sk\/index.php?rest_route=\/wp\/v2\/posts"}],"about":[{"href":"http:\/\/www.paludzka.fara.sk\/index.php?rest_route=\/wp\/v2\/types\/post"}],"author":[{"embeddable":true,"href":"http:\/\/www.paludzka.fara.sk\/index.php?rest_route=\/wp\/v2\/users\/1"}],"replies":[{"embeddable":true,"href":"http:\/\/www.paludzka.fara.sk\/index.php?rest_route=%2Fwp%2Fv2%2Fcomments&post=4412"}],"version-history":[{"count":2,"href":"http:\/\/www.paludzka.fara.sk\/index.php?rest_route=\/wp\/v2\/posts\/4412\/revisions"}],"predecessor-version":[{"id":4415,"href":"http:\/\/www.paludzka.fara.sk\/index.php?rest_route=\/wp\/v2\/posts\/4412\/revisions\/4415"}],"wp:attachment":[{"href":"http:\/\/www.paludzka.fara.sk\/index.php?rest_route=%2Fwp%2Fv2%2Fmedia&parent=4412"}],"wp:term":[{"taxonomy":"category","embeddable":true,"href":"http:\/\/www.paludzka.fara.sk\/index.php?rest_route=%2Fwp%2Fv2%2Fcategories&post=4412"},{"taxonomy":"post_tag","embeddable":true,"href":"http:\/\/www.paludzka.fara.sk\/index.php?rest_route=%2Fwp%2Fv2%2Ftags&post=4412"}],"curies":[{"name":"wp","href":"https:\/\/api.w.org\/{rel}","templated":true}]}}